{"id":1705,"date":"2024-01-17T21:02:12","date_gmt":"2024-01-17T20:02:12","guid":{"rendered":"https:\/\/agora.xtec.cat\/ceipnarcismonturiol\/?p=1705"},"modified":"2024-01-17T21:02:12","modified_gmt":"2024-01-17T20:02:12","slug":"taller-sigues-tu-4t","status":"publish","type":"post","link":"https:\/\/agora.xtec.cat\/ceipnarcismonturiol\/general\/taller-sigues-tu-4t\/","title":{"rendered":"TALLER &#8220;SIGUES TU&#8221; &#8211; 4T"},"content":{"rendered":"<p><span style=\"font-weight: 400;\">Avui a 4t hem treballat les emocions dins el taller \u201cSigues tu\u201d. Hem apr\u00e8s a regular les nostres emocions per adquirir habilitats que ens permeten ser m\u00e9s amables i emp\u00e0tics amb els altres.<\/span><\/p>\n<p><a href=\"https:\/\/agora.xtec.cat\/ceipnarcismonturiol\/general\/taller-sigues-tu\/\"><img loading=\"lazy\" decoding=\"async\" class=\"wp-image-1706 aligncenter\" src=\"https:\/\/agora.xtec.cat\/ceipnarcismonturiol\/wp-content\/uploads\/usu821\/2024\/01\/Captura-de-pantalla-2024-01-17-a-las-20.59.42-1024x506.png\" alt=\"\" width=\"675\" height=\"334\" srcset=\"https:\/\/agora.xtec.cat\/ceipnarcismonturiol\/wp-content\/uploads\/usu821\/2024\/01\/Captura-de-pantalla-2024-01-17-a-las-20.59.42-1024x506.png 1024w, https:\/\/agora.xtec.cat\/ceipnarcismonturiol\/wp-content\/uploads\/usu821\/2024\/01\/Captura-de-pantalla-2024-01-17-a-las-20.59.42-300x148.png 300w, https:\/\/agora.xtec.cat\/ceipnarcismonturiol\/wp-content\/uploads\/usu821\/2024\/01\/Captura-de-pantalla-2024-01-17-a-las-20.59.42-768x379.png 768w, https:\/\/agora.xtec.cat\/ceipnarcismonturiol\/wp-content\/uploads\/usu821\/2024\/01\/Captura-de-pantalla-2024-01-17-a-las-20.59.42.png 1442w\" sizes=\"auto, (max-width: 675px) 100vw, 675px\" \/><\/a><\/p>\n<p><strong>Recordem que per visualitzar les imatges rebreu un \u201c<span class=\"hiddenSpellError\">Tok<\/span>App\u201d amb el codi per a accedir-hi.<\/strong><\/p>\n","protected":false},"excerpt":{"rendered":"<p>Avui a 4t hem treballat les emocions dins el taller \u201cSigues tu\u201d. Hem apr\u00e8s a regular les nostres emocions per adquirir habilitats que ens permeten ser m\u00e9s amables i emp\u00e0tics amb els altres.<br \/>\n<a href=\"https:\/\/agora.xtec.cat\/ceipnarcismonturiol\/general\/taller-sigues-tu\/\"><\/a><br \/>\nRecordem que per visualitzar les imatges rebreu un \u201cTokApp\u201d amb el codi&hellip;  <a href=\"https:\/\/agora.xtec.cat\/ceipnarcismonturiol\/general\/taller-sigues-tu-4t\/\" title=\"Read TALLER &#8220;SIGUES TU&#8221; &#8211; 4T\">Llegeix m\u00e9s\u00bb<\/a><\/p>\n","protected":false},"author":1,"featured_media":1706,"comment_status":"closed","ping_status":"closed","sticky":false,"template":"","format":"standard","meta":{"_bbp_topic_count":0,"_bbp_reply_count":0,"_bbp_total_topic_count":0,"_bbp_total_reply_count":0,"_bbp_voice_count":0,"_bbp_anonymous_reply_count":0,"_bbp_topic_count_hidden":0,"_bbp_reply_count_hidden":0,"_bbp_forum_subforum_count":0,"footnotes":""},"categories":[1,4,5],"tags":[],"class_list":["post-1705","post","type-post","status-publish","format-standard","has-post-thumbnail","hentry","category-general","category-portada","category-primaria"],"post_mailing_queue_ids":[],"_links":{"self":[{"href":"https:\/\/agora.xtec.cat\/ceipnarcismonturiol\/wp-json\/wp\/v2\/posts\/1705","targetHints":{"allow":["GET"]}}],"collection":[{"href":"https:\/\/agora.xtec.cat\/ceipnarcismonturiol\/wp-json\/wp\/v2\/posts"}],"about":[{"href":"https:\/\/agora.xtec.cat\/ceipnarcismonturiol\/wp-json\/wp\/v2\/types\/post"}],"author":[{"embeddable":true,"href":"https:\/\/agora.xtec.cat\/ceipnarcismonturiol\/wp-json\/wp\/v2\/users\/1"}],"replies":[{"embeddable":true,"href":"https:\/\/agora.xtec.cat\/ceipnarcismonturiol\/wp-json\/wp\/v2\/comments?post=1705"}],"version-history":[{"count":1,"href":"https:\/\/agora.xtec.cat\/ceipnarcismonturiol\/wp-json\/wp\/v2\/posts\/1705\/revisions"}],"predecessor-version":[{"id":1710,"href":"https:\/\/agora.xtec.cat\/ceipnarcismonturiol\/wp-json\/wp\/v2\/posts\/1705\/revisions\/1710"}],"wp:featuredmedia":[{"embeddable":true,"href":"https:\/\/agora.xtec.cat\/ceipnarcismonturiol\/wp-json\/wp\/v2\/media\/1706"}],"wp:attachment":[{"href":"https:\/\/agora.xtec.cat\/ceipnarcismonturiol\/wp-json\/wp\/v2\/media?parent=1705"}],"wp:term":[{"taxonomy":"category","embeddable":true,"href":"https:\/\/agora.xtec.cat\/ceipnarcismonturiol\/wp-json\/wp\/v2\/categories?post=1705"},{"taxonomy":"post_tag","embeddable":true,"href":"https:\/\/agora.xtec.cat\/ceipnarcismonturiol\/wp-json\/wp\/v2\/tags?post=1705"}],"curies":[{"name":"wp","href":"https:\/\/api.w.org\/{rel}","templated":true}]}}