{"id":1692,"date":"2023-12-21T14:06:11","date_gmt":"2023-12-21T13:06:11","guid":{"rendered":"https:\/\/agora.xtec.cat\/ceipnarcismonturiol\/?p=1692"},"modified":"2023-12-21T14:08:49","modified_gmt":"2023-12-21T13:08:49","slug":"cancons-de-nadal","status":"publish","type":"post","link":"https:\/\/agora.xtec.cat\/ceipnarcismonturiol\/general\/cancons-de-nadal\/","title":{"rendered":"CAN\u00c7ONS DE NADAL"},"content":{"rendered":"<p>Benvolgudes fam\u00edlies,<br \/>\nJa tenim aqu\u00ed el petit recull de v\u00eddeos i fotografies de les can\u00e7ons de Nadal que hem realitzat aquest any a l&#8217;escola. Tamb\u00e9 disposeu dels grans esmorzars i de les amistats invisibles d&#8217;enguany.<\/p>\n<p><a href=\"https:\/\/agora.xtec.cat\/ceipnarcismonturiol\/general\/cancons\/\"><img loading=\"lazy\" decoding=\"async\" class=\" wp-image-1695 aligncenter\" src=\"https:\/\/agora.xtec.cat\/ceipnarcismonturiol\/wp-content\/uploads\/usu821\/2023\/12\/Captura-de-pantalla-2023-12-21-a-las-14.03.00-1-1024x592.png\" alt=\"\" width=\"476\" height=\"275\" srcset=\"https:\/\/agora.xtec.cat\/ceipnarcismonturiol\/wp-content\/uploads\/usu821\/2023\/12\/Captura-de-pantalla-2023-12-21-a-las-14.03.00-1-1024x592.png 1024w, https:\/\/agora.xtec.cat\/ceipnarcismonturiol\/wp-content\/uploads\/usu821\/2023\/12\/Captura-de-pantalla-2023-12-21-a-las-14.03.00-1-300x173.png 300w, https:\/\/agora.xtec.cat\/ceipnarcismonturiol\/wp-content\/uploads\/usu821\/2023\/12\/Captura-de-pantalla-2023-12-21-a-las-14.03.00-1-768x444.png 768w, https:\/\/agora.xtec.cat\/ceipnarcismonturiol\/wp-content\/uploads\/usu821\/2023\/12\/Captura-de-pantalla-2023-12-21-a-las-14.03.00-1-1536x888.png 1536w, https:\/\/agora.xtec.cat\/ceipnarcismonturiol\/wp-content\/uploads\/usu821\/2023\/12\/Captura-de-pantalla-2023-12-21-a-las-14.03.00-1.png 1906w\" sizes=\"auto, (max-width: 476px) 100vw, 476px\" \/><\/a><\/p>\n<p><strong>Recordem que per visualitzar les imatges rebreu un \u201c<span class=\"hiddenSpellError\">Tok<\/span>App\u201d amb el codi per a accedir-hi.<\/strong><\/p>\n","protected":false},"excerpt":{"rendered":"<p>Benvolgudes fam\u00edlies,<br \/>\nJa tenim aqu\u00ed el petit recull de v\u00eddeos i fotografies de les can\u00e7ons de Nadal que hem realitzat aquest any a l&#8217;escola. Tamb\u00e9 disposeu dels grans esmorzars i de les amistats invisibles d&#8217;enguany.<br \/>\n<a href=\"https:\/\/agora.xtec.cat\/ceipnarcismonturiol\/general\/cancons\/\"><\/a><br \/>\nRecordem que per visualitzar les imatges rebreu un \u201cTokApp\u201d amb el&hellip;  <a href=\"https:\/\/agora.xtec.cat\/ceipnarcismonturiol\/general\/cancons-de-nadal\/\" title=\"Read CAN\u00c7ONS DE NADAL\">Llegeix m\u00e9s\u00bb<\/a><\/p>\n","protected":false},"author":1,"featured_media":1695,"comment_status":"closed","ping_status":"closed","sticky":false,"template":"","format":"standard","meta":{"_bbp_topic_count":0,"_bbp_reply_count":0,"_bbp_total_topic_count":0,"_bbp_total_reply_count":0,"_bbp_voice_count":0,"_bbp_anonymous_reply_count":0,"_bbp_topic_count_hidden":0,"_bbp_reply_count_hidden":0,"_bbp_forum_subforum_count":0,"footnotes":""},"categories":[1,2,4,5],"tags":[],"class_list":["post-1692","post","type-post","status-publish","format-standard","has-post-thumbnail","hentry","category-general","category-infantil","category-portada","category-primaria"],"post_mailing_queue_ids":[],"_links":{"self":[{"href":"https:\/\/agora.xtec.cat\/ceipnarcismonturiol\/wp-json\/wp\/v2\/posts\/1692","targetHints":{"allow":["GET"]}}],"collection":[{"href":"https:\/\/agora.xtec.cat\/ceipnarcismonturiol\/wp-json\/wp\/v2\/posts"}],"about":[{"href":"https:\/\/agora.xtec.cat\/ceipnarcismonturiol\/wp-json\/wp\/v2\/types\/post"}],"author":[{"embeddable":true,"href":"https:\/\/agora.xtec.cat\/ceipnarcismonturiol\/wp-json\/wp\/v2\/users\/1"}],"replies":[{"embeddable":true,"href":"https:\/\/agora.xtec.cat\/ceipnarcismonturiol\/wp-json\/wp\/v2\/comments?post=1692"}],"version-history":[{"count":2,"href":"https:\/\/agora.xtec.cat\/ceipnarcismonturiol\/wp-json\/wp\/v2\/posts\/1692\/revisions"}],"predecessor-version":[{"id":1699,"href":"https:\/\/agora.xtec.cat\/ceipnarcismonturiol\/wp-json\/wp\/v2\/posts\/1692\/revisions\/1699"}],"wp:featuredmedia":[{"embeddable":true,"href":"https:\/\/agora.xtec.cat\/ceipnarcismonturiol\/wp-json\/wp\/v2\/media\/1695"}],"wp:attachment":[{"href":"https:\/\/agora.xtec.cat\/ceipnarcismonturiol\/wp-json\/wp\/v2\/media?parent=1692"}],"wp:term":[{"taxonomy":"category","embeddable":true,"href":"https:\/\/agora.xtec.cat\/ceipnarcismonturiol\/wp-json\/wp\/v2\/categories?post=1692"},{"taxonomy":"post_tag","embeddable":true,"href":"https:\/\/agora.xtec.cat\/ceipnarcismonturiol\/wp-json\/wp\/v2\/tags?post=1692"}],"curies":[{"name":"wp","href":"https:\/\/api.w.org\/{rel}","templated":true}]}}