{"id":1685,"date":"2023-12-19T18:42:28","date_gmt":"2023-12-19T17:42:28","guid":{"rendered":"https:\/\/agora.xtec.cat\/ceipnarcismonturiol\/?p=1685"},"modified":"2023-12-19T18:44:19","modified_gmt":"2023-12-19T17:44:19","slug":"els-patges-reials-i-el-tio-infantil-i-ci","status":"publish","type":"post","link":"https:\/\/agora.xtec.cat\/ceipnarcismonturiol\/general\/els-patges-reials-i-el-tio-infantil-i-ci\/","title":{"rendered":"ELS PATGES REIALS I EL TI\u00d3! &#8211; INFANTIL I CI"},"content":{"rendered":"<p>Avui han vingut a l&#8217;escola els Patges Reials a recollir les cartes de l&#8217;alumnat del centre. L&#8217;AFA ha muntat una magn\u00edfica carpa al pati per donar-los la benvinguda i els nens i nenes els han obsequiat amb poemes i nadales.\u00a0Esperem que, despr\u00e9s d&#8217;aquesta gran rebuda, els portin molts regalets.<\/p>\n<p>A m\u00e9s a m\u00e9s, infantil i inicial han fet cagar el ti\u00f3!, voleu veure qu\u00e8 els hi ha dut?<\/p>\n<p><a href=\"https:\/\/agora.xtec.cat\/ceipnarcismonturiol\/general\/els-patges-reials-i-el-tio\/\"><img loading=\"lazy\" decoding=\"async\" class=\" wp-image-1687 aligncenter\" src=\"https:\/\/agora.xtec.cat\/ceipnarcismonturiol\/wp-content\/uploads\/usu821\/2023\/12\/captura.jpg\" alt=\"\" width=\"679\" height=\"366\" srcset=\"https:\/\/agora.xtec.cat\/ceipnarcismonturiol\/wp-content\/uploads\/usu821\/2023\/12\/captura.jpg 937w, https:\/\/agora.xtec.cat\/ceipnarcismonturiol\/wp-content\/uploads\/usu821\/2023\/12\/captura-300x162.jpg 300w, https:\/\/agora.xtec.cat\/ceipnarcismonturiol\/wp-content\/uploads\/usu821\/2023\/12\/captura-768x414.jpg 768w\" sizes=\"auto, (max-width: 679px) 100vw, 679px\" \/><\/a><\/p>\n<p><strong>Recordem que per visualitzar les imatges rebreu un \u201c<span class=\"hiddenSpellError\">Tok<\/span>App\u201d amb el codi per a accedir-hi.<\/strong><\/p>\n","protected":false},"excerpt":{"rendered":"<p>Avui han vingut a l&#8217;escola els Patges Reials a recollir les cartes de l&#8217;alumnat del centre. L&#8217;AFA ha muntat una magn\u00edfica carpa al pati per donar-los la benvinguda i els nens i nenes els han obsequiat amb poemes i nadales.\u00a0Esperem que, despr\u00e9s d&#8217;aquesta gran rebuda,&hellip;  <a href=\"https:\/\/agora.xtec.cat\/ceipnarcismonturiol\/general\/els-patges-reials-i-el-tio-infantil-i-ci\/\" title=\"Read ELS PATGES REIALS I EL TI\u00d3! &#8211; INFANTIL I CI\">Llegeix m\u00e9s\u00bb<\/a><\/p>\n","protected":false},"author":1,"featured_media":1687,"comment_status":"closed","ping_status":"closed","sticky":false,"template":"","format":"standard","meta":{"_bbp_topic_count":0,"_bbp_reply_count":0,"_bbp_total_topic_count":0,"_bbp_total_reply_count":0,"_bbp_voice_count":0,"_bbp_anonymous_reply_count":0,"_bbp_topic_count_hidden":0,"_bbp_reply_count_hidden":0,"_bbp_forum_subforum_count":0,"footnotes":""},"categories":[7,10,1,2,4,5],"tags":[],"class_list":["post-1685","post","type-post","status-publish","format-standard","has-post-thumbnail","hentry","category-afa","category-ci","category-general","category-infantil","category-portada","category-primaria"],"post_mailing_queue_ids":[],"_links":{"self":[{"href":"https:\/\/agora.xtec.cat\/ceipnarcismonturiol\/wp-json\/wp\/v2\/posts\/1685","targetHints":{"allow":["GET"]}}],"collection":[{"href":"https:\/\/agora.xtec.cat\/ceipnarcismonturiol\/wp-json\/wp\/v2\/posts"}],"about":[{"href":"https:\/\/agora.xtec.cat\/ceipnarcismonturiol\/wp-json\/wp\/v2\/types\/post"}],"author":[{"embeddable":true,"href":"https:\/\/agora.xtec.cat\/ceipnarcismonturiol\/wp-json\/wp\/v2\/users\/1"}],"replies":[{"embeddable":true,"href":"https:\/\/agora.xtec.cat\/ceipnarcismonturiol\/wp-json\/wp\/v2\/comments?post=1685"}],"version-history":[{"count":2,"href":"https:\/\/agora.xtec.cat\/ceipnarcismonturiol\/wp-json\/wp\/v2\/posts\/1685\/revisions"}],"predecessor-version":[{"id":1691,"href":"https:\/\/agora.xtec.cat\/ceipnarcismonturiol\/wp-json\/wp\/v2\/posts\/1685\/revisions\/1691"}],"wp:featuredmedia":[{"embeddable":true,"href":"https:\/\/agora.xtec.cat\/ceipnarcismonturiol\/wp-json\/wp\/v2\/media\/1687"}],"wp:attachment":[{"href":"https:\/\/agora.xtec.cat\/ceipnarcismonturiol\/wp-json\/wp\/v2\/media?parent=1685"}],"wp:term":[{"taxonomy":"category","embeddable":true,"href":"https:\/\/agora.xtec.cat\/ceipnarcismonturiol\/wp-json\/wp\/v2\/categories?post=1685"},{"taxonomy":"post_tag","embeddable":true,"href":"https:\/\/agora.xtec.cat\/ceipnarcismonturiol\/wp-json\/wp\/v2\/tags?post=1685"}],"curies":[{"name":"wp","href":"https:\/\/api.w.org\/{rel}","templated":true}]}}