{"id":1665,"date":"2023-12-12T15:15:26","date_gmt":"2023-12-12T14:15:26","guid":{"rendered":"https:\/\/agora.xtec.cat\/ceipnarcismonturiol\/?p=1665"},"modified":"2023-12-12T15:15:26","modified_gmt":"2023-12-12T14:15:26","slug":"a-1r-som-artistes-1r","status":"publish","type":"post","link":"https:\/\/agora.xtec.cat\/ceipnarcismonturiol\/general\/a-1r-som-artistes-1r\/","title":{"rendered":"A 1R SOM ARTISTES &#8211; 1r"},"content":{"rendered":"<p><span style=\"font-weight: 400;\">Al llarg del trimestre a educaci\u00f3 pl\u00e0stica hem estat treballant diferents t\u00e8cniques a trav\u00e9s de dues artistes: Yayoi Kusama i Sheila Hicks. A trav\u00e9s d\u2019elles ens hem endinsat en dos mons ben diferents. <\/span><\/p>\n<p><span style=\"font-weight: 400;\">Amb la Yayoi hem descobert una manera de pintar i composar a trav\u00e9s dels punts de colors i amb la Sheila hem descobert una altre manera de crear a trav\u00e9s de la llana. I \u00e9s que aix\u00f2 de crear amb fils de colors\u2026 ens ha fet acabar una mica la paci\u00e8ncia!<\/span><\/p>\n<p>Clica la imatge:\u00a0<a href=\"https:\/\/agora.xtec.cat\/ceipnarcismonturiol\/?p=1664&amp;preview=true\"><br \/>\n<img loading=\"lazy\" decoding=\"async\" class=\" wp-image-1667 aligncenter\" src=\"https:\/\/agora.xtec.cat\/ceipnarcismonturiol\/wp-content\/uploads\/usu821\/2023\/12\/Captura-de-pantalla-2023-12-12-151308-1.png\" alt=\"\" width=\"517\" height=\"273\" srcset=\"https:\/\/agora.xtec.cat\/ceipnarcismonturiol\/wp-content\/uploads\/usu821\/2023\/12\/Captura-de-pantalla-2023-12-12-151308-1.png 542w, https:\/\/agora.xtec.cat\/ceipnarcismonturiol\/wp-content\/uploads\/usu821\/2023\/12\/Captura-de-pantalla-2023-12-12-151308-1-300x158.png 300w\" sizes=\"auto, (max-width: 517px) 100vw, 517px\" \/><\/a><strong>Recordem que per visualitzar les imatges rebreu un \u201c<span class=\"hiddenSpellError\">Tok<\/span>App\u201d amb el codi per a accedir-hi.<\/strong><\/p>\n","protected":false},"excerpt":{"rendered":"<p>Al llarg del trimestre a educaci\u00f3 pl\u00e0stica hem estat treballant diferents t\u00e8cniques a trav\u00e9s de dues artistes: Yayoi Kusama i Sheila Hicks. A trav\u00e9s d\u2019elles ens hem endinsat en dos mons ben diferents.<br \/>\nAmb la Yayoi hem descobert una manera de pintar i composar a&hellip;  <a href=\"https:\/\/agora.xtec.cat\/ceipnarcismonturiol\/general\/a-1r-som-artistes-1r\/\" title=\"Read A 1R SOM ARTISTES &#8211; 1r\">Llegeix m\u00e9s\u00bb<\/a><\/p>\n","protected":false},"author":1,"featured_media":1667,"comment_status":"closed","ping_status":"closed","sticky":false,"template":"","format":"standard","meta":{"_bbp_topic_count":0,"_bbp_reply_count":0,"_bbp_total_topic_count":0,"_bbp_total_reply_count":0,"_bbp_voice_count":0,"_bbp_anonymous_reply_count":0,"_bbp_topic_count_hidden":0,"_bbp_reply_count_hidden":0,"_bbp_forum_subforum_count":0,"footnotes":""},"categories":[1,4,5],"tags":[],"class_list":["post-1665","post","type-post","status-publish","format-standard","has-post-thumbnail","hentry","category-general","category-portada","category-primaria"],"post_mailing_queue_ids":[],"_links":{"self":[{"href":"https:\/\/agora.xtec.cat\/ceipnarcismonturiol\/wp-json\/wp\/v2\/posts\/1665","targetHints":{"allow":["GET"]}}],"collection":[{"href":"https:\/\/agora.xtec.cat\/ceipnarcismonturiol\/wp-json\/wp\/v2\/posts"}],"about":[{"href":"https:\/\/agora.xtec.cat\/ceipnarcismonturiol\/wp-json\/wp\/v2\/types\/post"}],"author":[{"embeddable":true,"href":"https:\/\/agora.xtec.cat\/ceipnarcismonturiol\/wp-json\/wp\/v2\/users\/1"}],"replies":[{"embeddable":true,"href":"https:\/\/agora.xtec.cat\/ceipnarcismonturiol\/wp-json\/wp\/v2\/comments?post=1665"}],"version-history":[{"count":1,"href":"https:\/\/agora.xtec.cat\/ceipnarcismonturiol\/wp-json\/wp\/v2\/posts\/1665\/revisions"}],"predecessor-version":[{"id":1669,"href":"https:\/\/agora.xtec.cat\/ceipnarcismonturiol\/wp-json\/wp\/v2\/posts\/1665\/revisions\/1669"}],"wp:featuredmedia":[{"embeddable":true,"href":"https:\/\/agora.xtec.cat\/ceipnarcismonturiol\/wp-json\/wp\/v2\/media\/1667"}],"wp:attachment":[{"href":"https:\/\/agora.xtec.cat\/ceipnarcismonturiol\/wp-json\/wp\/v2\/media?parent=1665"}],"wp:term":[{"taxonomy":"category","embeddable":true,"href":"https:\/\/agora.xtec.cat\/ceipnarcismonturiol\/wp-json\/wp\/v2\/categories?post=1665"},{"taxonomy":"post_tag","embeddable":true,"href":"https:\/\/agora.xtec.cat\/ceipnarcismonturiol\/wp-json\/wp\/v2\/tags?post=1665"}],"curies":[{"name":"wp","href":"https:\/\/api.w.org\/{rel}","templated":true}]}}