{"id":1629,"date":"2023-11-17T10:16:23","date_gmt":"2023-11-17T09:16:23","guid":{"rendered":"https:\/\/agora.xtec.cat\/ceipnarcismonturiol\/?p=1629"},"modified":"2024-02-29T16:26:34","modified_gmt":"2024-02-29T15:26:34","slug":"xerrada-iaden-projecte-parc-eolic-tramuntana-6e","status":"publish","type":"post","link":"https:\/\/agora.xtec.cat\/ceipnarcismonturiol\/general\/xerrada-iaden-projecte-parc-eolic-tramuntana-6e\/","title":{"rendered":"XERRADA IADEN \/ PROJECTE PARC E\u00d2LIC TRAMUNTANA &#8211; 6\u00e8"},"content":{"rendered":"<p><span style=\"font-weight: 400;\">Iniciem el tema de les energies amb una xerrada per presentar-nos el projecte del Parc Tramuntana. Un projecte del parc e\u00f2lic mar\u00ed que ens toca de ben a prop. Hem sabut com tenen previst fer-lo, per\u00f2 encara ens queden moltes q\u00fcestions obertes.\u00a0<\/span><\/p>\n<p><span style=\"font-weight: 400;\">A m\u00e9s a m\u00e9s, aquesta setmana tamb\u00e9 hem rebut la visita de l\u2019associaci\u00f3 IADEN Salvem l\u2019Empord\u00e0. On ens han explicat una mica la situaci\u00f3 del nostre territori i qu\u00e8 pensen respecte del Parc Tramuntana.\u00a0<\/span><\/p>\n<p><span style=\"font-weight: 400;\">Ara que ja tenim les dues versions, tenim molta feina a fer!\u00a0<\/span><\/p>\n<p><a href=\"https:\/\/agora.xtec.cat\/ceipnarcismonturiol\/?p=1859&amp;preview=true\"><img loading=\"lazy\" decoding=\"async\" class=\" wp-image-1631 aligncenter\" src=\"https:\/\/agora.xtec.cat\/ceipnarcismonturiol\/wp-content\/uploads\/usu821\/2023\/11\/Captura-de-pantalla-2023-11-17-101326.png\" alt=\"\" width=\"547\" height=\"284\" srcset=\"https:\/\/agora.xtec.cat\/ceipnarcismonturiol\/wp-content\/uploads\/usu821\/2023\/11\/Captura-de-pantalla-2023-11-17-101326.png 769w, https:\/\/agora.xtec.cat\/ceipnarcismonturiol\/wp-content\/uploads\/usu821\/2023\/11\/Captura-de-pantalla-2023-11-17-101326-300x156.png 300w\" sizes=\"auto, (max-width: 547px) 100vw, 547px\" \/><\/a><\/p>\n<p><strong>Recordem que per visualitzar les imatges rebreu un \u201c<span class=\"hiddenSpellError\">Tok<\/span>App\u201d amb el codi per a accedir-hi.<\/strong><\/p>\n","protected":false},"excerpt":{"rendered":"<p>Iniciem el tema de les energies amb una xerrada per presentar-nos el projecte del Parc Tramuntana. Un projecte del parc e\u00f2lic mar\u00ed que ens toca de ben a prop. Hem sabut com tenen previst fer-lo, per\u00f2 encara ens queden moltes q\u00fcestions obertes.\u00a0<br \/>\nA m\u00e9s a m\u00e9s,&hellip;  <a href=\"https:\/\/agora.xtec.cat\/ceipnarcismonturiol\/general\/xerrada-iaden-projecte-parc-eolic-tramuntana-6e\/\" title=\"Read XERRADA IADEN \/ PROJECTE PARC E\u00d2LIC TRAMUNTANA &#8211; 6\u00e8\">Llegeix m\u00e9s\u00bb<\/a><\/p>\n","protected":false},"author":1,"featured_media":1631,"comment_status":"closed","ping_status":"closed","sticky":false,"template":"","format":"standard","meta":{"_bbp_topic_count":0,"_bbp_reply_count":0,"_bbp_total_topic_count":0,"_bbp_total_reply_count":0,"_bbp_voice_count":0,"_bbp_anonymous_reply_count":0,"_bbp_topic_count_hidden":0,"_bbp_reply_count_hidden":0,"_bbp_forum_subforum_count":0,"footnotes":""},"categories":[1,4,5],"tags":[],"class_list":["post-1629","post","type-post","status-publish","format-standard","has-post-thumbnail","hentry","category-general","category-portada","category-primaria"],"post_mailing_queue_ids":[],"_links":{"self":[{"href":"https:\/\/agora.xtec.cat\/ceipnarcismonturiol\/wp-json\/wp\/v2\/posts\/1629","targetHints":{"allow":["GET"]}}],"collection":[{"href":"https:\/\/agora.xtec.cat\/ceipnarcismonturiol\/wp-json\/wp\/v2\/posts"}],"about":[{"href":"https:\/\/agora.xtec.cat\/ceipnarcismonturiol\/wp-json\/wp\/v2\/types\/post"}],"author":[{"embeddable":true,"href":"https:\/\/agora.xtec.cat\/ceipnarcismonturiol\/wp-json\/wp\/v2\/users\/1"}],"replies":[{"embeddable":true,"href":"https:\/\/agora.xtec.cat\/ceipnarcismonturiol\/wp-json\/wp\/v2\/comments?post=1629"}],"version-history":[{"count":4,"href":"https:\/\/agora.xtec.cat\/ceipnarcismonturiol\/wp-json\/wp\/v2\/posts\/1629\/revisions"}],"predecessor-version":[{"id":1862,"href":"https:\/\/agora.xtec.cat\/ceipnarcismonturiol\/wp-json\/wp\/v2\/posts\/1629\/revisions\/1862"}],"wp:featuredmedia":[{"embeddable":true,"href":"https:\/\/agora.xtec.cat\/ceipnarcismonturiol\/wp-json\/wp\/v2\/media\/1631"}],"wp:attachment":[{"href":"https:\/\/agora.xtec.cat\/ceipnarcismonturiol\/wp-json\/wp\/v2\/media?parent=1629"}],"wp:term":[{"taxonomy":"category","embeddable":true,"href":"https:\/\/agora.xtec.cat\/ceipnarcismonturiol\/wp-json\/wp\/v2\/categories?post=1629"},{"taxonomy":"post_tag","embeddable":true,"href":"https:\/\/agora.xtec.cat\/ceipnarcismonturiol\/wp-json\/wp\/v2\/tags?post=1629"}],"curies":[{"name":"wp","href":"https:\/\/api.w.org\/{rel}","templated":true}]}}