{"id":1592,"date":"2023-11-10T18:55:16","date_gmt":"2023-11-10T17:55:16","guid":{"rendered":"https:\/\/agora.xtec.cat\/ceipnarcismonturiol\/?p=1592"},"modified":"2023-11-10T18:55:16","modified_gmt":"2023-11-10T17:55:16","slug":"compartim-amb-les-persones-grans","status":"publish","type":"post","link":"https:\/\/agora.xtec.cat\/ceipnarcismonturiol\/general\/compartim-amb-les-persones-grans\/","title":{"rendered":"COMPARTIM AMB LES PERSONES GRANS"},"content":{"rendered":"<p><span style=\"font-weight: 400;\">Aquest curs seguim, amb m\u00e9s for\u00e7a encara, amb activitats de sensibilitzaci\u00f3 entorn l\u2019edatisme i el bon tracte a les persones grans. <\/span><\/p>\n<p><span style=\"font-weight: 400;\">Comencem compartint-vos activitats realitzades durant aquesta setmana per tota la mainada de l\u2019escola, des dels m\u00e9s petits (I3) fins als m\u00e9s grans (6\u00e8). <\/span><\/p>\n<p><span style=\"font-weight: 400;\">Seguirem al llarg de tot el curs realitzant m\u00e9s activitats i recollint-les aqu\u00ed a la p\u00e0gina web. Mireu qu\u00e8 b\u00e9 treballem i ens ho passem amb la gent gran!!<\/span><\/p>\n<p><a href=\"https:\/\/agora.xtec.cat\/ceipnarcismonturiol\/general\/compartim\/\"><img loading=\"lazy\" decoding=\"async\" class=\"size-full wp-image-1593 aligncenter\" src=\"https:\/\/agora.xtec.cat\/ceipnarcismonturiol\/wp-content\/uploads\/usu821\/2023\/11\/2023-11-10-184603.jpg\" alt=\"\" width=\"661\" height=\"331\" srcset=\"https:\/\/agora.xtec.cat\/ceipnarcismonturiol\/wp-content\/uploads\/usu821\/2023\/11\/2023-11-10-184603.jpg 661w, https:\/\/agora.xtec.cat\/ceipnarcismonturiol\/wp-content\/uploads\/usu821\/2023\/11\/2023-11-10-184603-300x150.jpg 300w\" sizes=\"auto, (max-width: 661px) 100vw, 661px\" \/><\/a><\/p>\n<p><strong>Recordem que per visualitzar les imatges rebreu un \u201c<span class=\"hiddenSpellError\">Tok<\/span>App\u201d amb el codi per a accedir-hi.\u00a0<\/strong><\/p>\n","protected":false},"excerpt":{"rendered":"<p>Aquest curs seguim, amb m\u00e9s for\u00e7a encara, amb activitats de sensibilitzaci\u00f3 entorn l\u2019edatisme i el bon tracte a les persones grans.<br \/>\nComencem compartint-vos activitats realitzades durant aquesta setmana per tota la mainada de l\u2019escola, des dels m\u00e9s petits (I3) fins als m\u00e9s grans (6\u00e8).<br \/>\nSeguirem&hellip;  <a href=\"https:\/\/agora.xtec.cat\/ceipnarcismonturiol\/general\/compartim-amb-les-persones-grans\/\" title=\"Read COMPARTIM AMB LES PERSONES GRANS\">Llegeix m\u00e9s\u00bb<\/a><\/p>\n","protected":false},"author":1,"featured_media":1593,"comment_status":"closed","ping_status":"closed","sticky":false,"template":"","format":"standard","meta":{"_bbp_topic_count":0,"_bbp_reply_count":0,"_bbp_total_topic_count":0,"_bbp_total_reply_count":0,"_bbp_voice_count":0,"_bbp_anonymous_reply_count":0,"_bbp_topic_count_hidden":0,"_bbp_reply_count_hidden":0,"_bbp_forum_subforum_count":0,"footnotes":""},"categories":[1,2,4,5],"tags":[],"class_list":["post-1592","post","type-post","status-publish","format-standard","has-post-thumbnail","hentry","category-general","category-infantil","category-portada","category-primaria"],"post_mailing_queue_ids":[],"_links":{"self":[{"href":"https:\/\/agora.xtec.cat\/ceipnarcismonturiol\/wp-json\/wp\/v2\/posts\/1592","targetHints":{"allow":["GET"]}}],"collection":[{"href":"https:\/\/agora.xtec.cat\/ceipnarcismonturiol\/wp-json\/wp\/v2\/posts"}],"about":[{"href":"https:\/\/agora.xtec.cat\/ceipnarcismonturiol\/wp-json\/wp\/v2\/types\/post"}],"author":[{"embeddable":true,"href":"https:\/\/agora.xtec.cat\/ceipnarcismonturiol\/wp-json\/wp\/v2\/users\/1"}],"replies":[{"embeddable":true,"href":"https:\/\/agora.xtec.cat\/ceipnarcismonturiol\/wp-json\/wp\/v2\/comments?post=1592"}],"version-history":[{"count":1,"href":"https:\/\/agora.xtec.cat\/ceipnarcismonturiol\/wp-json\/wp\/v2\/posts\/1592\/revisions"}],"predecessor-version":[{"id":1597,"href":"https:\/\/agora.xtec.cat\/ceipnarcismonturiol\/wp-json\/wp\/v2\/posts\/1592\/revisions\/1597"}],"wp:featuredmedia":[{"embeddable":true,"href":"https:\/\/agora.xtec.cat\/ceipnarcismonturiol\/wp-json\/wp\/v2\/media\/1593"}],"wp:attachment":[{"href":"https:\/\/agora.xtec.cat\/ceipnarcismonturiol\/wp-json\/wp\/v2\/media?parent=1592"}],"wp:term":[{"taxonomy":"category","embeddable":true,"href":"https:\/\/agora.xtec.cat\/ceipnarcismonturiol\/wp-json\/wp\/v2\/categories?post=1592"},{"taxonomy":"post_tag","embeddable":true,"href":"https:\/\/agora.xtec.cat\/ceipnarcismonturiol\/wp-json\/wp\/v2\/tags?post=1592"}],"curies":[{"name":"wp","href":"https:\/\/api.w.org\/{rel}","templated":true}]}}