{"id":1563,"date":"2023-11-09T18:31:27","date_gmt":"2023-11-09T17:31:27","guid":{"rendered":"https:\/\/agora.xtec.cat\/ceipnarcismonturiol\/?p=1563"},"modified":"2023-11-10T08:53:57","modified_gmt":"2023-11-10T07:53:57","slug":"aiguamolls-de-lemporda-i4","status":"publish","type":"post","link":"https:\/\/agora.xtec.cat\/ceipnarcismonturiol\/general\/aiguamolls-de-lemporda-i4\/","title":{"rendered":"AIGUAMOLLS DE L&#8217;EMPORD\u00c0 &#8211; I4"},"content":{"rendered":"<p><span style=\"font-weight: 400;\">El dimecres 8 de novembre els alumnes i les alumnes d\u2019I4 vam anar als aiguamolls de l\u2019Empord\u00e0. <\/span><\/p>\n<p><span style=\"font-weight: 400;\">Ens ho vam passar molt b\u00e9 i ens va agradar molt. Vam veure diferents animals com l\u2019\u00e0nec coll-verd i flamencs i fins i tot una granota verda que ens va fer una sorpresa. <\/span><\/p>\n<p><span style=\"font-weight: 400;\">Tamb\u00e9 vam veure nius de cigonyes i un hotel d\u2019insectes. Per\u00f2 el que va ser m\u00e9s emocionant va ser observar per un telescopi terrestre des dels aguaits els diferents animals. <\/span><\/p>\n<p><span style=\"font-weight: 400;\">Estem contents perqu\u00e8 sabem que el mar\u00e7 hi tornarem i esperem veure m\u00e9s animals.<\/span><\/p>\n<p><a href=\"https:\/\/agora.xtec.cat\/ceipnarcismonturiol\/?p=1566&amp;preview=true\"><img loading=\"lazy\" decoding=\"async\" class=\" wp-image-1564 aligncenter\" src=\"https:\/\/agora.xtec.cat\/ceipnarcismonturiol\/wp-content\/uploads\/usu821\/2023\/11\/1111.jpg\" alt=\"\" width=\"547\" height=\"399\" srcset=\"https:\/\/agora.xtec.cat\/ceipnarcismonturiol\/wp-content\/uploads\/usu821\/2023\/11\/1111.jpg 708w, https:\/\/agora.xtec.cat\/ceipnarcismonturiol\/wp-content\/uploads\/usu821\/2023\/11\/1111-300x219.jpg 300w\" sizes=\"auto, (max-width: 547px) 100vw, 547px\" \/><\/a><\/p>\n<p><strong>Recordem que per visualitzar les imatges rebreu un \u201c<span class=\"hiddenSpellError\">Tok<\/span>App\u201d amb el codi per a accedir-hi.\u00a0<\/strong><\/p>\n","protected":false},"excerpt":{"rendered":"<p>El dimecres 8 de novembre els alumnes i les alumnes d\u2019I4 vam anar als aiguamolls de l\u2019Empord\u00e0.<br \/>\nEns ho vam passar molt b\u00e9 i ens va agradar molt. Vam veure diferents animals com l\u2019\u00e0nec coll-verd i flamencs i fins i tot una granota verda que&hellip;  <a href=\"https:\/\/agora.xtec.cat\/ceipnarcismonturiol\/general\/aiguamolls-de-lemporda-i4\/\" title=\"Read AIGUAMOLLS DE L&#8217;EMPORD\u00c0 &#8211; I4\">Llegeix m\u00e9s\u00bb<\/a><\/p>\n","protected":false},"author":1,"featured_media":1564,"comment_status":"closed","ping_status":"closed","sticky":false,"template":"","format":"standard","meta":{"_bbp_topic_count":0,"_bbp_reply_count":0,"_bbp_total_topic_count":0,"_bbp_total_reply_count":0,"_bbp_voice_count":0,"_bbp_anonymous_reply_count":0,"_bbp_topic_count_hidden":0,"_bbp_reply_count_hidden":0,"_bbp_forum_subforum_count":0,"footnotes":""},"categories":[1,8,2,4],"tags":[],"class_list":["post-1563","post","type-post","status-publish","format-standard","has-post-thumbnail","hentry","category-general","category-i4","category-infantil","category-portada"],"post_mailing_queue_ids":[],"_links":{"self":[{"href":"https:\/\/agora.xtec.cat\/ceipnarcismonturiol\/wp-json\/wp\/v2\/posts\/1563","targetHints":{"allow":["GET"]}}],"collection":[{"href":"https:\/\/agora.xtec.cat\/ceipnarcismonturiol\/wp-json\/wp\/v2\/posts"}],"about":[{"href":"https:\/\/agora.xtec.cat\/ceipnarcismonturiol\/wp-json\/wp\/v2\/types\/post"}],"author":[{"embeddable":true,"href":"https:\/\/agora.xtec.cat\/ceipnarcismonturiol\/wp-json\/wp\/v2\/users\/1"}],"replies":[{"embeddable":true,"href":"https:\/\/agora.xtec.cat\/ceipnarcismonturiol\/wp-json\/wp\/v2\/comments?post=1563"}],"version-history":[{"count":3,"href":"https:\/\/agora.xtec.cat\/ceipnarcismonturiol\/wp-json\/wp\/v2\/posts\/1563\/revisions"}],"predecessor-version":[{"id":1576,"href":"https:\/\/agora.xtec.cat\/ceipnarcismonturiol\/wp-json\/wp\/v2\/posts\/1563\/revisions\/1576"}],"wp:featuredmedia":[{"embeddable":true,"href":"https:\/\/agora.xtec.cat\/ceipnarcismonturiol\/wp-json\/wp\/v2\/media\/1564"}],"wp:attachment":[{"href":"https:\/\/agora.xtec.cat\/ceipnarcismonturiol\/wp-json\/wp\/v2\/media?parent=1563"}],"wp:term":[{"taxonomy":"category","embeddable":true,"href":"https:\/\/agora.xtec.cat\/ceipnarcismonturiol\/wp-json\/wp\/v2\/categories?post=1563"},{"taxonomy":"post_tag","embeddable":true,"href":"https:\/\/agora.xtec.cat\/ceipnarcismonturiol\/wp-json\/wp\/v2\/tags?post=1563"}],"curies":[{"name":"wp","href":"https:\/\/api.w.org\/{rel}","templated":true}]}}