{"id":1554,"date":"2023-11-08T19:08:25","date_gmt":"2023-11-08T18:08:25","guid":{"rendered":"https:\/\/agora.xtec.cat\/ceipnarcismonturiol\/?p=1554"},"modified":"2023-11-08T22:36:57","modified_gmt":"2023-11-08T21:36:57","slug":"port-lligat-2n","status":"publish","type":"post","link":"https:\/\/agora.xtec.cat\/ceipnarcismonturiol\/general\/port-lligat-2n\/","title":{"rendered":"EL MISSATGE DEL MAR &#8211; 2n"},"content":{"rendered":"<p><span style=\"font-weight: 400;\">Ahir amb l&#8217;alumnat de 2n vam fer una sortida a la platja dels Palangrers de Roses, gaudint del mar, les vistes i aprenent m\u00e9s aspectes sobre els paisatges de costa.<\/span><\/p>\n<p><span style=\"font-weight: 400;\">Durant la sortida, els nens i nenes van descobrir l\u2019entorn natural a partir d\u2019un missatge escrit trobat dins d\u2019una ampolla de vidre, en el qual un personatge fant\u00e0stic els demanava ajuda per la seva missi\u00f3. Per aquest motiu, els encarrega que trobin unes caragolines de mar, anomenades popularment, ulls de sirena.<\/span><\/p>\n<p>&nbsp;<\/p>\n<p><span style=\"font-weight: 400;\">A m\u00e9s, a part de trobar ulls de sirena, amb l\u2019ajuda de celebrets tamb\u00e9 van trobar altres elements naturals provinents del fons mar\u00ed com la posid\u00f2nia, les curculles o fins i tot crancs!<\/span><\/p>\n<p><span style=\"font-weight: 400;\">Sens dubte, aquesta original activitat va servir per aprofundir-nos m\u00e9s en els elements que podem trobar als paisatges de costa, tot fent una classe original arran de mar!<\/span><\/p>\n<p><a href=\"https:\/\/agora.xtec.cat\/ceipnarcismonturiol\/?p=1559&amp;preview=true\"><img loading=\"lazy\" decoding=\"async\" class=\"size-large wp-image-1556 aligncenter\" src=\"https:\/\/agora.xtec.cat\/ceipnarcismonturiol\/wp-content\/uploads\/usu821\/2023\/11\/IMG_0071-1024x360.jpg\" alt=\"\" width=\"1024\" height=\"360\" srcset=\"https:\/\/agora.xtec.cat\/ceipnarcismonturiol\/wp-content\/uploads\/usu821\/2023\/11\/IMG_0071-1024x360.jpg 1024w, https:\/\/agora.xtec.cat\/ceipnarcismonturiol\/wp-content\/uploads\/usu821\/2023\/11\/IMG_0071-300x106.jpg 300w, https:\/\/agora.xtec.cat\/ceipnarcismonturiol\/wp-content\/uploads\/usu821\/2023\/11\/IMG_0071-768x270.jpg 768w, https:\/\/agora.xtec.cat\/ceipnarcismonturiol\/wp-content\/uploads\/usu821\/2023\/11\/IMG_0071.jpg 1125w\" sizes=\"auto, (max-width: 1024px) 100vw, 1024px\" \/><\/a><\/p>\n<p><strong>Recordem que per visualitzar les imatges rebreu un \u201c<span class=\"hiddenSpellError\">Tok<\/span>App\u201d amb el codi per a accedir-hi.\u00a0<\/strong><\/p>\n","protected":false},"excerpt":{"rendered":"<p>Ahir amb l&#8217;alumnat de 2n vam fer una sortida a la platja dels Palangrers de Roses, gaudint del mar, les vistes i aprenent m\u00e9s aspectes sobre els paisatges de costa.<br \/>\nDurant la sortida, els nens i nenes van descobrir l\u2019entorn natural a partir d\u2019un missatge escrit&hellip;  <a href=\"https:\/\/agora.xtec.cat\/ceipnarcismonturiol\/general\/port-lligat-2n\/\" title=\"Read EL MISSATGE DEL MAR &#8211; 2n\">Llegeix m\u00e9s\u00bb<\/a><\/p>\n","protected":false},"author":1,"featured_media":1556,"comment_status":"closed","ping_status":"closed","sticky":false,"template":"","format":"standard","meta":{"_bbp_topic_count":0,"_bbp_reply_count":0,"_bbp_total_topic_count":0,"_bbp_total_reply_count":0,"_bbp_voice_count":0,"_bbp_anonymous_reply_count":0,"_bbp_topic_count_hidden":0,"_bbp_reply_count_hidden":0,"_bbp_forum_subforum_count":0,"footnotes":""},"categories":[1,4,5],"tags":[],"class_list":["post-1554","post","type-post","status-publish","format-standard","has-post-thumbnail","hentry","category-general","category-portada","category-primaria"],"post_mailing_queue_ids":[],"_links":{"self":[{"href":"https:\/\/agora.xtec.cat\/ceipnarcismonturiol\/wp-json\/wp\/v2\/posts\/1554","targetHints":{"allow":["GET"]}}],"collection":[{"href":"https:\/\/agora.xtec.cat\/ceipnarcismonturiol\/wp-json\/wp\/v2\/posts"}],"about":[{"href":"https:\/\/agora.xtec.cat\/ceipnarcismonturiol\/wp-json\/wp\/v2\/types\/post"}],"author":[{"embeddable":true,"href":"https:\/\/agora.xtec.cat\/ceipnarcismonturiol\/wp-json\/wp\/v2\/users\/1"}],"replies":[{"embeddable":true,"href":"https:\/\/agora.xtec.cat\/ceipnarcismonturiol\/wp-json\/wp\/v2\/comments?post=1554"}],"version-history":[{"count":3,"href":"https:\/\/agora.xtec.cat\/ceipnarcismonturiol\/wp-json\/wp\/v2\/posts\/1554\/revisions"}],"predecessor-version":[{"id":1562,"href":"https:\/\/agora.xtec.cat\/ceipnarcismonturiol\/wp-json\/wp\/v2\/posts\/1554\/revisions\/1562"}],"wp:featuredmedia":[{"embeddable":true,"href":"https:\/\/agora.xtec.cat\/ceipnarcismonturiol\/wp-json\/wp\/v2\/media\/1556"}],"wp:attachment":[{"href":"https:\/\/agora.xtec.cat\/ceipnarcismonturiol\/wp-json\/wp\/v2\/media?parent=1554"}],"wp:term":[{"taxonomy":"category","embeddable":true,"href":"https:\/\/agora.xtec.cat\/ceipnarcismonturiol\/wp-json\/wp\/v2\/categories?post=1554"},{"taxonomy":"post_tag","embeddable":true,"href":"https:\/\/agora.xtec.cat\/ceipnarcismonturiol\/wp-json\/wp\/v2\/tags?post=1554"}],"curies":[{"name":"wp","href":"https:\/\/api.w.org\/{rel}","templated":true}]}}