{"id":1347,"date":"2023-02-27T12:41:24","date_gmt":"2023-02-27T11:41:24","guid":{"rendered":"https:\/\/agora.xtec.cat\/ceipnarcismonturiol\/?p=1347"},"modified":"2023-02-27T12:42:26","modified_gmt":"2023-02-27T11:42:26","slug":"jornades-esportives-comarcals","status":"publish","type":"post","link":"https:\/\/agora.xtec.cat\/ceipnarcismonturiol\/general\/jornades-esportives-comarcals\/","title":{"rendered":"Jornades Esportives Comarcals"},"content":{"rendered":"<p>Benvolgudes fam\u00edlies,<\/p>\n<p>Des del Consell Esportiu de l&#8217;Alt Empord\u00e0, ens informen de <strong>Les Jornades Esportives Comarcals.<\/strong><br \/>\n<a href=\"https:\/\/agora.xtec.cat\/ceipnarcismonturiol\/wp-content\/uploads\/usu821\/2023\/02\/Trobades-Esportives-Comarcals-22-23.png\"><img loading=\"lazy\" decoding=\"async\" class=\"size-large wp-image-1348 aligncenter\" src=\"https:\/\/agora.xtec.cat\/ceipnarcismonturiol\/wp-content\/uploads\/usu821\/2023\/02\/Trobades-Esportives-Comarcals-22-23-724x1024.png\" alt=\"\" width=\"724\" height=\"1024\" srcset=\"https:\/\/agora.xtec.cat\/ceipnarcismonturiol\/wp-content\/uploads\/usu821\/2023\/02\/Trobades-Esportives-Comarcals-22-23-724x1024.png 724w, https:\/\/agora.xtec.cat\/ceipnarcismonturiol\/wp-content\/uploads\/usu821\/2023\/02\/Trobades-Esportives-Comarcals-22-23-212x300.png 212w, https:\/\/agora.xtec.cat\/ceipnarcismonturiol\/wp-content\/uploads\/usu821\/2023\/02\/Trobades-Esportives-Comarcals-22-23-768x1086.png 768w, https:\/\/agora.xtec.cat\/ceipnarcismonturiol\/wp-content\/uploads\/usu821\/2023\/02\/Trobades-Esportives-Comarcals-22-23-1086x1536.png 1086w, https:\/\/agora.xtec.cat\/ceipnarcismonturiol\/wp-content\/uploads\/usu821\/2023\/02\/Trobades-Esportives-Comarcals-22-23.png 1414w\" sizes=\"auto, (max-width: 724px) 100vw, 724px\" \/><\/a><br \/>\n<strong>Les Jornades Esportives Comarcals, es una activitat\u00a0gratu\u00efta<\/strong>, que te com a objectiu fomentar la practica esportiva en edat escolar a m\u00e9s de fomentar la interrelaci\u00f3 entre infants de diferents centres educatius i municipis de la nostra comarca.<\/p>\n<p>El\u00a0proper dia<strong>\u00a04 de\u00a0Mar\u00e7,\u00a0<\/strong>iniciaran amb la primera de les 5 trobades calendaritzades. Durant aquests 5 dissabtes esportius, els nens i nenes dels diferents centres educatius i municipis, practicaran diferents esports i activitats esportives com s\u00f3n l&#8217;atletisme,\u00a0korfbal, rugby, tenis, b\u00e0dminton, handbol, futbol, p\u00e0del i hoquei, entre d&#8217;altres.<\/p>\n<p>Les jornades es desenvoluparan en\u00a0<strong>horari de 10:00 a 12:30h<\/strong>. Al llarg d\u2019aquesta matinal esportiva, els participants practicaran un seguit de jocs, exercicis i partits, sempre relacionats amb els esports que pertoquin segons la jornada.<\/p>\n<p><strong>Els participants hauran d&#8217;estar a la instal\u00b7laci\u00f3 de cada jornada a les 09:30h<\/strong>\u00a0per tal que els t\u00e8cnics facin la distribuci\u00f3 dels grups, espais i poder explica\u2019ls-hi el funcionament general de la jornada.<\/p>\n<p>Adjuntem el Cartell on veureu les dates i seus de les diferents jornades.\u00a0<strong>Aquesta setmana inicien amb la 1a Trobada Esportiva Comarcal a Figueres (Estadi Albert Gurt) on els participants practicaran diferents disciplines de l\u2019Atletisme.<\/strong><\/p>\n<p>Esperem que sigui del vostre inter\u00e8s i que animeu als nens i nenes a participar en les Jornades Esportives Comarcals del curs 22\/23.<\/p>\n","protected":false},"excerpt":{"rendered":"<p>Benvolgudes fam\u00edlies,<br \/>\nDes del Consell Esportiu de l&#8217;Alt Empord\u00e0, ens informen de Les Jornades Esportives Comarcals.<br \/>\n<a href=\"https:\/\/agora.xtec.cat\/ceipnarcismonturiol\/wp-content\/uploads\/usu821\/2023\/02\/Trobades-Esportives-Comarcals-22-23.png\"><\/a><br \/>\nLes Jornades Esportives Comarcals, es una activitat\u00a0gratu\u00efta, que te com a objectiu fomentar la practica esportiva en edat escolar a m\u00e9s de fomentar la interrelaci\u00f3 entre infants de diferents centres&hellip;  <a href=\"https:\/\/agora.xtec.cat\/ceipnarcismonturiol\/general\/jornades-esportives-comarcals\/\" title=\"Read Jornades Esportives Comarcals\">Llegeix m\u00e9s\u00bb<\/a><\/p>\n","protected":false},"author":1,"featured_media":1348,"comment_status":"open","ping_status":"closed","sticky":false,"template":"","format":"standard","meta":{"_bbp_topic_count":0,"_bbp_reply_count":0,"_bbp_total_topic_count":0,"_bbp_total_reply_count":0,"_bbp_voice_count":0,"_bbp_anonymous_reply_count":0,"_bbp_topic_count_hidden":0,"_bbp_reply_count_hidden":0,"_bbp_forum_subforum_count":0,"footnotes":""},"categories":[7,1,4],"tags":[],"class_list":["post-1347","post","type-post","status-publish","format-standard","has-post-thumbnail","hentry","category-afa","category-general","category-portada"],"post_mailing_queue_ids":[],"_links":{"self":[{"href":"https:\/\/agora.xtec.cat\/ceipnarcismonturiol\/wp-json\/wp\/v2\/posts\/1347","targetHints":{"allow":["GET"]}}],"collection":[{"href":"https:\/\/agora.xtec.cat\/ceipnarcismonturiol\/wp-json\/wp\/v2\/posts"}],"about":[{"href":"https:\/\/agora.xtec.cat\/ceipnarcismonturiol\/wp-json\/wp\/v2\/types\/post"}],"author":[{"embeddable":true,"href":"https:\/\/agora.xtec.cat\/ceipnarcismonturiol\/wp-json\/wp\/v2\/users\/1"}],"replies":[{"embeddable":true,"href":"https:\/\/agora.xtec.cat\/ceipnarcismonturiol\/wp-json\/wp\/v2\/comments?post=1347"}],"version-history":[{"count":2,"href":"https:\/\/agora.xtec.cat\/ceipnarcismonturiol\/wp-json\/wp\/v2\/posts\/1347\/revisions"}],"predecessor-version":[{"id":1350,"href":"https:\/\/agora.xtec.cat\/ceipnarcismonturiol\/wp-json\/wp\/v2\/posts\/1347\/revisions\/1350"}],"wp:featuredmedia":[{"embeddable":true,"href":"https:\/\/agora.xtec.cat\/ceipnarcismonturiol\/wp-json\/wp\/v2\/media\/1348"}],"wp:attachment":[{"href":"https:\/\/agora.xtec.cat\/ceipnarcismonturiol\/wp-json\/wp\/v2\/media?parent=1347"}],"wp:term":[{"taxonomy":"category","embeddable":true,"href":"https:\/\/agora.xtec.cat\/ceipnarcismonturiol\/wp-json\/wp\/v2\/categories?post=1347"},{"taxonomy":"post_tag","embeddable":true,"href":"https:\/\/agora.xtec.cat\/ceipnarcismonturiol\/wp-json\/wp\/v2\/tags?post=1347"}],"curies":[{"name":"wp","href":"https:\/\/api.w.org\/{rel}","templated":true}]}}