{"id":1335,"date":"2023-02-15T11:49:00","date_gmt":"2023-02-15T10:49:00","guid":{"rendered":"https:\/\/agora.xtec.cat\/ceipnarcismonturiol\/?p=1335"},"modified":"2023-02-15T11:50:34","modified_gmt":"2023-02-15T10:50:34","slug":"obertura-de-portes-per-la-desfilada-de-carnestoltes","status":"publish","type":"post","link":"https:\/\/agora.xtec.cat\/ceipnarcismonturiol\/general\/obertura-de-portes-per-la-desfilada-de-carnestoltes\/","title":{"rendered":"Obertura de portes per la desfilada de Carnestoltes"},"content":{"rendered":"<p style=\"font-weight: 400;\"><a href=\"https:\/\/agora.xtec.cat\/ceipnarcismonturiol\/wp-content\/uploads\/usu821\/2023\/02\/CARNAVAL-ESCOLA-NARCI\u0301S-MONTURIOL.jpg\"><img loading=\"lazy\" decoding=\"async\" class=\"alignnone size-large wp-image-1337\" src=\"https:\/\/agora.xtec.cat\/ceipnarcismonturiol\/wp-content\/uploads\/usu821\/2023\/02\/CARNAVAL-ESCOLA-NARCI\u0301S-MONTURIOL-1024x1024.jpg\" alt=\"\" width=\"1024\" height=\"1024\" srcset=\"https:\/\/agora.xtec.cat\/ceipnarcismonturiol\/wp-content\/uploads\/usu821\/2023\/02\/CARNAVAL-ESCOLA-NARCI\u0301S-MONTURIOL-1024x1024.jpg 1024w, https:\/\/agora.xtec.cat\/ceipnarcismonturiol\/wp-content\/uploads\/usu821\/2023\/02\/CARNAVAL-ESCOLA-NARCI\u0301S-MONTURIOL-300x300.jpg 300w, https:\/\/agora.xtec.cat\/ceipnarcismonturiol\/wp-content\/uploads\/usu821\/2023\/02\/CARNAVAL-ESCOLA-NARCI\u0301S-MONTURIOL-150x150.jpg 150w, https:\/\/agora.xtec.cat\/ceipnarcismonturiol\/wp-content\/uploads\/usu821\/2023\/02\/CARNAVAL-ESCOLA-NARCI\u0301S-MONTURIOL-768x768.jpg 768w, https:\/\/agora.xtec.cat\/ceipnarcismonturiol\/wp-content\/uploads\/usu821\/2023\/02\/CARNAVAL-ESCOLA-NARCI\u0301S-MONTURIOL.jpg 1080w\" sizes=\"auto, (max-width: 1024px) 100vw, 1024px\" \/><\/a><\/p>\n<p style=\"font-weight: 400;\">Benvolgudes fam\u00edlies,<\/p>\n<p style=\"font-weight: 400;\">Amb motiu de la\u00a0<strong>festa de Carnestoltes,<\/strong>\u00a0el centre\u00a0<strong>obrir\u00e0 les seves portes a les 9:20h a tots aquells familiars\u00a0<\/strong>que vulguin veure la desfilada de disfresses que tindr\u00e0 lloc al pati de l\u2019escola.<\/p>\n<p style=\"font-weight: 400;\">Un cop entreu al centre trobareu un espai delimitat expressament per a poder veure l\u2019espectacle i hi podreu estar fins que aquest s\u2019acabi.<\/p>\n<p style=\"font-weight: 400;\">Recordeu que\u00a0<strong>no est\u00e0 perm\u00e8s fer fotos o v\u00eddeos a l\u2019alumnat dins el centre<\/strong>\u00a0per poder respectar el dret d\u2019imatge de cada nen i nena.<\/p>\n<p style=\"font-weight: 400;\">Moltes gr\u00e0cies i bon Carnaval!<\/p>\n<p style=\"font-weight: 400;\">El Claustre<\/p>\n","protected":false},"excerpt":{"rendered":"<p><a href=\"https:\/\/agora.xtec.cat\/ceipnarcismonturiol\/wp-content\/uploads\/usu821\/2023\/02\/CARNAVAL-ESCOLA-NARCI\u0301S-MONTURIOL.jpg\"><\/a><br \/>\nBenvolgudes fam\u00edlies,<br \/>\nAmb motiu de la\u00a0festa de Carnestoltes,\u00a0el centre\u00a0obrir\u00e0 les seves portes a les 9:20h a tots aquells familiars\u00a0que vulguin veure la desfilada de disfresses que tindr\u00e0 lloc al pati de l\u2019escola.<br \/>\nUn cop entreu al centre trobareu un espai delimitat expressament per a poder veure&hellip;  <a href=\"https:\/\/agora.xtec.cat\/ceipnarcismonturiol\/general\/obertura-de-portes-per-la-desfilada-de-carnestoltes\/\" title=\"Read Obertura de portes per la desfilada de Carnestoltes\">Llegeix m\u00e9s\u00bb<\/a><\/p>\n","protected":false},"author":1,"featured_media":1337,"comment_status":"open","ping_status":"closed","sticky":false,"template":"","format":"standard","meta":{"_bbp_topic_count":0,"_bbp_reply_count":0,"_bbp_total_topic_count":0,"_bbp_total_reply_count":0,"_bbp_voice_count":0,"_bbp_anonymous_reply_count":0,"_bbp_topic_count_hidden":0,"_bbp_reply_count_hidden":0,"_bbp_forum_subforum_count":0,"footnotes":""},"categories":[7,1,4],"tags":[],"class_list":["post-1335","post","type-post","status-publish","format-standard","has-post-thumbnail","hentry","category-afa","category-general","category-portada"],"post_mailing_queue_ids":[],"_links":{"self":[{"href":"https:\/\/agora.xtec.cat\/ceipnarcismonturiol\/wp-json\/wp\/v2\/posts\/1335","targetHints":{"allow":["GET"]}}],"collection":[{"href":"https:\/\/agora.xtec.cat\/ceipnarcismonturiol\/wp-json\/wp\/v2\/posts"}],"about":[{"href":"https:\/\/agora.xtec.cat\/ceipnarcismonturiol\/wp-json\/wp\/v2\/types\/post"}],"author":[{"embeddable":true,"href":"https:\/\/agora.xtec.cat\/ceipnarcismonturiol\/wp-json\/wp\/v2\/users\/1"}],"replies":[{"embeddable":true,"href":"https:\/\/agora.xtec.cat\/ceipnarcismonturiol\/wp-json\/wp\/v2\/comments?post=1335"}],"version-history":[{"count":3,"href":"https:\/\/agora.xtec.cat\/ceipnarcismonturiol\/wp-json\/wp\/v2\/posts\/1335\/revisions"}],"predecessor-version":[{"id":1339,"href":"https:\/\/agora.xtec.cat\/ceipnarcismonturiol\/wp-json\/wp\/v2\/posts\/1335\/revisions\/1339"}],"wp:featuredmedia":[{"embeddable":true,"href":"https:\/\/agora.xtec.cat\/ceipnarcismonturiol\/wp-json\/wp\/v2\/media\/1337"}],"wp:attachment":[{"href":"https:\/\/agora.xtec.cat\/ceipnarcismonturiol\/wp-json\/wp\/v2\/media?parent=1335"}],"wp:term":[{"taxonomy":"category","embeddable":true,"href":"https:\/\/agora.xtec.cat\/ceipnarcismonturiol\/wp-json\/wp\/v2\/categories?post=1335"},{"taxonomy":"post_tag","embeddable":true,"href":"https:\/\/agora.xtec.cat\/ceipnarcismonturiol\/wp-json\/wp\/v2\/tags?post=1335"}],"curies":[{"name":"wp","href":"https:\/\/api.w.org\/{rel}","templated":true}]}}