{"id":1275,"date":"2022-12-19T11:41:04","date_gmt":"2022-12-19T10:41:04","guid":{"rendered":"https:\/\/agora.xtec.cat\/ceipnarcismonturiol\/?p=1275"},"modified":"2022-12-19T11:42:22","modified_gmt":"2022-12-19T10:42:22","slug":"recaptacio-per-la-marato-de-tv3","status":"publish","type":"post","link":"https:\/\/agora.xtec.cat\/ceipnarcismonturiol\/general\/recaptacio-per-la-marato-de-tv3\/","title":{"rendered":"Recaptaci\u00f3 per La Marat\u00f3 de TV3"},"content":{"rendered":"<p>Benvolgudes fam\u00edlies,<\/p>\n<p>Volem agra\u00efr a tothom haver pogut col.laborar un any m\u00e9s amb la @lamaratotv3<br \/>\nMolt\u00edssimes gr\u00e0cies un cop m\u00e9s!<\/p>\n<p><a href=\"https:\/\/agora.xtec.cat\/ceipnarcismonturiol\/wp-content\/uploads\/usu821\/2022\/12\/RECAPTACIO-MARATO-TV3-2022.jpg\"><img loading=\"lazy\" decoding=\"async\" class=\"aligncenter wp-image-1276 size-full\" src=\"https:\/\/agora.xtec.cat\/ceipnarcismonturiol\/wp-content\/uploads\/usu821\/2022\/12\/RECAPTACIO-MARATO-TV3-2022.jpg\" alt=\"\" width=\"1080\" height=\"1080\" srcset=\"https:\/\/agora.xtec.cat\/ceipnarcismonturiol\/wp-content\/uploads\/usu821\/2022\/12\/RECAPTACIO-MARATO-TV3-2022.jpg 1080w, https:\/\/agora.xtec.cat\/ceipnarcismonturiol\/wp-content\/uploads\/usu821\/2022\/12\/RECAPTACIO-MARATO-TV3-2022-300x300.jpg 300w, https:\/\/agora.xtec.cat\/ceipnarcismonturiol\/wp-content\/uploads\/usu821\/2022\/12\/RECAPTACIO-MARATO-TV3-2022-1024x1024.jpg 1024w, https:\/\/agora.xtec.cat\/ceipnarcismonturiol\/wp-content\/uploads\/usu821\/2022\/12\/RECAPTACIO-MARATO-TV3-2022-150x150.jpg 150w, https:\/\/agora.xtec.cat\/ceipnarcismonturiol\/wp-content\/uploads\/usu821\/2022\/12\/RECAPTACIO-MARATO-TV3-2022-768x768.jpg 768w\" sizes=\"auto, (max-width: 1080px) 100vw, 1080px\" \/><\/a><\/p>\n<p><a href=\"https:\/\/agora.xtec.cat\/ceipnarcismonturiol\/wp-content\/uploads\/usu821\/2022\/12\/RECAPTACIO-MARATO-TV3-2022-2.jpg\"><img loading=\"lazy\" decoding=\"async\" class=\"alignnone wp-image-1277 size-full\" src=\"https:\/\/agora.xtec.cat\/ceipnarcismonturiol\/wp-content\/uploads\/usu821\/2022\/12\/RECAPTACIO-MARATO-TV3-2022-2.jpg\" alt=\"\" width=\"872\" height=\"598\" srcset=\"https:\/\/agora.xtec.cat\/ceipnarcismonturiol\/wp-content\/uploads\/usu821\/2022\/12\/RECAPTACIO-MARATO-TV3-2022-2.jpg 872w, https:\/\/agora.xtec.cat\/ceipnarcismonturiol\/wp-content\/uploads\/usu821\/2022\/12\/RECAPTACIO-MARATO-TV3-2022-2-300x206.jpg 300w, https:\/\/agora.xtec.cat\/ceipnarcismonturiol\/wp-content\/uploads\/usu821\/2022\/12\/RECAPTACIO-MARATO-TV3-2022-2-768x527.jpg 768w\" sizes=\"auto, (max-width: 872px) 100vw, 872px\" \/><\/a><\/p>\n","protected":false},"excerpt":{"rendered":"<p>Benvolgudes fam\u00edlies,<br \/>\nVolem agra\u00efr a tothom haver pogut col.laborar un any m\u00e9s amb la @lamaratotv3<br \/>\nMolt\u00edssimes gr\u00e0cies un cop m\u00e9s!<br \/>\n<a href=\"https:\/\/agora.xtec.cat\/ceipnarcismonturiol\/wp-content\/uploads\/usu821\/2022\/12\/RECAPTACIO-MARATO-TV3-2022.jpg\"><\/a><br \/>\n<a href=\"https:\/\/agora.xtec.cat\/ceipnarcismonturiol\/wp-content\/uploads\/usu821\/2022\/12\/RECAPTACIO-MARATO-TV3-2022-2.jpg\"><\/a><\/p>\n","protected":false},"author":1,"featured_media":1276,"comment_status":"open","ping_status":"closed","sticky":false,"template":"","format":"standard","meta":{"_bbp_topic_count":0,"_bbp_reply_count":0,"_bbp_total_topic_count":0,"_bbp_total_reply_count":0,"_bbp_voice_count":0,"_bbp_anonymous_reply_count":0,"_bbp_topic_count_hidden":0,"_bbp_reply_count_hidden":0,"_bbp_forum_subforum_count":0,"footnotes":""},"categories":[7,1,4],"tags":[],"class_list":["post-1275","post","type-post","status-publish","format-standard","has-post-thumbnail","hentry","category-afa","category-general","category-portada"],"post_mailing_queue_ids":[],"_links":{"self":[{"href":"https:\/\/agora.xtec.cat\/ceipnarcismonturiol\/wp-json\/wp\/v2\/posts\/1275","targetHints":{"allow":["GET"]}}],"collection":[{"href":"https:\/\/agora.xtec.cat\/ceipnarcismonturiol\/wp-json\/wp\/v2\/posts"}],"about":[{"href":"https:\/\/agora.xtec.cat\/ceipnarcismonturiol\/wp-json\/wp\/v2\/types\/post"}],"author":[{"embeddable":true,"href":"https:\/\/agora.xtec.cat\/ceipnarcismonturiol\/wp-json\/wp\/v2\/users\/1"}],"replies":[{"embeddable":true,"href":"https:\/\/agora.xtec.cat\/ceipnarcismonturiol\/wp-json\/wp\/v2\/comments?post=1275"}],"version-history":[{"count":3,"href":"https:\/\/agora.xtec.cat\/ceipnarcismonturiol\/wp-json\/wp\/v2\/posts\/1275\/revisions"}],"predecessor-version":[{"id":1280,"href":"https:\/\/agora.xtec.cat\/ceipnarcismonturiol\/wp-json\/wp\/v2\/posts\/1275\/revisions\/1280"}],"wp:featuredmedia":[{"embeddable":true,"href":"https:\/\/agora.xtec.cat\/ceipnarcismonturiol\/wp-json\/wp\/v2\/media\/1276"}],"wp:attachment":[{"href":"https:\/\/agora.xtec.cat\/ceipnarcismonturiol\/wp-json\/wp\/v2\/media?parent=1275"}],"wp:term":[{"taxonomy":"category","embeddable":true,"href":"https:\/\/agora.xtec.cat\/ceipnarcismonturiol\/wp-json\/wp\/v2\/categories?post=1275"},{"taxonomy":"post_tag","embeddable":true,"href":"https:\/\/agora.xtec.cat\/ceipnarcismonturiol\/wp-json\/wp\/v2\/tags?post=1275"}],"curies":[{"name":"wp","href":"https:\/\/api.w.org\/{rel}","templated":true}]}}