{"id":1142,"date":"2022-03-14T16:36:41","date_gmt":"2022-03-14T15:36:41","guid":{"rendered":"https:\/\/agora.xtec.cat\/ceipnarcismonturiol\/?p=1142"},"modified":"2022-03-14T16:36:41","modified_gmt":"2022-03-14T15:36:41","slug":"prou-imposicions-anem-a-la-vaga","status":"publish","type":"post","link":"https:\/\/agora.xtec.cat\/ceipnarcismonturiol\/general\/prou-imposicions-anem-a-la-vaga\/","title":{"rendered":"Prou imposicions, ANEM A LA VAGA!"},"content":{"rendered":"<p>Benvolgudes fam\u00edlies,<\/p>\n<p>Us informem que les organitzacions sindicals USTEC-STES, CCOO, I-CSC, ASPEPC-SPS, UGT, USOC i CGT han convocat una vaga per als dies 15, 16, 17, 29 i 30 de mar\u00e7 de 2022 que afecta al personal docent funcionari de carrera, en pr\u00e0ctiques i inter\u00ed del Departament d&#8217;Educaci\u00f3.<\/p>\n<p>La vaga, amb les seves reivindicacions concretes, persegueix aconseguir millores en el conjunt del sistema educatiu. La fem pensant tamb\u00e9 en el nostre alumnat, perqu\u00e8 garantir una educaci\u00f3 p\u00fablica de qualitat \u00e9s apostar per una societat m\u00e9s justa i democr\u00e0tica.<\/p>\n<p>Us comuniquem que el claustre de la nostra escola ha decidit majorit\u00e0riament adherir-se al seu dret a vaga el proper <strong>dimarts 15 de mar\u00e7<\/strong>, de manera que <strong>aquest dia no hi haur\u00e0 classes<\/strong>.<\/p>\n<p>Tal i com \u00e9s prescriptiu, l&#8217;escola complir\u00e0 amb els serveis m\u00ednims establerts i exigits segons la normativa vigent, per vigilar i atendre l\u2019alumat que assisteixi al centre.<\/p>\n<p>Cal tenir en compte que els altres dies de convocat\u00f2ria de vaga hi pot haver seguiment per part d\u2019alguns docents, de manera que les classes d\u2019alguns grups i\/o mat\u00e8ries es poden veure tamb\u00e9 afectades. Anirem donant informaci\u00f3 m\u00e9s concreta del seguiment de la vaga la resta de dies a mesura que l\u2019anem coneixent.<\/p>\n<p>Atentament,<\/p>\n<p>El Claustre de l\u2019Escola Narc\u00eds Monturiol<\/p>\n<p><a href=\"https:\/\/agora.xtec.cat\/ceipnarcismonturiol\/wp-content\/uploads\/usu821\/2022\/03\/Prou_imposicions_ANEM_A_LA_VAGA.jpg\"><img loading=\"lazy\" decoding=\"async\" class=\"size-large wp-image-1143 aligncenter\" src=\"https:\/\/agora.xtec.cat\/ceipnarcismonturiol\/wp-content\/uploads\/usu821\/2022\/03\/Prou_imposicions_ANEM_A_LA_VAGA-724x1024.jpg\" alt=\"\" width=\"724\" height=\"1024\" srcset=\"https:\/\/agora.xtec.cat\/ceipnarcismonturiol\/wp-content\/uploads\/usu821\/2022\/03\/Prou_imposicions_ANEM_A_LA_VAGA-724x1024.jpg 724w, https:\/\/agora.xtec.cat\/ceipnarcismonturiol\/wp-content\/uploads\/usu821\/2022\/03\/Prou_imposicions_ANEM_A_LA_VAGA-212x300.jpg 212w, https:\/\/agora.xtec.cat\/ceipnarcismonturiol\/wp-content\/uploads\/usu821\/2022\/03\/Prou_imposicions_ANEM_A_LA_VAGA-768x1086.jpg 768w, https:\/\/agora.xtec.cat\/ceipnarcismonturiol\/wp-content\/uploads\/usu821\/2022\/03\/Prou_imposicions_ANEM_A_LA_VAGA-1086x1536.jpg 1086w, https:\/\/agora.xtec.cat\/ceipnarcismonturiol\/wp-content\/uploads\/usu821\/2022\/03\/Prou_imposicions_ANEM_A_LA_VAGA.jpg 1131w\" sizes=\"auto, (max-width: 724px) 100vw, 724px\" \/><\/a><a href=\"https:\/\/agora.xtec.cat\/ceipnarcismonturiol\/wp-content\/uploads\/usu821\/2022\/03\/INFOGRAFIA-VAGA.jpg\"><img loading=\"lazy\" decoding=\"async\" class=\"size-large wp-image-1144 aligncenter\" src=\"https:\/\/agora.xtec.cat\/ceipnarcismonturiol\/wp-content\/uploads\/usu821\/2022\/03\/INFOGRAFIA-VAGA-724x1024.jpg\" alt=\"\" width=\"724\" height=\"1024\" srcset=\"https:\/\/agora.xtec.cat\/ceipnarcismonturiol\/wp-content\/uploads\/usu821\/2022\/03\/INFOGRAFIA-VAGA-724x1024.jpg 724w, https:\/\/agora.xtec.cat\/ceipnarcismonturiol\/wp-content\/uploads\/usu821\/2022\/03\/INFOGRAFIA-VAGA-212x300.jpg 212w, https:\/\/agora.xtec.cat\/ceipnarcismonturiol\/wp-content\/uploads\/usu821\/2022\/03\/INFOGRAFIA-VAGA-768x1086.jpg 768w, https:\/\/agora.xtec.cat\/ceipnarcismonturiol\/wp-content\/uploads\/usu821\/2022\/03\/INFOGRAFIA-VAGA-1086x1536.jpg 1086w, https:\/\/agora.xtec.cat\/ceipnarcismonturiol\/wp-content\/uploads\/usu821\/2022\/03\/INFOGRAFIA-VAGA.jpg 1131w\" sizes=\"auto, (max-width: 724px) 100vw, 724px\" \/><\/a><\/p>\n","protected":false},"excerpt":{"rendered":"<p>Benvolgudes fam\u00edlies,<br \/>\nUs informem que les organitzacions sindicals USTEC-STES, CCOO, I-CSC, ASPEPC-SPS, UGT, USOC i CGT han convocat una vaga per als dies 15, 16, 17, 29 i 30 de mar\u00e7 de 2022 que afecta al personal docent funcionari de carrera, en pr\u00e0ctiques i inter\u00ed del&hellip;  <a href=\"https:\/\/agora.xtec.cat\/ceipnarcismonturiol\/general\/prou-imposicions-anem-a-la-vaga\/\" title=\"Read Prou imposicions, ANEM A LA VAGA!\">Llegeix m\u00e9s\u00bb<\/a><\/p>\n","protected":false},"author":1,"featured_media":1143,"comment_status":"open","ping_status":"closed","sticky":false,"template":"","format":"standard","meta":{"_bbp_topic_count":0,"_bbp_reply_count":0,"_bbp_total_topic_count":0,"_bbp_total_reply_count":0,"_bbp_voice_count":0,"_bbp_anonymous_reply_count":0,"_bbp_topic_count_hidden":0,"_bbp_reply_count_hidden":0,"_bbp_forum_subforum_count":0,"footnotes":""},"categories":[7,1,4],"tags":[],"class_list":["post-1142","post","type-post","status-publish","format-standard","has-post-thumbnail","hentry","category-afa","category-general","category-portada"],"post_mailing_queue_ids":[],"_links":{"self":[{"href":"https:\/\/agora.xtec.cat\/ceipnarcismonturiol\/wp-json\/wp\/v2\/posts\/1142","targetHints":{"allow":["GET"]}}],"collection":[{"href":"https:\/\/agora.xtec.cat\/ceipnarcismonturiol\/wp-json\/wp\/v2\/posts"}],"about":[{"href":"https:\/\/agora.xtec.cat\/ceipnarcismonturiol\/wp-json\/wp\/v2\/types\/post"}],"author":[{"embeddable":true,"href":"https:\/\/agora.xtec.cat\/ceipnarcismonturiol\/wp-json\/wp\/v2\/users\/1"}],"replies":[{"embeddable":true,"href":"https:\/\/agora.xtec.cat\/ceipnarcismonturiol\/wp-json\/wp\/v2\/comments?post=1142"}],"version-history":[{"count":1,"href":"https:\/\/agora.xtec.cat\/ceipnarcismonturiol\/wp-json\/wp\/v2\/posts\/1142\/revisions"}],"predecessor-version":[{"id":1145,"href":"https:\/\/agora.xtec.cat\/ceipnarcismonturiol\/wp-json\/wp\/v2\/posts\/1142\/revisions\/1145"}],"wp:featuredmedia":[{"embeddable":true,"href":"https:\/\/agora.xtec.cat\/ceipnarcismonturiol\/wp-json\/wp\/v2\/media\/1143"}],"wp:attachment":[{"href":"https:\/\/agora.xtec.cat\/ceipnarcismonturiol\/wp-json\/wp\/v2\/media?parent=1142"}],"wp:term":[{"taxonomy":"category","embeddable":true,"href":"https:\/\/agora.xtec.cat\/ceipnarcismonturiol\/wp-json\/wp\/v2\/categories?post=1142"},{"taxonomy":"post_tag","embeddable":true,"href":"https:\/\/agora.xtec.cat\/ceipnarcismonturiol\/wp-json\/wp\/v2\/tags?post=1142"}],"curies":[{"name":"wp","href":"https:\/\/api.w.org\/{rel}","templated":true}]}}