{"id":1007,"date":"2022-01-27T13:12:57","date_gmt":"2022-01-27T12:12:57","guid":{"rendered":"https:\/\/agora.xtec.cat\/ceipnarcismonturiol\/?p=1007"},"modified":"2022-01-27T13:17:56","modified_gmt":"2022-01-27T12:17:56","slug":"conferencia-el-nostre-planeta-el-nostre-compromis","status":"publish","type":"post","link":"https:\/\/agora.xtec.cat\/ceipnarcismonturiol\/general\/conferencia-el-nostre-planeta-el-nostre-compromis\/","title":{"rendered":"Confer\u00e8ncia \u201cEl nostre planeta, el nostre comprom\u00eds\u201d"},"content":{"rendered":"<p><img loading=\"lazy\" decoding=\"async\" class=\"alignnone size-full wp-image-1008\" src=\"https:\/\/agora.xtec.cat\/ceipnarcismonturiol\/wp-content\/uploads\/usu821\/2022\/01\/Targeto\u0301-FKJ.png\" alt=\"\" width=\"1404\" height=\"793\" srcset=\"https:\/\/agora.xtec.cat\/ceipnarcismonturiol\/wp-content\/uploads\/usu821\/2022\/01\/Targeto\u0301-FKJ.png 1404w, https:\/\/agora.xtec.cat\/ceipnarcismonturiol\/wp-content\/uploads\/usu821\/2022\/01\/Targeto\u0301-FKJ-300x169.png 300w, https:\/\/agora.xtec.cat\/ceipnarcismonturiol\/wp-content\/uploads\/usu821\/2022\/01\/Targeto\u0301-FKJ-1024x578.png 1024w, https:\/\/agora.xtec.cat\/ceipnarcismonturiol\/wp-content\/uploads\/usu821\/2022\/01\/Targeto\u0301-FKJ-768x434.png 768w\" sizes=\"auto, (max-width: 1404px) 100vw, 1404px\" \/>Benvolgudes fam\u00edlies,<\/p>\n<p>Avui l\u2019alumnat de 5\u00e8 i 6\u00e8 de la nostra escola s&#8217;ha connectat a la confer\u00e8ncia \u201cEl nostre planeta, el nostre comprom\u00eds\u201d a c\u00e0rrec de la ponent N\u00faria Burgada. L&#8217;altre ponent havia de ser Kilian Jornet, per\u00f2 el corredor de muntanya finalment no hi ha pogut assistir.<\/p>\n<p>Aquesta confer\u00e8ncia s\u2019emmarca dins de les accions programades per la Xarxa d\u2019escoles del Parc Natural del Cap de Creus i est\u00e0 relacionada amb l&#8217;activitat del Correcull que properament realitzaran els alumnes de 6\u00e8 de la nostra escola.<\/p>\n<p>Esperem que els hi hagi resultat interessant.<\/p>\n","protected":false},"excerpt":{"rendered":"<p>Benvolgudes fam\u00edlies,<br \/>\nAvui l\u2019alumnat de 5\u00e8 i 6\u00e8 de la nostra escola s&#8217;ha connectat a la confer\u00e8ncia \u201cEl nostre planeta, el nostre comprom\u00eds\u201d a c\u00e0rrec de la ponent N\u00faria Burgada. L&#8217;altre ponent havia de ser Kilian Jornet, per\u00f2 el corredor de muntanya finalment no hi ha&hellip;  <a href=\"https:\/\/agora.xtec.cat\/ceipnarcismonturiol\/general\/conferencia-el-nostre-planeta-el-nostre-compromis\/\" title=\"Read Confer\u00e8ncia \u201cEl nostre planeta, el nostre comprom\u00eds\u201d\">Llegeix m\u00e9s\u00bb<\/a><\/p>\n","protected":false},"author":1,"featured_media":1008,"comment_status":"open","ping_status":"closed","sticky":false,"template":"","format":"standard","meta":{"_bbp_topic_count":0,"_bbp_reply_count":0,"_bbp_total_topic_count":0,"_bbp_total_reply_count":0,"_bbp_voice_count":0,"_bbp_anonymous_reply_count":0,"_bbp_topic_count_hidden":0,"_bbp_reply_count_hidden":0,"_bbp_forum_subforum_count":0,"footnotes":""},"categories":[7,1,4],"tags":[],"class_list":["post-1007","post","type-post","status-publish","format-standard","has-post-thumbnail","hentry","category-afa","category-general","category-portada"],"post_mailing_queue_ids":[],"_links":{"self":[{"href":"https:\/\/agora.xtec.cat\/ceipnarcismonturiol\/wp-json\/wp\/v2\/posts\/1007","targetHints":{"allow":["GET"]}}],"collection":[{"href":"https:\/\/agora.xtec.cat\/ceipnarcismonturiol\/wp-json\/wp\/v2\/posts"}],"about":[{"href":"https:\/\/agora.xtec.cat\/ceipnarcismonturiol\/wp-json\/wp\/v2\/types\/post"}],"author":[{"embeddable":true,"href":"https:\/\/agora.xtec.cat\/ceipnarcismonturiol\/wp-json\/wp\/v2\/users\/1"}],"replies":[{"embeddable":true,"href":"https:\/\/agora.xtec.cat\/ceipnarcismonturiol\/wp-json\/wp\/v2\/comments?post=1007"}],"version-history":[{"count":1,"href":"https:\/\/agora.xtec.cat\/ceipnarcismonturiol\/wp-json\/wp\/v2\/posts\/1007\/revisions"}],"predecessor-version":[{"id":1009,"href":"https:\/\/agora.xtec.cat\/ceipnarcismonturiol\/wp-json\/wp\/v2\/posts\/1007\/revisions\/1009"}],"wp:featuredmedia":[{"embeddable":true,"href":"https:\/\/agora.xtec.cat\/ceipnarcismonturiol\/wp-json\/wp\/v2\/media\/1008"}],"wp:attachment":[{"href":"https:\/\/agora.xtec.cat\/ceipnarcismonturiol\/wp-json\/wp\/v2\/media?parent=1007"}],"wp:term":[{"taxonomy":"category","embeddable":true,"href":"https:\/\/agora.xtec.cat\/ceipnarcismonturiol\/wp-json\/wp\/v2\/categories?post=1007"},{"taxonomy":"post_tag","embeddable":true,"href":"https:\/\/agora.xtec.cat\/ceipnarcismonturiol\/wp-json\/wp\/v2\/tags?post=1007"}],"curies":[{"name":"wp","href":"https:\/\/api.w.org\/{rel}","templated":true}]}}