{"id":911,"date":"2020-10-14T12:56:10","date_gmt":"2020-10-14T10:56:10","guid":{"rendered":"https:\/\/agora.xtec.cat\/ceipmontserrat\/?p=911"},"modified":"2020-10-24T10:41:11","modified_gmt":"2020-10-24T08:41:11","slug":"jornada-comunitats-daprenentatge","status":"publish","type":"post","link":"https:\/\/agora.xtec.cat\/ceipmontserrat\/general\/jornada-comunitats-daprenentatge\/","title":{"rendered":"Jornada Comunitats d&#8217;Aprenentatge"},"content":{"rendered":"<p>El proper dissabte 24 d&#8217;octubre l&#8217;equip de mestres de l&#8217;escola assistir\u00e0 a la Jornada virtual de Comunitats d&#8217;Aprenentatge.<\/p>\n<p>Aquest any ser\u00e0 en format virtual i podrem seguir aprenent i millorant a trav\u00e9s de les millors evid\u00e8ncies cient\u00edfiques. A m\u00e9s, aquest any podrem escoltar experi\u00e8ncies d&#8217;altres centres educatius sobre com han seguit aplicant les Actuacions Educactives d&#8217;\u00c8xit en \u00e8poca de pand\u00e8mia per la Covid19.<\/p>\n<p>Esteu tots i totes convidades a assistir-hi, nom\u00e9s cal formalitzar la inscripci\u00f3 abans del dijous 22 d&#8217;octubre.<\/p>\n<p>Aqu\u00ed us deixem l&#8217;enlla\u00e7 del programa de la Jornada:<\/p>\n<p><a href=\"https:\/\/agora.xtec.cat\/ceipmontserrat\/wp-content\/uploads\/usu1716\/2020\/10\/Jornada-professorat-novell-CdA.pdf\">Jornada professorat novell Cd&#8217;A<\/a><\/p>\n","protected":false},"excerpt":{"rendered":"<p>El proper dissabte 24 d&#8217;octubre l&#8217;equip de mestres de l&#8217;escola assistir\u00e0 a la Jornada virtual de Comunitats d&#8217;Aprenentatge.<br \/>\nAquest any ser\u00e0 en format virtual i podrem seguir aprenent i millorant a trav\u00e9s de les millors evid\u00e8ncies cient\u00edfiques. A m\u00e9s, aquest any podrem escoltar experi\u00e8ncies d&#8217;altres centres&hellip;  <a href=\"https:\/\/agora.xtec.cat\/ceipmontserrat\/general\/jornada-comunitats-daprenentatge\/\" title=\"Read Jornada Comunitats d&#8217;Aprenentatge\">Llegeix m\u00e9s\u00bb<\/a><\/p>\n","protected":false},"author":1,"featured_media":912,"comment_status":"open","ping_status":"closed","sticky":false,"template":"","format":"standard","meta":{"_bbp_topic_count":0,"_bbp_reply_count":0,"_bbp_total_topic_count":0,"_bbp_total_reply_count":0,"_bbp_voice_count":0,"_bbp_anonymous_reply_count":0,"_bbp_topic_count_hidden":0,"_bbp_reply_count_hidden":0,"_bbp_forum_subforum_count":0,"footnotes":""},"categories":[1,4],"tags":[],"class_list":["post-911","post","type-post","status-publish","format-standard","has-post-thumbnail","hentry","category-general","category-portada"],"post_mailing_queue_ids":[],"_links":{"self":[{"href":"https:\/\/agora.xtec.cat\/ceipmontserrat\/wp-json\/wp\/v2\/posts\/911","targetHints":{"allow":["GET"]}}],"collection":[{"href":"https:\/\/agora.xtec.cat\/ceipmontserrat\/wp-json\/wp\/v2\/posts"}],"about":[{"href":"https:\/\/agora.xtec.cat\/ceipmontserrat\/wp-json\/wp\/v2\/types\/post"}],"author":[{"embeddable":true,"href":"https:\/\/agora.xtec.cat\/ceipmontserrat\/wp-json\/wp\/v2\/users\/1"}],"replies":[{"embeddable":true,"href":"https:\/\/agora.xtec.cat\/ceipmontserrat\/wp-json\/wp\/v2\/comments?post=911"}],"version-history":[{"count":1,"href":"https:\/\/agora.xtec.cat\/ceipmontserrat\/wp-json\/wp\/v2\/posts\/911\/revisions"}],"predecessor-version":[{"id":914,"href":"https:\/\/agora.xtec.cat\/ceipmontserrat\/wp-json\/wp\/v2\/posts\/911\/revisions\/914"}],"wp:featuredmedia":[{"embeddable":true,"href":"https:\/\/agora.xtec.cat\/ceipmontserrat\/wp-json\/wp\/v2\/media\/912"}],"wp:attachment":[{"href":"https:\/\/agora.xtec.cat\/ceipmontserrat\/wp-json\/wp\/v2\/media?parent=911"}],"wp:term":[{"taxonomy":"category","embeddable":true,"href":"https:\/\/agora.xtec.cat\/ceipmontserrat\/wp-json\/wp\/v2\/categories?post=911"},{"taxonomy":"post_tag","embeddable":true,"href":"https:\/\/agora.xtec.cat\/ceipmontserrat\/wp-json\/wp\/v2\/tags?post=911"}],"curies":[{"name":"wp","href":"https:\/\/api.w.org\/{rel}","templated":true}]}}