{"id":866,"date":"2020-07-22T11:44:22","date_gmt":"2020-07-22T09:44:22","guid":{"rendered":"https:\/\/agora.xtec.cat\/ceipmontserrat\/?p=866"},"modified":"2020-09-08T13:34:52","modified_gmt":"2020-09-08T11:34:52","slug":"pla-obertura-setembre-provisional","status":"publish","type":"post","link":"https:\/\/agora.xtec.cat\/ceipmontserrat\/general\/pla-obertura-setembre-provisional\/","title":{"rendered":"PLA OBERTURA CURS 2020 &#8211; 2021"},"content":{"rendered":"<p>Seguint les instruccions del Departament d&#8217;Educaci\u00f3 i de les autoritats sanit\u00e0ries (PROCICAT), la direcci\u00f3 del centre hem elaborat el Pla d&#8217;Obertura de l&#8217;escola pel curs 2020-2021,\u00a0dins el marc <strong>&#8220;ESCOLES OBERTES, ESCOLES SEGURES&#8221;<\/strong><\/p>\n<p>Adjuntem el document <a href=\"https:\/\/agora.xtec.cat\/ceipmontserrat\/wp-content\/uploads\/usu1716\/2020\/07\/plab-1.pdf\">Pla d&#8217;Obertura curs 2020-2021<\/a><\/p>\n<p>Bon inici de curs a tothom!<\/p>\n<p>Us saluda,<\/p>\n<p>La direcci\u00f3<\/p>\n","protected":false},"excerpt":{"rendered":"<p>Seguint les instruccions del Departament d&#8217;Educaci\u00f3 i de les autoritats sanit\u00e0ries (PROCICAT), la direcci\u00f3 del centre hem elaborat el Pla d&#8217;Obertura de l&#8217;escola pel curs 2020-2021,\u00a0dins el marc &#8220;ESCOLES OBERTES, ESCOLES SEGURES&#8221;<br \/>\nAdjuntem el document <a href=\"https:\/\/agora.xtec.cat\/ceipmontserrat\/wp-content\/uploads\/usu1716\/2020\/07\/plab-1.pdf\">Pla d&#8217;Obertura curs 2020-2021<\/a><br \/>\nBon inici de curs a tothom!<br \/>\nUs saluda,<br \/>\nLa&hellip;  <a href=\"https:\/\/agora.xtec.cat\/ceipmontserrat\/general\/pla-obertura-setembre-provisional\/\" title=\"Read PLA OBERTURA CURS 2020 &#8211; 2021\">Llegeix m\u00e9s\u00bb<\/a><\/p>\n","protected":false},"author":1,"featured_media":868,"comment_status":"open","ping_status":"closed","sticky":false,"template":"","format":"standard","meta":{"_bbp_topic_count":0,"_bbp_reply_count":0,"_bbp_total_topic_count":0,"_bbp_total_reply_count":0,"_bbp_voice_count":0,"_bbp_anonymous_reply_count":0,"_bbp_topic_count_hidden":0,"_bbp_reply_count_hidden":0,"_bbp_forum_subforum_count":0,"footnotes":""},"categories":[1,4],"tags":[],"class_list":["post-866","post","type-post","status-publish","format-standard","has-post-thumbnail","hentry","category-general","category-portada"],"post_mailing_queue_ids":[],"_links":{"self":[{"href":"https:\/\/agora.xtec.cat\/ceipmontserrat\/wp-json\/wp\/v2\/posts\/866","targetHints":{"allow":["GET"]}}],"collection":[{"href":"https:\/\/agora.xtec.cat\/ceipmontserrat\/wp-json\/wp\/v2\/posts"}],"about":[{"href":"https:\/\/agora.xtec.cat\/ceipmontserrat\/wp-json\/wp\/v2\/types\/post"}],"author":[{"embeddable":true,"href":"https:\/\/agora.xtec.cat\/ceipmontserrat\/wp-json\/wp\/v2\/users\/1"}],"replies":[{"embeddable":true,"href":"https:\/\/agora.xtec.cat\/ceipmontserrat\/wp-json\/wp\/v2\/comments?post=866"}],"version-history":[{"count":4,"href":"https:\/\/agora.xtec.cat\/ceipmontserrat\/wp-json\/wp\/v2\/posts\/866\/revisions"}],"predecessor-version":[{"id":875,"href":"https:\/\/agora.xtec.cat\/ceipmontserrat\/wp-json\/wp\/v2\/posts\/866\/revisions\/875"}],"wp:featuredmedia":[{"embeddable":true,"href":"https:\/\/agora.xtec.cat\/ceipmontserrat\/wp-json\/wp\/v2\/media\/868"}],"wp:attachment":[{"href":"https:\/\/agora.xtec.cat\/ceipmontserrat\/wp-json\/wp\/v2\/media?parent=866"}],"wp:term":[{"taxonomy":"category","embeddable":true,"href":"https:\/\/agora.xtec.cat\/ceipmontserrat\/wp-json\/wp\/v2\/categories?post=866"},{"taxonomy":"post_tag","embeddable":true,"href":"https:\/\/agora.xtec.cat\/ceipmontserrat\/wp-json\/wp\/v2\/tags?post=866"}],"curies":[{"name":"wp","href":"https:\/\/api.w.org\/{rel}","templated":true}]}}