{"id":811,"date":"2020-05-28T11:12:15","date_gmt":"2020-05-28T09:12:15","guid":{"rendered":"https:\/\/agora.xtec.cat\/ceipmontserrat\/?p=811"},"modified":"2020-05-28T11:12:15","modified_gmt":"2020-05-28T09:12:15","slug":"pla-obertura-centres-educatius","status":"publish","type":"post","link":"https:\/\/agora.xtec.cat\/ceipmontserrat\/general\/pla-obertura-centres-educatius\/","title":{"rendered":"PLA OBERTURA CENTRES EDUCATIUS"},"content":{"rendered":"<p>Benvolgudes fam\u00edlies de l&#8217;escola,<\/p>\n<p>Fa uns dies el Conseller d&#8217;Educaci\u00f3, el sr. Josep Bargall\u00f3, va informar, en roda de premsa, de les instruccions per a la reobertura de les escoles.<\/p>\n<p>Des de la direcci\u00f3 estem elaborant el Pla d&#8217;Obertura de la nostra escola, seguint les instruccions donades pel Departament d&#8217;Educaci\u00f3.<\/p>\n<p>L&#8217;obertura s&#8217;iniciar\u00e0 quan entrem en <strong>fase 2, previst per la setmana del 8 de juny fins el 19 de juny<\/strong>, per\u00f2 variable en funci\u00f3 de l&#8217;evoluci\u00f3 de la pand\u00e8mia del COVID19.<\/p>\n<p>El retorn a l&#8217;escola ser\u00e0 <strong>VOLUNT\u00c0RI <\/strong>per part de les fam\u00edlies, i les mestres seguirem com fins ara amb el <strong>treball online<\/strong> amb tot l&#8217;alumnat.<\/p>\n<p>L&#8217;escola atendr\u00e0 l&#8217;alumnat dels diferents cursos:<\/p>\n<p><strong>EDUCACI\u00d3 INFANTIL (P3, P4, P5):<\/strong> De 9h a 13h. Nom\u00e9s per l&#8217;alumnat, les fam\u00edlies dels quals, no puguin fer-se c\u00e0rrec dels fills\/es per incompatibilitat laboral. <strong>Les tutores es posaran en contacte amb vosaltres.<\/strong><\/p>\n<p><strong>1r, 2n, 3r, 4t i 5\u00e8 de PRIM\u00c0RIA: <\/strong>Es realitzaran tutories individualitzades o en grups redu\u00efts. <strong>Les tutores es posaran en contacte amb vosaltres<\/strong> per concertar<strong> cita pr\u00e8via.<\/strong><\/p>\n<p><strong>6\u00e8 de PRIM\u00c0RIA:<\/strong> Acci\u00f3 educactiva presencial i acomiadament final d&#8217;etapa en grups redu\u00efts.<strong> La direcci\u00f3 es posar\u00e0 en contacte amb vosaltres.<\/strong><\/p>\n<p>La setmana vinent, quan el Pla estigui informat en Consell Escolar i aprovat per la Inspecci\u00f3, el publicarem a la web m\u00e9s detalladament.<\/p>\n<p>Us saluda,<\/p>\n<p>La direcci\u00f3<\/p>\n","protected":false},"excerpt":{"rendered":"<p>Benvolgudes fam\u00edlies de l&#8217;escola,<br \/>\nFa uns dies el Conseller d&#8217;Educaci\u00f3, el sr. Josep Bargall\u00f3, va informar, en roda de premsa, de les instruccions per a la reobertura de les escoles.<br \/>\nDes de la direcci\u00f3 estem elaborant el Pla d&#8217;Obertura de la nostra escola, seguint les instruccions donades&hellip;  <a href=\"https:\/\/agora.xtec.cat\/ceipmontserrat\/general\/pla-obertura-centres-educatius\/\" title=\"Read PLA OBERTURA CENTRES EDUCATIUS\">Llegeix m\u00e9s\u00bb<\/a><\/p>\n","protected":false},"author":1,"featured_media":812,"comment_status":"open","ping_status":"closed","sticky":false,"template":"","format":"standard","meta":{"_bbp_topic_count":0,"_bbp_reply_count":0,"_bbp_total_topic_count":0,"_bbp_total_reply_count":0,"_bbp_voice_count":0,"_bbp_anonymous_reply_count":0,"_bbp_topic_count_hidden":0,"_bbp_reply_count_hidden":0,"_bbp_forum_subforum_count":0,"footnotes":""},"categories":[1,4],"tags":[],"class_list":["post-811","post","type-post","status-publish","format-standard","has-post-thumbnail","hentry","category-general","category-portada"],"post_mailing_queue_ids":[],"_links":{"self":[{"href":"https:\/\/agora.xtec.cat\/ceipmontserrat\/wp-json\/wp\/v2\/posts\/811","targetHints":{"allow":["GET"]}}],"collection":[{"href":"https:\/\/agora.xtec.cat\/ceipmontserrat\/wp-json\/wp\/v2\/posts"}],"about":[{"href":"https:\/\/agora.xtec.cat\/ceipmontserrat\/wp-json\/wp\/v2\/types\/post"}],"author":[{"embeddable":true,"href":"https:\/\/agora.xtec.cat\/ceipmontserrat\/wp-json\/wp\/v2\/users\/1"}],"replies":[{"embeddable":true,"href":"https:\/\/agora.xtec.cat\/ceipmontserrat\/wp-json\/wp\/v2\/comments?post=811"}],"version-history":[{"count":1,"href":"https:\/\/agora.xtec.cat\/ceipmontserrat\/wp-json\/wp\/v2\/posts\/811\/revisions"}],"predecessor-version":[{"id":813,"href":"https:\/\/agora.xtec.cat\/ceipmontserrat\/wp-json\/wp\/v2\/posts\/811\/revisions\/813"}],"wp:featuredmedia":[{"embeddable":true,"href":"https:\/\/agora.xtec.cat\/ceipmontserrat\/wp-json\/wp\/v2\/media\/812"}],"wp:attachment":[{"href":"https:\/\/agora.xtec.cat\/ceipmontserrat\/wp-json\/wp\/v2\/media?parent=811"}],"wp:term":[{"taxonomy":"category","embeddable":true,"href":"https:\/\/agora.xtec.cat\/ceipmontserrat\/wp-json\/wp\/v2\/categories?post=811"},{"taxonomy":"post_tag","embeddable":true,"href":"https:\/\/agora.xtec.cat\/ceipmontserrat\/wp-json\/wp\/v2\/tags?post=811"}],"curies":[{"name":"wp","href":"https:\/\/api.w.org\/{rel}","templated":true}]}}