{"id":763,"date":"2020-04-20T11:37:55","date_gmt":"2020-04-20T09:37:55","guid":{"rendered":"https:\/\/agora.xtec.cat\/ceipmontserrat\/?p=763"},"modified":"2020-04-24T13:48:08","modified_gmt":"2020-04-24T11:48:08","slug":"setmana-de-sant-jordi","status":"publish","type":"post","link":"https:\/\/agora.xtec.cat\/ceipmontserrat\/general\/setmana-de-sant-jordi\/","title":{"rendered":"SETMANA DE SANT JORDI"},"content":{"rendered":"<p>Hola nens i nenes i fam\u00edlies del Montserrat! S&#8217;acosta el 23 d&#8217;abril, la diada de Sant Jordi!<\/p>\n<p>Aquest any ser\u00e0 una mica diferent i no podrem triar i remenar contes i llibres, \u00e9s per aix\u00f2 que us els portem aqui! Durant aquesta setmana, en aquest espai de la web, posarem v\u00eddeos de contes explicats per l&#8217;equip de mestres de l&#8217;escola!<\/p>\n<p>L&#8217;<b>\u00c0frica<\/b>\u00a0ens explica el conte del <strong>PAFF EL DRAC M\u00c0GIC<\/strong>:<\/p>\n<p><a href=\"https:\/\/www.youtube.com\/watch?v=HKyhiwenyMc\">https:\/\/www.youtube.com\/watch?v=HKyhiwenyMc<\/a><\/p>\n<p>La <strong>Sara<\/strong> ens explica el conte: <strong>DE QU\u00c8 FA GUST LA LLUNA?<\/strong><\/p>\n<p><a href=\"https:\/\/www.youtube.com\/watch?v=SDWNJCDyYAw&amp;t=1s\">https:\/\/www.youtube.com\/watch?v=SDWNJCDyYAw&amp;t=1s<\/a><\/p>\n<p>La <strong>Maite<\/strong>, ens explica el conte de <strong>LA CAPUTXETA FOR\u00c7UDA<\/strong><\/p>\n<p><a href=\"https:\/\/youtu.be\/2khnuX09_58\">https:\/\/youtu.be\/2khnuX09_58<\/a><\/p>\n<p>La <strong>Marta de P3<\/strong> ens explica un conte que es diu <strong>EL REI DE LA CASA<\/strong><\/p>\n<p><a href=\"https:\/\/www.youtube.com\/watch?v=L_Mk_ttcskE&amp;feature=youtu.be\">https:\/\/www.youtube.com\/watch?v=L_Mk_ttcskE&amp;feature=youtu.be<\/a><\/p>\n<p>La <strong>Marta de P5<\/strong> explica el conte: <strong>PER QUATRE PETITES CANTONADES DE NO RES<\/strong><\/p>\n<p><a href=\"https:\/\/www.youtube.com\/watch?v=vgxTSioxhK0&amp;t=1s\">https:\/\/www.youtube.com\/watch?v=vgxTSioxhK0&amp;t=1s<\/a><\/p>\n","protected":false},"excerpt":{"rendered":"<p>Hola nens i nenes i fam\u00edlies del Montserrat! S&#8217;acosta el 23 d&#8217;abril, la diada de Sant Jordi!<br \/>\nAquest any ser\u00e0 una mica diferent i no podrem triar i remenar contes i llibres, \u00e9s per aix\u00f2 que us els portem aqui! Durant aquesta setmana, en aquest espai&hellip;  <a href=\"https:\/\/agora.xtec.cat\/ceipmontserrat\/general\/setmana-de-sant-jordi\/\" title=\"Read SETMANA DE SANT JORDI\">Llegeix m\u00e9s\u00bb<\/a><\/p>\n","protected":false},"author":1,"featured_media":764,"comment_status":"open","ping_status":"closed","sticky":false,"template":"","format":"standard","meta":{"_bbp_topic_count":0,"_bbp_reply_count":0,"_bbp_total_topic_count":0,"_bbp_total_reply_count":0,"_bbp_voice_count":0,"_bbp_anonymous_reply_count":0,"_bbp_topic_count_hidden":0,"_bbp_reply_count_hidden":0,"_bbp_forum_subforum_count":0,"footnotes":""},"categories":[1,2,4,5],"tags":[],"class_list":["post-763","post","type-post","status-publish","format-standard","has-post-thumbnail","hentry","category-general","category-infantil","category-portada","category-primaria"],"post_mailing_queue_ids":[],"_links":{"self":[{"href":"https:\/\/agora.xtec.cat\/ceipmontserrat\/wp-json\/wp\/v2\/posts\/763","targetHints":{"allow":["GET"]}}],"collection":[{"href":"https:\/\/agora.xtec.cat\/ceipmontserrat\/wp-json\/wp\/v2\/posts"}],"about":[{"href":"https:\/\/agora.xtec.cat\/ceipmontserrat\/wp-json\/wp\/v2\/types\/post"}],"author":[{"embeddable":true,"href":"https:\/\/agora.xtec.cat\/ceipmontserrat\/wp-json\/wp\/v2\/users\/1"}],"replies":[{"embeddable":true,"href":"https:\/\/agora.xtec.cat\/ceipmontserrat\/wp-json\/wp\/v2\/comments?post=763"}],"version-history":[{"count":3,"href":"https:\/\/agora.xtec.cat\/ceipmontserrat\/wp-json\/wp\/v2\/posts\/763\/revisions"}],"predecessor-version":[{"id":785,"href":"https:\/\/agora.xtec.cat\/ceipmontserrat\/wp-json\/wp\/v2\/posts\/763\/revisions\/785"}],"wp:featuredmedia":[{"embeddable":true,"href":"https:\/\/agora.xtec.cat\/ceipmontserrat\/wp-json\/wp\/v2\/media\/764"}],"wp:attachment":[{"href":"https:\/\/agora.xtec.cat\/ceipmontserrat\/wp-json\/wp\/v2\/media?parent=763"}],"wp:term":[{"taxonomy":"category","embeddable":true,"href":"https:\/\/agora.xtec.cat\/ceipmontserrat\/wp-json\/wp\/v2\/categories?post=763"},{"taxonomy":"post_tag","embeddable":true,"href":"https:\/\/agora.xtec.cat\/ceipmontserrat\/wp-json\/wp\/v2\/tags?post=763"}],"curies":[{"name":"wp","href":"https:\/\/api.w.org\/{rel}","templated":true}]}}