{"id":655,"date":"2020-03-25T10:33:40","date_gmt":"2020-03-25T09:33:40","guid":{"rendered":"https:\/\/agora.xtec.cat\/ceipmontserrat\/?p=655"},"modified":"2020-03-30T13:01:13","modified_gmt":"2020-03-30T11:01:13","slug":"contes-joemquedoacasa","status":"publish","type":"post","link":"https:\/\/agora.xtec.cat\/ceipmontserrat\/general\/contes-joemquedoacasa\/","title":{"rendered":"CONTES #joemquedoacasa"},"content":{"rendered":"<p>Bon dia a tots i totes! Aqu\u00ed, us anirem penjant contes perqu\u00e8 pogueu llegir i mirar des de casa.<\/p>\n<p>\ud83d\udca1 Hi ha contes per educaci\u00f3 infantil i tamb\u00e9 per educaci\u00f3 prim\u00e0ria!<\/p>\n<p>Germans i germanes grans, recordeu ajudar als petits\/es a llegir, tal i com fem durant l&#8217;apadrinament lector \ud83d\ude00<\/p>\n<p><strong>EDUCACI\u00d3 INFANTIL (P3, P4, P5)<\/strong><\/p>\n<p><a href=\"https:\/\/agora.xtec.cat\/ceipmontserrat\/wp-content\/uploads\/usu1716\/2020\/03\/A-QUI-LI-AGRADA-ANAR-AMB-BARRET.pdf\">A QUI LI AGRADA ANAR AMB BARRET<\/a><\/p>\n<p><a href=\"https:\/\/agora.xtec.cat\/ceipmontserrat\/wp-content\/uploads\/usu1716\/2020\/03\/MIRAR-EL-CEL.pdf\">MIRAR EL CEL<\/a><\/p>\n<p><a href=\"https:\/\/agora.xtec.cat\/ceipmontserrat\/wp-content\/uploads\/usu1716\/2020\/03\/ANEM-AMB-TREN.pdf\">ANEM AMB TREN<\/a><\/p>\n<p><strong>EDUCACI\u00d3 PRIM\u00c0RIA\u00a0<\/strong><\/p>\n<p><strong>Cicle Inicial (1r i 2n)<\/strong><\/p>\n<p><a href=\"https:\/\/agora.xtec.cat\/ceipmontserrat\/wp-content\/uploads\/usu1716\/2020\/03\/LA-COLLA-M\u00c0GICA.pdf\">LA COLLA M\u00c0GICA<\/a><\/p>\n<p><a href=\"https:\/\/agora.xtec.cat\/ceipmontserrat\/wp-content\/uploads\/usu1716\/2020\/03\/EL-PETIT-AVET.pdf\">EL PETIT AVET<\/a><\/p>\n<p><strong>Cicle Mitj\u00e0 i Cicle Superior (3r, 4t, 5\u00e8 i 6\u00e8)<\/strong><\/p>\n<p><a href=\"https:\/\/agora.xtec.cat\/ceipmontserrat\/wp-content\/uploads\/usu1716\/2020\/03\/EL-SOMNI-DEN-MATEU.pdf\">EL SOMNI D&#8217;EN MATEU<\/a><\/p>\n<p><a href=\"https:\/\/agora.xtec.cat\/ceipmontserrat\/wp-content\/uploads\/usu1716\/2020\/03\/LA-JULIA-T\u00c9-UN-ESTEL.pdf\">LA JULIA T\u00c9 UN ESTEL<\/a><\/p>\n","protected":false},"excerpt":{"rendered":"<p>Bon dia a tots i totes! Aqu\u00ed, us anirem penjant contes perqu\u00e8 pogueu llegir i mirar des de casa.<br \/>\n\ud83d\udca1 Hi ha contes per educaci\u00f3 infantil i tamb\u00e9 per educaci\u00f3 prim\u00e0ria!<br \/>\nGermans i germanes grans, recordeu ajudar als petits\/es a llegir, tal i com fem durant l&#8217;apadrinament&hellip;  <a href=\"https:\/\/agora.xtec.cat\/ceipmontserrat\/general\/contes-joemquedoacasa\/\" title=\"Read CONTES #joemquedoacasa\">Llegeix m\u00e9s\u00bb<\/a><\/p>\n","protected":false},"author":1,"featured_media":657,"comment_status":"open","ping_status":"closed","sticky":false,"template":"","format":"standard","meta":{"_bbp_topic_count":0,"_bbp_reply_count":0,"_bbp_total_topic_count":0,"_bbp_total_reply_count":0,"_bbp_voice_count":0,"_bbp_anonymous_reply_count":0,"_bbp_topic_count_hidden":0,"_bbp_reply_count_hidden":0,"_bbp_forum_subforum_count":0,"footnotes":""},"categories":[1,2,4,5],"tags":[],"class_list":["post-655","post","type-post","status-publish","format-standard","has-post-thumbnail","hentry","category-general","category-infantil","category-portada","category-primaria"],"post_mailing_queue_ids":[],"_links":{"self":[{"href":"https:\/\/agora.xtec.cat\/ceipmontserrat\/wp-json\/wp\/v2\/posts\/655","targetHints":{"allow":["GET"]}}],"collection":[{"href":"https:\/\/agora.xtec.cat\/ceipmontserrat\/wp-json\/wp\/v2\/posts"}],"about":[{"href":"https:\/\/agora.xtec.cat\/ceipmontserrat\/wp-json\/wp\/v2\/types\/post"}],"author":[{"embeddable":true,"href":"https:\/\/agora.xtec.cat\/ceipmontserrat\/wp-json\/wp\/v2\/users\/1"}],"replies":[{"embeddable":true,"href":"https:\/\/agora.xtec.cat\/ceipmontserrat\/wp-json\/wp\/v2\/comments?post=655"}],"version-history":[{"count":3,"href":"https:\/\/agora.xtec.cat\/ceipmontserrat\/wp-json\/wp\/v2\/posts\/655\/revisions"}],"predecessor-version":[{"id":680,"href":"https:\/\/agora.xtec.cat\/ceipmontserrat\/wp-json\/wp\/v2\/posts\/655\/revisions\/680"}],"wp:featuredmedia":[{"embeddable":true,"href":"https:\/\/agora.xtec.cat\/ceipmontserrat\/wp-json\/wp\/v2\/media\/657"}],"wp:attachment":[{"href":"https:\/\/agora.xtec.cat\/ceipmontserrat\/wp-json\/wp\/v2\/media?parent=655"}],"wp:term":[{"taxonomy":"category","embeddable":true,"href":"https:\/\/agora.xtec.cat\/ceipmontserrat\/wp-json\/wp\/v2\/categories?post=655"},{"taxonomy":"post_tag","embeddable":true,"href":"https:\/\/agora.xtec.cat\/ceipmontserrat\/wp-json\/wp\/v2\/tags?post=655"}],"curies":[{"name":"wp","href":"https:\/\/api.w.org\/{rel}","templated":true}]}}