{"id":651,"date":"2020-03-24T10:35:05","date_gmt":"2020-03-24T09:35:05","guid":{"rendered":"https:\/\/agora.xtec.cat\/ceipmontserrat\/?p=651"},"modified":"2020-03-24T10:36:47","modified_gmt":"2020-03-24T09:36:47","slug":"tot-anira-be","status":"publish","type":"post","link":"https:\/\/agora.xtec.cat\/ceipmontserrat\/general\/tot-anira-be\/","title":{"rendered":"TOT ANIR\u00c0 B\u00c9!"},"content":{"rendered":"<p>Hola a tots i totes! Com esteu? L&#8217;equip docent de l&#8217;escola estem b\u00e9, fent cas a tot all\u00f2 que ens diuen que cal fer per tal de guanyar la lluita al Coronavirus: <strong>QUEDAR-NOS A CASA!<\/strong><\/p>\n<p>Us trobem a faltar a tots i totes, i tenim moltes ganes de poder tornar a l&#8217;escola!<\/p>\n<p><strong>Us animeu a dibuixar un cartell com el que hem dibuixat nosaltres?<\/strong> Si l&#8217;envieu al m\u00f2bil de l&#8217;escola, els penjarem a la web!<\/p>\n<p>Fins aviat <strong>valents i valentes!<a href=\"https:\/\/agora.xtec.cat\/ceipmontserrat\/wp-content\/uploads\/usu1716\/2020\/03\/JOEMQUEDOACASA1.jpg\"><img loading=\"lazy\" decoding=\"async\" class=\"aligncenter size-full wp-image-652\" src=\"https:\/\/agora.xtec.cat\/ceipmontserrat\/wp-content\/uploads\/usu1716\/2020\/03\/JOEMQUEDOACASA1.jpg\" alt=\"\" width=\"980\" height=\"735\" srcset=\"https:\/\/agora.xtec.cat\/ceipmontserrat\/wp-content\/uploads\/usu1716\/2020\/03\/JOEMQUEDOACASA1.jpg 980w, https:\/\/agora.xtec.cat\/ceipmontserrat\/wp-content\/uploads\/usu1716\/2020\/03\/JOEMQUEDOACASA1-300x225.jpg 300w, https:\/\/agora.xtec.cat\/ceipmontserrat\/wp-content\/uploads\/usu1716\/2020\/03\/JOEMQUEDOACASA1-768x576.jpg 768w, https:\/\/agora.xtec.cat\/ceipmontserrat\/wp-content\/uploads\/usu1716\/2020\/03\/JOEMQUEDOACASA1-200x150.jpg 200w\" sizes=\"auto, (max-width: 980px) 100vw, 980px\" \/><\/a><\/strong><\/p>\n<p>&nbsp;<\/p>\n","protected":false},"excerpt":{"rendered":"<p>Hola a tots i totes! Com esteu? L&#8217;equip docent de l&#8217;escola estem b\u00e9, fent cas a tot all\u00f2 que ens diuen que cal fer per tal de guanyar la lluita al Coronavirus: QUEDAR-NOS A CASA!<br \/>\nUs trobem a faltar a tots i totes, i tenim moltes&hellip;  <a href=\"https:\/\/agora.xtec.cat\/ceipmontserrat\/general\/tot-anira-be\/\" title=\"Read TOT ANIR\u00c0 B\u00c9!\">Llegeix m\u00e9s\u00bb<\/a><\/p>\n","protected":false},"author":1,"featured_media":652,"comment_status":"open","ping_status":"closed","sticky":false,"template":"","format":"standard","meta":{"_bbp_topic_count":0,"_bbp_reply_count":0,"_bbp_total_topic_count":0,"_bbp_total_reply_count":0,"_bbp_voice_count":0,"_bbp_anonymous_reply_count":0,"_bbp_topic_count_hidden":0,"_bbp_reply_count_hidden":0,"_bbp_forum_subforum_count":0,"footnotes":""},"categories":[1,4],"tags":[],"class_list":["post-651","post","type-post","status-publish","format-standard","has-post-thumbnail","hentry","category-general","category-portada"],"post_mailing_queue_ids":[],"_links":{"self":[{"href":"https:\/\/agora.xtec.cat\/ceipmontserrat\/wp-json\/wp\/v2\/posts\/651","targetHints":{"allow":["GET"]}}],"collection":[{"href":"https:\/\/agora.xtec.cat\/ceipmontserrat\/wp-json\/wp\/v2\/posts"}],"about":[{"href":"https:\/\/agora.xtec.cat\/ceipmontserrat\/wp-json\/wp\/v2\/types\/post"}],"author":[{"embeddable":true,"href":"https:\/\/agora.xtec.cat\/ceipmontserrat\/wp-json\/wp\/v2\/users\/1"}],"replies":[{"embeddable":true,"href":"https:\/\/agora.xtec.cat\/ceipmontserrat\/wp-json\/wp\/v2\/comments?post=651"}],"version-history":[{"count":2,"href":"https:\/\/agora.xtec.cat\/ceipmontserrat\/wp-json\/wp\/v2\/posts\/651\/revisions"}],"predecessor-version":[{"id":654,"href":"https:\/\/agora.xtec.cat\/ceipmontserrat\/wp-json\/wp\/v2\/posts\/651\/revisions\/654"}],"wp:featuredmedia":[{"embeddable":true,"href":"https:\/\/agora.xtec.cat\/ceipmontserrat\/wp-json\/wp\/v2\/media\/652"}],"wp:attachment":[{"href":"https:\/\/agora.xtec.cat\/ceipmontserrat\/wp-json\/wp\/v2\/media?parent=651"}],"wp:term":[{"taxonomy":"category","embeddable":true,"href":"https:\/\/agora.xtec.cat\/ceipmontserrat\/wp-json\/wp\/v2\/categories?post=651"},{"taxonomy":"post_tag","embeddable":true,"href":"https:\/\/agora.xtec.cat\/ceipmontserrat\/wp-json\/wp\/v2\/tags?post=651"}],"curies":[{"name":"wp","href":"https:\/\/api.w.org\/{rel}","templated":true}]}}