{"id":4530,"date":"2024-04-05T13:19:35","date_gmt":"2024-04-05T11:19:35","guid":{"rendered":"https:\/\/agora.xtec.cat\/ceipmontserrat\/?p=4530"},"modified":"2024-04-05T13:19:35","modified_gmt":"2024-04-05T11:19:35","slug":"levisita-de-lescola-ceip-antonio-ferrandis-de-paterna-valencia","status":"publish","type":"post","link":"https:\/\/agora.xtec.cat\/ceipmontserrat\/general\/levisita-de-lescola-ceip-antonio-ferrandis-de-paterna-valencia\/","title":{"rendered":"l&#8217;eVisita de l&#8217;escola CEIP Antonio Ferrandis de Paterna (Val\u00e8ncia)"},"content":{"rendered":"<div dir=\"auto\">Ens visiten l&#8217;escola CEIP Antonio Ferrandis de Paterna (Val\u00e8ncia) que \u00e9s una Comunitat d&#8217;aprenentatge aprofitant que estan de vacances de Setmana Santa.<\/div>\n<div dir=\"auto\"><\/div>\n<div dir=\"auto\">Compartir les AEE \u00e9s un plaer.<\/div>\n<div dir=\"auto\"><\/div>\n<div dir=\"auto\">Observant i comentant\u00a0 amb elles els Grups Interactius, el Model Dial\u00f2gic de Conveni\u00e8ncia i la Tert\u00falia Liter\u00e0ria Dial\u00f2gica del cl\u00e0ssic universal &#8220;DONETES&#8221;, ens motiva a seguir treballant amb excel\u00b7l\u00e8ncia i rigor cient\u00edfic.<\/div>\n<div dir=\"auto\"><a href=\"https:\/\/agora.xtec.cat\/ceipmontserrat\/wp-content\/uploads\/usu1716\/2024\/04\/IMG-20240405-WA0006.jpg\"><img loading=\"lazy\" decoding=\"async\" class=\"aligncenter size-full wp-image-4531\" src=\"https:\/\/agora.xtec.cat\/ceipmontserrat\/wp-content\/uploads\/usu1716\/2024\/04\/IMG-20240405-WA0006.jpg\" alt=\"\" width=\"1550\" height=\"1500\" srcset=\"https:\/\/agora.xtec.cat\/ceipmontserrat\/wp-content\/uploads\/usu1716\/2024\/04\/IMG-20240405-WA0006.jpg 1550w, https:\/\/agora.xtec.cat\/ceipmontserrat\/wp-content\/uploads\/usu1716\/2024\/04\/IMG-20240405-WA0006-300x290.jpg 300w, https:\/\/agora.xtec.cat\/ceipmontserrat\/wp-content\/uploads\/usu1716\/2024\/04\/IMG-20240405-WA0006-1024x991.jpg 1024w, https:\/\/agora.xtec.cat\/ceipmontserrat\/wp-content\/uploads\/usu1716\/2024\/04\/IMG-20240405-WA0006-768x743.jpg 768w, https:\/\/agora.xtec.cat\/ceipmontserrat\/wp-content\/uploads\/usu1716\/2024\/04\/IMG-20240405-WA0006-1536x1486.jpg 1536w\" sizes=\"auto, (max-width: 1550px) 100vw, 1550px\" \/><\/a> <a href=\"https:\/\/agora.xtec.cat\/ceipmontserrat\/wp-content\/uploads\/usu1716\/2024\/04\/IMG-20240405-WA0004.jpg\"><img loading=\"lazy\" decoding=\"async\" class=\"aligncenter size-full wp-image-4532\" src=\"https:\/\/agora.xtec.cat\/ceipmontserrat\/wp-content\/uploads\/usu1716\/2024\/04\/IMG-20240405-WA0004.jpg\" alt=\"\" width=\"1600\" height=\"692\" srcset=\"https:\/\/agora.xtec.cat\/ceipmontserrat\/wp-content\/uploads\/usu1716\/2024\/04\/IMG-20240405-WA0004.jpg 1600w, https:\/\/agora.xtec.cat\/ceipmontserrat\/wp-content\/uploads\/usu1716\/2024\/04\/IMG-20240405-WA0004-300x130.jpg 300w, https:\/\/agora.xtec.cat\/ceipmontserrat\/wp-content\/uploads\/usu1716\/2024\/04\/IMG-20240405-WA0004-1024x443.jpg 1024w, https:\/\/agora.xtec.cat\/ceipmontserrat\/wp-content\/uploads\/usu1716\/2024\/04\/IMG-20240405-WA0004-768x332.jpg 768w, https:\/\/agora.xtec.cat\/ceipmontserrat\/wp-content\/uploads\/usu1716\/2024\/04\/IMG-20240405-WA0004-1536x664.jpg 1536w\" sizes=\"auto, (max-width: 1600px) 100vw, 1600px\" \/><\/a> <a href=\"https:\/\/agora.xtec.cat\/ceipmontserrat\/wp-content\/uploads\/usu1716\/2024\/04\/IMG-20240405-WA0005.jpg\"><img loading=\"lazy\" decoding=\"async\" class=\"aligncenter size-full wp-image-4533\" src=\"https:\/\/agora.xtec.cat\/ceipmontserrat\/wp-content\/uploads\/usu1716\/2024\/04\/IMG-20240405-WA0005.jpg\" alt=\"\" width=\"1600\" height=\"709\" srcset=\"https:\/\/agora.xtec.cat\/ceipmontserrat\/wp-content\/uploads\/usu1716\/2024\/04\/IMG-20240405-WA0005.jpg 1600w, https:\/\/agora.xtec.cat\/ceipmontserrat\/wp-content\/uploads\/usu1716\/2024\/04\/IMG-20240405-WA0005-300x133.jpg 300w, https:\/\/agora.xtec.cat\/ceipmontserrat\/wp-content\/uploads\/usu1716\/2024\/04\/IMG-20240405-WA0005-1024x454.jpg 1024w, https:\/\/agora.xtec.cat\/ceipmontserrat\/wp-content\/uploads\/usu1716\/2024\/04\/IMG-20240405-WA0005-768x340.jpg 768w, https:\/\/agora.xtec.cat\/ceipmontserrat\/wp-content\/uploads\/usu1716\/2024\/04\/IMG-20240405-WA0005-1536x681.jpg 1536w\" sizes=\"auto, (max-width: 1600px) 100vw, 1600px\" \/><\/a><\/div>\n","protected":false},"excerpt":{"rendered":"<p>Ens visiten l&#8217;escola CEIP Antonio Ferrandis de Paterna (Val\u00e8ncia) que \u00e9s una Comunitat d&#8217;aprenentatge aprofitant que estan de vacances de Setmana Santa.<\/p>\n<p>Compartir les AEE \u00e9s un plaer.<\/p>\n<p>Observant i comentant\u00a0 amb elles els Grups Interactius, el Model Dial\u00f2gic de Conveni\u00e8ncia i la Tert\u00falia Liter\u00e0ria Dial\u00f2gica del&hellip;  <a href=\"https:\/\/agora.xtec.cat\/ceipmontserrat\/general\/levisita-de-lescola-ceip-antonio-ferrandis-de-paterna-valencia\/\" title=\"Read l&#8217;eVisita de l&#8217;escola CEIP Antonio Ferrandis de Paterna (Val\u00e8ncia)\">Llegeix m\u00e9s\u00bb<\/a><\/p>\n","protected":false},"author":1,"featured_media":0,"comment_status":"open","ping_status":"closed","sticky":false,"template":"","format":"standard","meta":{"_bbp_topic_count":0,"_bbp_reply_count":0,"_bbp_total_topic_count":0,"_bbp_total_reply_count":0,"_bbp_voice_count":0,"_bbp_anonymous_reply_count":0,"_bbp_topic_count_hidden":0,"_bbp_reply_count_hidden":0,"_bbp_forum_subforum_count":0,"footnotes":""},"categories":[1,4,5],"tags":[],"class_list":["post-4530","post","type-post","status-publish","format-standard","hentry","category-general","category-portada","category-primaria"],"post_mailing_queue_ids":[],"_links":{"self":[{"href":"https:\/\/agora.xtec.cat\/ceipmontserrat\/wp-json\/wp\/v2\/posts\/4530","targetHints":{"allow":["GET"]}}],"collection":[{"href":"https:\/\/agora.xtec.cat\/ceipmontserrat\/wp-json\/wp\/v2\/posts"}],"about":[{"href":"https:\/\/agora.xtec.cat\/ceipmontserrat\/wp-json\/wp\/v2\/types\/post"}],"author":[{"embeddable":true,"href":"https:\/\/agora.xtec.cat\/ceipmontserrat\/wp-json\/wp\/v2\/users\/1"}],"replies":[{"embeddable":true,"href":"https:\/\/agora.xtec.cat\/ceipmontserrat\/wp-json\/wp\/v2\/comments?post=4530"}],"version-history":[{"count":1,"href":"https:\/\/agora.xtec.cat\/ceipmontserrat\/wp-json\/wp\/v2\/posts\/4530\/revisions"}],"predecessor-version":[{"id":4534,"href":"https:\/\/agora.xtec.cat\/ceipmontserrat\/wp-json\/wp\/v2\/posts\/4530\/revisions\/4534"}],"wp:attachment":[{"href":"https:\/\/agora.xtec.cat\/ceipmontserrat\/wp-json\/wp\/v2\/media?parent=4530"}],"wp:term":[{"taxonomy":"category","embeddable":true,"href":"https:\/\/agora.xtec.cat\/ceipmontserrat\/wp-json\/wp\/v2\/categories?post=4530"},{"taxonomy":"post_tag","embeddable":true,"href":"https:\/\/agora.xtec.cat\/ceipmontserrat\/wp-json\/wp\/v2\/tags?post=4530"}],"curies":[{"name":"wp","href":"https:\/\/api.w.org\/{rel}","templated":true}]}}