{"id":4489,"date":"2023-10-05T13:36:31","date_gmt":"2023-10-05T11:36:31","guid":{"rendered":"https:\/\/agora.xtec.cat\/ceipmontserrat\/?p=4489"},"modified":"2023-10-05T13:36:51","modified_gmt":"2023-10-05T11:36:51","slug":"visita-a-la-escuela-ceip-espana-de-melilla","status":"publish","type":"post","link":"https:\/\/agora.xtec.cat\/ceipmontserrat\/general\/visita-a-la-escuela-ceip-espana-de-melilla\/","title":{"rendered":"Visita a la escuela CEIP Espa\u00f1a de Melilla."},"content":{"rendered":"<p><strong>Visita a la escuela CEIP Espa\u00f1a de Melilla.<\/strong><\/p>\n<p>En Febrero del 2023, dos mimebros del equipo directivo de nuestro centro, fueron al colegio CEIP Espa\u00f1a de Melilla, un colegio que se est\u00e1 iniciando en el mundo de las Comunidades de Aprendizaje. Esta visita estuvo dedicada a la formaci\u00f3n del profesorado y ayudar a implementar las Actuaciones Educativas de \u00c9xito de manera adecuada, aprovechando nuestra experi\u00e9ncia en este \u00e1mbito.<\/p>\n<p><strong>Visita a l&#8217;escola CEIP Espa\u00f1a de Melilla.<\/strong><\/p>\n<p>El febrer del 2023, dos membres de l&#8217;equip directiu del nostre centre, van ser al col\u00b7legi CEIP\u00a0<span class=\"hiddenSpellError\">Espa\u00f1a<\/span> de Melilla, un col\u00b7legi que s&#8217;est\u00e0 iniciant en el m\u00f3n de les Comunitats d&#8217;Aprenentatge. Aquesta visita va estar dedicada a la formaci\u00f3 del professorat i ajudar a implementar les Actuacions Educatives d&#8217;\u00c8xit de manera adequada, aprofitant la nostra experi\u00e8ncia en aquest \u00e0mbit. <a href=\"https:\/\/agora.xtec.cat\/ceipmontserrat\/wp-content\/uploads\/usu1716\/2023\/09\/logo-ministerio.png\"><img loading=\"lazy\" decoding=\"async\" class=\"aligncenter size-full wp-image-4487\" src=\"https:\/\/agora.xtec.cat\/ceipmontserrat\/wp-content\/uploads\/usu1716\/2023\/09\/logo-ministerio.png\" alt=\"\" width=\"449\" height=\"112\" srcset=\"https:\/\/agora.xtec.cat\/ceipmontserrat\/wp-content\/uploads\/usu1716\/2023\/09\/logo-ministerio.png 449w, https:\/\/agora.xtec.cat\/ceipmontserrat\/wp-content\/uploads\/usu1716\/2023\/09\/logo-ministerio-300x75.png 300w\" sizes=\"auto, (max-width: 449px) 100vw, 449px\" \/><\/a><\/p>\n<p>&nbsp;<\/p>\n","protected":false},"excerpt":{"rendered":"<p>Visita a la escuela CEIP Espa\u00f1a de Melilla.<br \/>\nEn Febrero del 2023, dos mimebros del equipo directivo de nuestro centro, fueron al colegio CEIP Espa\u00f1a de Melilla, un colegio que se est\u00e1 iniciando en el mundo de las Comunidades de Aprendizaje. Esta visita estuvo dedicada a&hellip;  <a href=\"https:\/\/agora.xtec.cat\/ceipmontserrat\/general\/visita-a-la-escuela-ceip-espana-de-melilla\/\" title=\"Read Visita a la escuela CEIP Espa\u00f1a de Melilla.\">Llegeix m\u00e9s\u00bb<\/a><\/p>\n","protected":false},"author":1,"featured_media":0,"comment_status":"open","ping_status":"closed","sticky":false,"template":"","format":"standard","meta":{"_bbp_topic_count":0,"_bbp_reply_count":0,"_bbp_total_topic_count":0,"_bbp_total_reply_count":0,"_bbp_voice_count":0,"_bbp_anonymous_reply_count":0,"_bbp_topic_count_hidden":0,"_bbp_reply_count_hidden":0,"_bbp_forum_subforum_count":0,"footnotes":""},"categories":[164,158,1,163],"tags":[],"class_list":["post-4489","post","type-post","status-publish","format-standard","hentry","category-ae","category-cda","category-general","category-p-e"],"post_mailing_queue_ids":[],"_links":{"self":[{"href":"https:\/\/agora.xtec.cat\/ceipmontserrat\/wp-json\/wp\/v2\/posts\/4489","targetHints":{"allow":["GET"]}}],"collection":[{"href":"https:\/\/agora.xtec.cat\/ceipmontserrat\/wp-json\/wp\/v2\/posts"}],"about":[{"href":"https:\/\/agora.xtec.cat\/ceipmontserrat\/wp-json\/wp\/v2\/types\/post"}],"author":[{"embeddable":true,"href":"https:\/\/agora.xtec.cat\/ceipmontserrat\/wp-json\/wp\/v2\/users\/1"}],"replies":[{"embeddable":true,"href":"https:\/\/agora.xtec.cat\/ceipmontserrat\/wp-json\/wp\/v2\/comments?post=4489"}],"version-history":[{"count":1,"href":"https:\/\/agora.xtec.cat\/ceipmontserrat\/wp-json\/wp\/v2\/posts\/4489\/revisions"}],"predecessor-version":[{"id":4490,"href":"https:\/\/agora.xtec.cat\/ceipmontserrat\/wp-json\/wp\/v2\/posts\/4489\/revisions\/4490"}],"wp:attachment":[{"href":"https:\/\/agora.xtec.cat\/ceipmontserrat\/wp-json\/wp\/v2\/media?parent=4489"}],"wp:term":[{"taxonomy":"category","embeddable":true,"href":"https:\/\/agora.xtec.cat\/ceipmontserrat\/wp-json\/wp\/v2\/categories?post=4489"},{"taxonomy":"post_tag","embeddable":true,"href":"https:\/\/agora.xtec.cat\/ceipmontserrat\/wp-json\/wp\/v2\/tags?post=4489"}],"curies":[{"name":"wp","href":"https:\/\/api.w.org\/{rel}","templated":true}]}}