{"id":4482,"date":"2023-09-14T13:23:01","date_gmt":"2023-09-14T11:23:01","guid":{"rendered":"https:\/\/agora.xtec.cat\/ceipmontserrat\/?p=4482"},"modified":"2023-09-14T13:23:01","modified_gmt":"2023-09-14T11:23:01","slug":"minut-de-silenci","status":"publish","type":"post","link":"https:\/\/agora.xtec.cat\/ceipmontserrat\/general\/minut-de-silenci\/","title":{"rendered":"Minut de silenci"},"content":{"rendered":"<p>El\u00a0<span class=\"hiddenGrammarError\">dimarts<\/span>\u00a014 de setembre de 2023 tota la comunitat educativa de l&#8217;Escola Mare de D\u00e9u de Montserrat hem guardat un minut de silenci per les v\u00edctimes i els afectats pel terratr\u00e8mol que va tenir lloc el passat cap de setmana al Marroc.<\/p>\n<p><a href=\"https:\/\/agora.xtec.cat\/ceipmontserrat\/wp-content\/uploads\/usu1716\/2023\/09\/WhatsApp-Image-2023-09-12-at-11.54.21-AM-1.jpeg\"><img loading=\"lazy\" decoding=\"async\" class=\"aligncenter size-full wp-image-4483\" src=\"https:\/\/agora.xtec.cat\/ceipmontserrat\/wp-content\/uploads\/usu1716\/2023\/09\/WhatsApp-Image-2023-09-12-at-11.54.21-AM-1.jpeg\" alt=\"\" width=\"1600\" height=\"1200\" srcset=\"https:\/\/agora.xtec.cat\/ceipmontserrat\/wp-content\/uploads\/usu1716\/2023\/09\/WhatsApp-Image-2023-09-12-at-11.54.21-AM-1.jpeg 1600w, https:\/\/agora.xtec.cat\/ceipmontserrat\/wp-content\/uploads\/usu1716\/2023\/09\/WhatsApp-Image-2023-09-12-at-11.54.21-AM-1-300x225.jpeg 300w, https:\/\/agora.xtec.cat\/ceipmontserrat\/wp-content\/uploads\/usu1716\/2023\/09\/WhatsApp-Image-2023-09-12-at-11.54.21-AM-1-1024x768.jpeg 1024w, https:\/\/agora.xtec.cat\/ceipmontserrat\/wp-content\/uploads\/usu1716\/2023\/09\/WhatsApp-Image-2023-09-12-at-11.54.21-AM-1-768x576.jpeg 768w, https:\/\/agora.xtec.cat\/ceipmontserrat\/wp-content\/uploads\/usu1716\/2023\/09\/WhatsApp-Image-2023-09-12-at-11.54.21-AM-1-1536x1152.jpeg 1536w, https:\/\/agora.xtec.cat\/ceipmontserrat\/wp-content\/uploads\/usu1716\/2023\/09\/WhatsApp-Image-2023-09-12-at-11.54.21-AM-1-200x150.jpeg 200w\" sizes=\"auto, (max-width: 1600px) 100vw, 1600px\" \/><\/a> <a href=\"https:\/\/agora.xtec.cat\/ceipmontserrat\/wp-content\/uploads\/usu1716\/2023\/09\/WhatsApp-Image-2023-09-12-at-11.54.21-AM.jpeg\"><img loading=\"lazy\" decoding=\"async\" class=\"aligncenter size-full wp-image-4484\" src=\"https:\/\/agora.xtec.cat\/ceipmontserrat\/wp-content\/uploads\/usu1716\/2023\/09\/WhatsApp-Image-2023-09-12-at-11.54.21-AM.jpeg\" alt=\"\" width=\"1600\" height=\"1200\" srcset=\"https:\/\/agora.xtec.cat\/ceipmontserrat\/wp-content\/uploads\/usu1716\/2023\/09\/WhatsApp-Image-2023-09-12-at-11.54.21-AM.jpeg 1600w, https:\/\/agora.xtec.cat\/ceipmontserrat\/wp-content\/uploads\/usu1716\/2023\/09\/WhatsApp-Image-2023-09-12-at-11.54.21-AM-300x225.jpeg 300w, https:\/\/agora.xtec.cat\/ceipmontserrat\/wp-content\/uploads\/usu1716\/2023\/09\/WhatsApp-Image-2023-09-12-at-11.54.21-AM-1024x768.jpeg 1024w, https:\/\/agora.xtec.cat\/ceipmontserrat\/wp-content\/uploads\/usu1716\/2023\/09\/WhatsApp-Image-2023-09-12-at-11.54.21-AM-768x576.jpeg 768w, https:\/\/agora.xtec.cat\/ceipmontserrat\/wp-content\/uploads\/usu1716\/2023\/09\/WhatsApp-Image-2023-09-12-at-11.54.21-AM-1536x1152.jpeg 1536w, https:\/\/agora.xtec.cat\/ceipmontserrat\/wp-content\/uploads\/usu1716\/2023\/09\/WhatsApp-Image-2023-09-12-at-11.54.21-AM-200x150.jpeg 200w\" sizes=\"auto, (max-width: 1600px) 100vw, 1600px\" \/><\/a><\/p>\n","protected":false},"excerpt":{"rendered":"<p>El\u00a0dimarts\u00a014 de setembre de 2023 tota la comunitat educativa de l&#8217;Escola Mare de D\u00e9u de Montserrat hem guardat un minut de silenci per les v\u00edctimes i els afectats pel terratr\u00e8mol que va tenir lloc el passat cap de setmana al Marroc.<br \/>\n<a href=\"https:\/\/agora.xtec.cat\/ceipmontserrat\/wp-content\/uploads\/usu1716\/2023\/09\/WhatsApp-Image-2023-09-12-at-11.54.21-AM-1.jpeg\"><\/a> <a href=\"https:\/\/agora.xtec.cat\/ceipmontserrat\/wp-content\/uploads\/usu1716\/2023\/09\/WhatsApp-Image-2023-09-12-at-11.54.21-AM.jpeg\"><\/a><\/p>\n","protected":false},"author":1,"featured_media":0,"comment_status":"open","ping_status":"closed","sticky":false,"template":"","format":"standard","meta":{"_bbp_topic_count":0,"_bbp_reply_count":0,"_bbp_total_topic_count":0,"_bbp_total_reply_count":0,"_bbp_voice_count":0,"_bbp_anonymous_reply_count":0,"_bbp_topic_count_hidden":0,"_bbp_reply_count_hidden":0,"_bbp_forum_subforum_count":0,"footnotes":""},"categories":[1,4],"tags":[],"class_list":["post-4482","post","type-post","status-publish","format-standard","hentry","category-general","category-portada"],"post_mailing_queue_ids":[],"_links":{"self":[{"href":"https:\/\/agora.xtec.cat\/ceipmontserrat\/wp-json\/wp\/v2\/posts\/4482","targetHints":{"allow":["GET"]}}],"collection":[{"href":"https:\/\/agora.xtec.cat\/ceipmontserrat\/wp-json\/wp\/v2\/posts"}],"about":[{"href":"https:\/\/agora.xtec.cat\/ceipmontserrat\/wp-json\/wp\/v2\/types\/post"}],"author":[{"embeddable":true,"href":"https:\/\/agora.xtec.cat\/ceipmontserrat\/wp-json\/wp\/v2\/users\/1"}],"replies":[{"embeddable":true,"href":"https:\/\/agora.xtec.cat\/ceipmontserrat\/wp-json\/wp\/v2\/comments?post=4482"}],"version-history":[{"count":1,"href":"https:\/\/agora.xtec.cat\/ceipmontserrat\/wp-json\/wp\/v2\/posts\/4482\/revisions"}],"predecessor-version":[{"id":4485,"href":"https:\/\/agora.xtec.cat\/ceipmontserrat\/wp-json\/wp\/v2\/posts\/4482\/revisions\/4485"}],"wp:attachment":[{"href":"https:\/\/agora.xtec.cat\/ceipmontserrat\/wp-json\/wp\/v2\/media?parent=4482"}],"wp:term":[{"taxonomy":"category","embeddable":true,"href":"https:\/\/agora.xtec.cat\/ceipmontserrat\/wp-json\/wp\/v2\/categories?post=4482"},{"taxonomy":"post_tag","embeddable":true,"href":"https:\/\/agora.xtec.cat\/ceipmontserrat\/wp-json\/wp\/v2\/tags?post=4482"}],"curies":[{"name":"wp","href":"https:\/\/api.w.org\/{rel}","templated":true}]}}