{"id":4466,"date":"2023-07-10T11:58:11","date_gmt":"2023-07-10T09:58:11","guid":{"rendered":"https:\/\/agora.xtec.cat\/ceipmontserrat\/?p=4466"},"modified":"2023-07-10T11:58:11","modified_gmt":"2023-07-10T09:58:11","slug":"modelo-dialogico-de-prevencion-y-resolucion-de-conflictos","status":"publish","type":"post","link":"https:\/\/agora.xtec.cat\/ceipmontserrat\/general\/modelo-dialogico-de-prevencion-y-resolucion-de-conflictos\/","title":{"rendered":"Modelo dial\u00f3gico de prevenci\u00f3n y resoluci\u00f3n de conflictos."},"content":{"rendered":"<p style=\"text-align: left;\"><span style=\"font-weight: 400;\">Siguiendo la l\u00ednea del proyecto de Agrupaciones Escolares y nuestro plan de trabajo,\u00a0 en junio del 2022\u00a0 realizamos un encuentro con el alumnado\u00a0 ciclo superior del centro escolar Cam\u00ed del Cros de Matar\u00f3 y Marcos Castro Sand\u00faa, professor de la Universidad de\u00a0 Barcelona especializado en la promoci\u00f3n de nuevas masculinidades en las escuelas, pertenece a la asociaci\u00f3n \u2018homes en di\u00e0leg\u2019 y es uno de los autores de la publicaci\u00f3n\u00a0 \u2018<\/span><a href=\"https:\/\/healtheducationresources.unesco.org\/sites\/default\/files\/resources\/22263.pdf\"><span style=\"font-weight: 400;\">Ideallove&amp;Nam\u2019<\/span><\/a><span style=\"font-weight: 400;\">. Marcos explic\u00f3 a los alumnos y las alumnas que son las nuevas masculinidades alternativas y posteriormente, se abri\u00f3 un espacio de di\u00e1logo entre el alumnado de ambos colegios, donde compartieron sus reflexiones. Para acabar, compartimos una tertulia cient\u00edfica del texto relaciones humanas de calidad como contexto de salud y libertad de Sandra Racionero.\u00a0<\/span><\/p>\n<p style=\"text-align: left;\"><span style=\"font-weight: 400;\">Seguint la l\u00ednia del projecte d&#8217;Agrupacions Escolars i el nostre pla de treball, al juny del 2022 realitzem una trobada amb l&#8217;alumnat cicle superior del centre escolar *Cam\u00ed del *Cros de Matar\u00f3 i Marcos Castro *Sand\u00faa, *professor de la Universitat de Barcelona especialitzat en la promoci\u00f3 de noves masculinitats a les escoles, pertany a l&#8217;associaci\u00f3 \u2018*homes en *di\u00e0leg\u2019 i \u00e9s un dels autors de la publicaci\u00f3 \u2018*Ideallove&amp;*Nam\u2019. Marcos va explicar als alumnes i les alumnes que s\u00f3n les noves masculinitats alternatives i posteriorment, es va obrir un espai de di\u00e0leg entre l&#8217;alumnat de tots dos col\u00b7legis, on van compartir les seves reflexions. Per a acabar, compartim una tert\u00falia cient\u00edfica del text relacions humanes de qualitat com a context de salut i llibertat de Sandra *Racionero. <a href=\"https:\/\/agora.xtec.cat\/ceipmontserrat\/wp-content\/uploads\/usu1716\/2023\/07\/WhatsApp-Image-2023-07-10-at-11.54.29-AM.jpeg\"><img loading=\"lazy\" decoding=\"async\" class=\"aligncenter size-full wp-image-4467\" src=\"https:\/\/agora.xtec.cat\/ceipmontserrat\/wp-content\/uploads\/usu1716\/2023\/07\/WhatsApp-Image-2023-07-10-at-11.54.29-AM.jpeg\" alt=\"\" width=\"1024\" height=\"1024\" srcset=\"https:\/\/agora.xtec.cat\/ceipmontserrat\/wp-content\/uploads\/usu1716\/2023\/07\/WhatsApp-Image-2023-07-10-at-11.54.29-AM.jpeg 1024w, https:\/\/agora.xtec.cat\/ceipmontserrat\/wp-content\/uploads\/usu1716\/2023\/07\/WhatsApp-Image-2023-07-10-at-11.54.29-AM-300x300.jpeg 300w, https:\/\/agora.xtec.cat\/ceipmontserrat\/wp-content\/uploads\/usu1716\/2023\/07\/WhatsApp-Image-2023-07-10-at-11.54.29-AM-150x150.jpeg 150w, https:\/\/agora.xtec.cat\/ceipmontserrat\/wp-content\/uploads\/usu1716\/2023\/07\/WhatsApp-Image-2023-07-10-at-11.54.29-AM-768x768.jpeg 768w\" sizes=\"auto, (max-width: 1024px) 100vw, 1024px\" \/><\/a> <a href=\"https:\/\/agora.xtec.cat\/ceipmontserrat\/wp-content\/uploads\/usu1716\/2023\/07\/WhatsApp-Image-2023-07-10-at-11.54.39-AM.jpeg\"><img loading=\"lazy\" decoding=\"async\" class=\"aligncenter size-full wp-image-4468\" src=\"https:\/\/agora.xtec.cat\/ceipmontserrat\/wp-content\/uploads\/usu1716\/2023\/07\/WhatsApp-Image-2023-07-10-at-11.54.39-AM.jpeg\" alt=\"\" width=\"1024\" height=\"1024\" srcset=\"https:\/\/agora.xtec.cat\/ceipmontserrat\/wp-content\/uploads\/usu1716\/2023\/07\/WhatsApp-Image-2023-07-10-at-11.54.39-AM.jpeg 1024w, https:\/\/agora.xtec.cat\/ceipmontserrat\/wp-content\/uploads\/usu1716\/2023\/07\/WhatsApp-Image-2023-07-10-at-11.54.39-AM-300x300.jpeg 300w, https:\/\/agora.xtec.cat\/ceipmontserrat\/wp-content\/uploads\/usu1716\/2023\/07\/WhatsApp-Image-2023-07-10-at-11.54.39-AM-150x150.jpeg 150w, https:\/\/agora.xtec.cat\/ceipmontserrat\/wp-content\/uploads\/usu1716\/2023\/07\/WhatsApp-Image-2023-07-10-at-11.54.39-AM-768x768.jpeg 768w\" sizes=\"auto, (max-width: 1024px) 100vw, 1024px\" \/><\/a><\/span><\/p>\n","protected":false},"excerpt":{"rendered":"<p>Siguiendo la l\u00ednea del proyecto de Agrupaciones Escolares y nuestro plan de trabajo,\u00a0 en junio del 2022\u00a0 realizamos un encuentro con el alumnado\u00a0 ciclo superior del centro escolar Cam\u00ed del Cros de Matar\u00f3 y Marcos Castro Sand\u00faa, professor de la Universidad de\u00a0 Barcelona especializado en&hellip;  <a href=\"https:\/\/agora.xtec.cat\/ceipmontserrat\/general\/modelo-dialogico-de-prevencion-y-resolucion-de-conflictos\/\" title=\"Read Modelo dial\u00f3gico de prevenci\u00f3n y resoluci\u00f3n de conflictos.\">Llegeix m\u00e9s\u00bb<\/a><\/p>\n","protected":false},"author":1,"featured_media":0,"comment_status":"open","ping_status":"closed","sticky":false,"template":"","format":"standard","meta":{"_bbp_topic_count":0,"_bbp_reply_count":0,"_bbp_total_topic_count":0,"_bbp_total_reply_count":0,"_bbp_voice_count":0,"_bbp_anonymous_reply_count":0,"_bbp_topic_count_hidden":0,"_bbp_reply_count_hidden":0,"_bbp_forum_subforum_count":0,"footnotes":""},"categories":[164,1,163],"tags":[],"class_list":["post-4466","post","type-post","status-publish","format-standard","hentry","category-ae","category-general","category-p-e"],"post_mailing_queue_ids":[],"_links":{"self":[{"href":"https:\/\/agora.xtec.cat\/ceipmontserrat\/wp-json\/wp\/v2\/posts\/4466","targetHints":{"allow":["GET"]}}],"collection":[{"href":"https:\/\/agora.xtec.cat\/ceipmontserrat\/wp-json\/wp\/v2\/posts"}],"about":[{"href":"https:\/\/agora.xtec.cat\/ceipmontserrat\/wp-json\/wp\/v2\/types\/post"}],"author":[{"embeddable":true,"href":"https:\/\/agora.xtec.cat\/ceipmontserrat\/wp-json\/wp\/v2\/users\/1"}],"replies":[{"embeddable":true,"href":"https:\/\/agora.xtec.cat\/ceipmontserrat\/wp-json\/wp\/v2\/comments?post=4466"}],"version-history":[{"count":1,"href":"https:\/\/agora.xtec.cat\/ceipmontserrat\/wp-json\/wp\/v2\/posts\/4466\/revisions"}],"predecessor-version":[{"id":4469,"href":"https:\/\/agora.xtec.cat\/ceipmontserrat\/wp-json\/wp\/v2\/posts\/4466\/revisions\/4469"}],"wp:attachment":[{"href":"https:\/\/agora.xtec.cat\/ceipmontserrat\/wp-json\/wp\/v2\/media?parent=4466"}],"wp:term":[{"taxonomy":"category","embeddable":true,"href":"https:\/\/agora.xtec.cat\/ceipmontserrat\/wp-json\/wp\/v2\/categories?post=4466"},{"taxonomy":"post_tag","embeddable":true,"href":"https:\/\/agora.xtec.cat\/ceipmontserrat\/wp-json\/wp\/v2\/tags?post=4466"}],"curies":[{"name":"wp","href":"https:\/\/api.w.org\/{rel}","templated":true}]}}