{"id":4276,"date":"2023-06-05T08:57:09","date_gmt":"2023-06-05T06:57:09","guid":{"rendered":"https:\/\/agora.xtec.cat\/ceipmontserrat\/?p=4276"},"modified":"2023-06-06T11:53:39","modified_gmt":"2023-06-06T09:53:39","slug":"inici-del-projecte-agrupaciones-escolares","status":"publish","type":"post","link":"https:\/\/agora.xtec.cat\/ceipmontserrat\/portada\/inici-del-projecte-agrupaciones-escolares\/","title":{"rendered":"Inici del projecte &#8216;Agrupaciones Escolares&#8217;"},"content":{"rendered":"<ul>\n<li aria-level=\"1\"><b>Proyecto de agrupaciones<\/b><b><i> escolares.\u00a0<\/i><\/b><\/li>\n<\/ul>\n<p><span style=\"font-weight: 400;\">Nos presentamos a la convocat\u00f2ria de ayudas para agrupaciones de centros educativos e iniciamos el proyecto de agrupaciones escolares en el curso 21-22 con mucha ilusi\u00f3n y entusiasmo.\u00a0 Este proyecto consiste en promover agrupaciones de centros educativos para la realizaci\u00f3n y puesta en pr\u00e1ctica de proyectos comunes que favorezcan la educaci\u00f3n inclusiva, la innovaci\u00f3n educativa y la creatividad. El programa promueve la creaci\u00f3n de agrupaciones de centros educativos p\u00fablicos, todos ellos de diferentes comunidades o ciudades aut\u00f3nomas, mediante la realizaci\u00f3n y puesta en pr\u00e1ctica de proyectos comunes que favorezcan la educaci\u00f3n inclusiva, la innovaci\u00f3n educativa y la creatividad.\u00a0<\/span><\/p>\n<p><b>\u00bfQu\u00e9 es una comunidad de aprendizaje?<\/b><span style=\"font-weight: 400;\"> Comunidades de Aprendizaje es un proyecto basado en un conjunto de actuaciones educativas de \u00e9xito dirigidas a la transformaci\u00f3n social y educativa. Este modelo educativo est\u00e1 en consonancia con las teor\u00edas cient\u00edficas a nivel internacional que destacan dos factores claves para el aprendizaje en la actual sociedad: las interacciones y la participaci\u00f3n de la comunidad<\/span><\/p>\n<p><span style=\"font-weight: 400;\">Las Comunidades de Aprendizaje implican a todas las personas que de forma directa o indirecta influyen en el aprendizaje y el desarrollo de las y los estudiantes, incluyendo a profesorado, familiares, amigos y amigas locales, personas voluntarias, etc. Partiendo de los sue\u00f1os de toda la comunidad educativa y a trav\u00e9s del di\u00e1logo y la ciencia este proyecto est\u00e1 alcanzando un doble objetivo: superar el fracaso escolar y fortalecer la convivencia.<\/span><\/p>\n<p><span style=\"font-weight: 400;\">En las Comunidades de Aprendizaje se llevan a cabo aquellas actuaciones educativas de \u00e9xito que la Comunidad Cient\u00edfica Internacional ha demostrado que contribuyen a mejorar el aprendizaje de los alumnos y alumnas y la mejora de la convivencia en el centro educativo.<\/span><\/p>\n<p><span style=\"font-weight: 400;\">Las comunidade de aprendizaje\u00a0 ponen en pr\u00e1ctica todas las actuaciones educativas de \u00e9xito, las cuales s\u00f3n:\u00a0<\/span><\/p>\n<ul>\n<li style=\"font-weight: 400;\" aria-level=\"1\"><span style=\"font-weight: 400;\">Grupos interactivos<\/span><\/li>\n<li style=\"font-weight: 400;\" aria-level=\"1\"><span style=\"font-weight: 400;\">Tertulias dial\u00f3gicas<\/span><\/li>\n<li style=\"font-weight: 400;\" aria-level=\"1\"><span style=\"font-weight: 400;\">Formaci\u00f3n de familiares<\/span><\/li>\n<li style=\"font-weight: 400;\" aria-level=\"1\"><span style=\"font-weight: 400;\">Participaci\u00f3n educativa de la comunidad<\/span><\/li>\n<li style=\"font-weight: 400;\" aria-level=\"1\"><span style=\"font-weight: 400;\">Modelo dial\u00f3gico de prevenci\u00f3n y resoluci\u00f3n de conflictos<\/span><\/li>\n<li style=\"font-weight: 400;\" aria-level=\"1\"><span style=\"font-weight: 400;\">Formaci\u00f3n dial\u00f3gica del profesorado<\/span><\/li>\n<\/ul>\n<p><span style=\"font-weight: 400;\">Este proyecto ha ayudado a toda la comunidad educativa (alumnos, padres, madres, voluntarios\u2026) econ\u00f3micamente para profundizar y poder formarse en las actuaciones educativas de \u00e9xito\u00a0 y\u00a0 llevarlas a cabo con el mayor rigor cient\u00edfico en los centros educativos.<\/span><\/p>\n<p><span style=\"font-weight: 400;\">Los cinco centros escolares que formamos este proyecto somos: Miguel Hern\u00e1ndez de la Roda (Albacete), Carrasquer de Sueca (Valencia), CEIP Espa\u00f1a (Melilla), Enrique Mesas de Rascafr\u00eda (Madrid) i Escola Montserrat Terrassa (Catalunya).\u00a0<\/span><\/p>\n<p><span style=\"font-weight: 400;\">Despu\u00e9s de reuniones y muchas coordinaciones de los centros, decidimos el plan de trabajo del curso 21-22. Se decidi\u00f3 que el primer intercambio fuese en Terrassa ya que somos un centro pionero y llevamos desde el 2001 realizando siendo una comunidad de aprendizaje.\u00a0 A este primer encuentro asistieron varios maestros de los diferentes centros escolares, el alcalde de la ciudad de Terrassa, el inspector y las familias de AFA. Por la tarde tuvimos el placer de escuchar al doctor Ram\u00f3n Flecha, que nos habl\u00f3 sobre las bases cient\u00edficas que sustentan las actuaciones educativas de \u00e9xito. Posteriormente, la doctora Sara Racionero nos habl\u00f3 de la neurociencia y todos sus aspectos.<\/span><\/p>\n<p><b>Projecte d&#8217;agrupaciones escolars. <\/b><\/p>\n<p><span style=\"font-weight: 400;\">Ens vam presentar a la convocat\u00f2ria d&#8217;ajuts per agrupacions de centres educatius i iniciarem el projecte d&#8217;agrupaciones escolars all curs 21-22 amb molta il\u00b7lusi\u00f3 i entusiasme. Aquest projecte consisteix a promoure agrupacions de centres educatius per a la realitzaci\u00f3 i posada en pr\u00e0ctica de projectes comuns que afavoreixin l&#8217;educaci\u00f3 inclusiva, la innovaci\u00f3 educativa i la creativitat. El programa promou la creaci\u00f3 d&#8217;agrupacions de centres educatius p\u00fablics, tots ells de diferents comunitats o ciutats aut\u00f2nomes, mitjan\u00e7ant la realitzaci\u00f3 i posada en pr\u00e0ctica de projectes comuns que afavoreixin l&#8217;educaci\u00f3 inclusiva, la innovaci\u00f3 educativa i la creativitat.<\/span><\/p>\n<p>&nbsp;<\/p>\n<p><b>Qu\u00e8 \u00e9s una comunitat d&#8217;aprenentatge?<\/b><span style=\"font-weight: 400;\"> &#8216;<\/span><span style=\"font-weight: 400;\">Comunidades de aprendizaje\u2019 \u00e9s un projecte basat en un conjunt d&#8217;actuacions educatives d&#8217;\u00e8xit dirigides a la transformaci\u00f3 social i educativa. Aquest model educatiu est\u00e0 d&#8217;acord amb les teories cient\u00edfiques en l&#8217;\u00e0mbit internacional que destaquen dos factors claus per a l&#8217;aprenentatge en l&#8217;actual societat: les interaccions i la participaci\u00f3 de la comunitat. Les comunitats d&#8217;aprenentatge impliquen a totes les persones que de manera directa o indirecta influeixen en l&#8217;aprenentatge i el desenvolupament de les i els estudiants, incloent-hi professorat, familiars, amics i amigues locals, persones volunt\u00e0ries, etc. Partint dels somnis de tota la comunitat educativa i a trav\u00e9s del di\u00e0leg i la ci\u00e8ncia aquest projecte est\u00e0 aconseguint un doble objectiu: superar el frac\u00e0s escolar i enfortir la conviv\u00e8ncia. En les comunitats d&#8217;aprenentatge es duen a terme aquelles actuacions educatives d&#8217;\u00e8xit que la Comunitat Cient\u00edfica Internacional ha demostrat que contribueixen a millorar l&#8217;aprenentatge dels infants la millora de la conviv\u00e8ncia en el centre educatiu. Les comunitats d&#8217;aprenentatge posen en pr\u00e0ctica totes les actuacions educatives d&#8217;\u00e8xit, les quals s\u00f3n:\u00a0<\/span><\/p>\n<ul>\n<li style=\"font-weight: 400;\" aria-level=\"1\"><span style=\"font-weight: 400;\">Grups interactius<\/span><\/li>\n<li style=\"font-weight: 400;\" aria-level=\"1\"><span style=\"font-weight: 400;\">Tert\u00falies dial\u00f2giques<\/span><\/li>\n<li style=\"font-weight: 400;\" aria-level=\"1\"><span style=\"font-weight: 400;\">Formaci\u00f3 de familiars<\/span><\/li>\n<li style=\"font-weight: 400;\" aria-level=\"1\"><span style=\"font-weight: 400;\">Participaci\u00f3 educativa de la comunitat<\/span><\/li>\n<li style=\"font-weight: 400;\" aria-level=\"1\"><span style=\"font-weight: 400;\">Model dial\u00f2gics de prevenci\u00f3 i resoluci\u00f3 de conflictes<\/span><\/li>\n<li style=\"font-weight: 400;\" aria-level=\"1\"><span style=\"font-weight: 400;\">Formaci\u00f3 dial\u00f2gica del professorat.<\/span><\/li>\n<\/ul>\n<p><span style=\"font-weight: 400;\">Aquest projecte ha ajudat a tota la comunitat educativa (alumnes, pares, mares, voluntaris&#8230;) econ\u00f2micament per a aprofundir i poder formar-se en les actuacions educatives d&#8217;\u00e8xit i dur-les a terme amb el rigor m\u00e9s gran cient\u00edfic en els centres educatius.<\/span><\/p>\n<p><span style=\"font-weight: 400;\">Els cinc centres escolars que formem aquest projecte som: Miguel Hern\u00e1ndez de la Roda (Albacete), Carrasquer de Sueca (Val\u00e8ncia), *CEIP Espanya (Melilla), Enrique *Mesas de *Rascafr\u00eda (Madrid) i *Escola Montserrat Terrassa (Catalunya).Despr\u00e9s de reunions i moltes coordinacions dels centres, decidim el pla de treball del curs 21-22.<\/span><\/p>\n<p><span style=\"font-weight: 400;\">Es va decidir que el primer intercanvi fos a Terrassa, ja que som un centre pioner i portem des del 2001 sent una comunitat d&#8217;aprenentatge. A aquesta primera trobada van assistir diversos mestres dels diferents centres escolars, l&#8217;alcalde de la ciutat de Terrassa, l&#8217;inspector i les fam\u00edlies de l\u2019AFA. A la tarda vam tenir el plaer d\u2019escoltar el doctor Ram\u00f3n Flecha, que ens va parlar sobre les bases cient\u00edfiques que sustenten les actuacions educatives d&#8217;\u00e8xit. Posteriorment, la doctora Sara Racionero ens va parlar de la neuroci\u00e8ncia i tots els seus aspectes.<\/span><\/p>\n<p><span style=\"font-weight: 400;\"> <a href=\"https:\/\/agora.xtec.cat\/ceipmontserrat\/wp-content\/uploads\/usu1716\/2023\/06\/2.jpeg\"><img loading=\"lazy\" decoding=\"async\" class=\"aligncenter size-full wp-image-4278\" src=\"https:\/\/agora.xtec.cat\/ceipmontserrat\/wp-content\/uploads\/usu1716\/2023\/06\/2.jpeg\" alt=\"\" width=\"1024\" height=\"768\" srcset=\"https:\/\/agora.xtec.cat\/ceipmontserrat\/wp-content\/uploads\/usu1716\/2023\/06\/2.jpeg 1024w, https:\/\/agora.xtec.cat\/ceipmontserrat\/wp-content\/uploads\/usu1716\/2023\/06\/2-300x225.jpeg 300w, https:\/\/agora.xtec.cat\/ceipmontserrat\/wp-content\/uploads\/usu1716\/2023\/06\/2-768x576.jpeg 768w, https:\/\/agora.xtec.cat\/ceipmontserrat\/wp-content\/uploads\/usu1716\/2023\/06\/2-200x150.jpeg 200w\" sizes=\"auto, (max-width: 1024px) 100vw, 1024px\" \/><\/a> <a href=\"https:\/\/agora.xtec.cat\/ceipmontserrat\/wp-content\/uploads\/usu1716\/2023\/06\/1.jpeg\"><img loading=\"lazy\" decoding=\"async\" class=\"aligncenter size-full wp-image-4277\" src=\"https:\/\/agora.xtec.cat\/ceipmontserrat\/wp-content\/uploads\/usu1716\/2023\/06\/1.jpeg\" alt=\"\" width=\"1024\" height=\"350\" srcset=\"https:\/\/agora.xtec.cat\/ceipmontserrat\/wp-content\/uploads\/usu1716\/2023\/06\/1.jpeg 1024w, https:\/\/agora.xtec.cat\/ceipmontserrat\/wp-content\/uploads\/usu1716\/2023\/06\/1-300x103.jpeg 300w, https:\/\/agora.xtec.cat\/ceipmontserrat\/wp-content\/uploads\/usu1716\/2023\/06\/1-768x263.jpeg 768w\" sizes=\"auto, (max-width: 1024px) 100vw, 1024px\" \/><\/a> <a href=\"https:\/\/agora.xtec.cat\/ceipmontserrat\/wp-content\/uploads\/usu1716\/2023\/06\/3.jpeg\"><img loading=\"lazy\" decoding=\"async\" class=\"aligncenter size-full wp-image-4279\" src=\"https:\/\/agora.xtec.cat\/ceipmontserrat\/wp-content\/uploads\/usu1716\/2023\/06\/3.jpeg\" alt=\"\" width=\"1600\" height=\"1066\" srcset=\"https:\/\/agora.xtec.cat\/ceipmontserrat\/wp-content\/uploads\/usu1716\/2023\/06\/3.jpeg 1600w, https:\/\/agora.xtec.cat\/ceipmontserrat\/wp-content\/uploads\/usu1716\/2023\/06\/3-300x200.jpeg 300w, https:\/\/agora.xtec.cat\/ceipmontserrat\/wp-content\/uploads\/usu1716\/2023\/06\/3-1024x682.jpeg 1024w, https:\/\/agora.xtec.cat\/ceipmontserrat\/wp-content\/uploads\/usu1716\/2023\/06\/3-768x512.jpeg 768w, https:\/\/agora.xtec.cat\/ceipmontserrat\/wp-content\/uploads\/usu1716\/2023\/06\/3-1536x1023.jpeg 1536w\" sizes=\"auto, (max-width: 1600px) 100vw, 1600px\" \/><\/a> <a href=\"https:\/\/agora.xtec.cat\/ceipmontserrat\/wp-content\/uploads\/usu1716\/2023\/06\/4.jpeg\"><img loading=\"lazy\" decoding=\"async\" class=\"aligncenter size-full wp-image-4280\" src=\"https:\/\/agora.xtec.cat\/ceipmontserrat\/wp-content\/uploads\/usu1716\/2023\/06\/4.jpeg\" alt=\"\" width=\"1600\" height=\"1066\" srcset=\"https:\/\/agora.xtec.cat\/ceipmontserrat\/wp-content\/uploads\/usu1716\/2023\/06\/4.jpeg 1600w, https:\/\/agora.xtec.cat\/ceipmontserrat\/wp-content\/uploads\/usu1716\/2023\/06\/4-300x200.jpeg 300w, https:\/\/agora.xtec.cat\/ceipmontserrat\/wp-content\/uploads\/usu1716\/2023\/06\/4-1024x682.jpeg 1024w, https:\/\/agora.xtec.cat\/ceipmontserrat\/wp-content\/uploads\/usu1716\/2023\/06\/4-768x512.jpeg 768w, https:\/\/agora.xtec.cat\/ceipmontserrat\/wp-content\/uploads\/usu1716\/2023\/06\/4-1536x1023.jpeg 1536w\" sizes=\"auto, (max-width: 1600px) 100vw, 1600px\" \/><\/a> <a href=\"https:\/\/agora.xtec.cat\/ceipmontserrat\/wp-content\/uploads\/usu1716\/2023\/06\/5.jpeg\"><img loading=\"lazy\" decoding=\"async\" class=\"aligncenter size-full wp-image-4281\" src=\"https:\/\/agora.xtec.cat\/ceipmontserrat\/wp-content\/uploads\/usu1716\/2023\/06\/5.jpeg\" alt=\"\" width=\"1600\" height=\"1131\" srcset=\"https:\/\/agora.xtec.cat\/ceipmontserrat\/wp-content\/uploads\/usu1716\/2023\/06\/5.jpeg 1600w, https:\/\/agora.xtec.cat\/ceipmontserrat\/wp-content\/uploads\/usu1716\/2023\/06\/5-300x212.jpeg 300w, https:\/\/agora.xtec.cat\/ceipmontserrat\/wp-content\/uploads\/usu1716\/2023\/06\/5-1024x724.jpeg 1024w, https:\/\/agora.xtec.cat\/ceipmontserrat\/wp-content\/uploads\/usu1716\/2023\/06\/5-768x543.jpeg 768w, https:\/\/agora.xtec.cat\/ceipmontserrat\/wp-content\/uploads\/usu1716\/2023\/06\/5-1536x1086.jpeg 1536w\" sizes=\"auto, (max-width: 1600px) 100vw, 1600px\" \/><\/a><\/span><\/p>\n<p><a href=\"https:\/\/agora.xtec.cat\/ceipmontserrat\/wp-content\/uploads\/usu1716\/2023\/06\/logo-minsterio.png\"><img loading=\"lazy\" decoding=\"async\" class=\"aligncenter size-full wp-image-4285\" src=\"https:\/\/agora.xtec.cat\/ceipmontserrat\/wp-content\/uploads\/usu1716\/2023\/06\/logo-minsterio.png\" alt=\"\" width=\"468\" height=\"115\" srcset=\"https:\/\/agora.xtec.cat\/ceipmontserrat\/wp-content\/uploads\/usu1716\/2023\/06\/logo-minsterio.png 468w, https:\/\/agora.xtec.cat\/ceipmontserrat\/wp-content\/uploads\/usu1716\/2023\/06\/logo-minsterio-300x74.png 300w\" sizes=\"auto, (max-width: 468px) 100vw, 468px\" \/><\/a><\/p>\n","protected":false},"excerpt":{"rendered":"<ul>\n<li aria-level=\"1\">Proyecto de agrupaciones escolares.\u00a0<\/li>\n<\/ul>\n<p>Nos presentamos a la convocat\u00f2ria de ayudas para agrupaciones de centros educativos e iniciamos el proyecto de agrupaciones escolares en el curso 21-22 con mucha ilusi\u00f3n y entusiasmo.\u00a0 Este proyecto consiste en promover agrupaciones de centros educativos para la realizaci\u00f3n y&hellip;  <a href=\"https:\/\/agora.xtec.cat\/ceipmontserrat\/portada\/inici-del-projecte-agrupaciones-escolares\/\" title=\"Read Inici del projecte &#8216;Agrupaciones Escolares&#8217;\">Llegeix m\u00e9s\u00bb<\/a><\/p>\n","protected":false},"author":1,"featured_media":0,"comment_status":"open","ping_status":"closed","sticky":false,"template":"","format":"standard","meta":{"_bbp_topic_count":0,"_bbp_reply_count":0,"_bbp_total_topic_count":0,"_bbp_total_reply_count":0,"_bbp_voice_count":0,"_bbp_anonymous_reply_count":0,"_bbp_topic_count_hidden":0,"_bbp_reply_count_hidden":0,"_bbp_forum_subforum_count":0,"footnotes":""},"categories":[164,4,163],"tags":[162],"class_list":["post-4276","post","type-post","status-publish","format-standard","hentry","category-ae","category-portada","category-p-e","tag-ae"],"post_mailing_queue_ids":[],"_links":{"self":[{"href":"https:\/\/agora.xtec.cat\/ceipmontserrat\/wp-json\/wp\/v2\/posts\/4276","targetHints":{"allow":["GET"]}}],"collection":[{"href":"https:\/\/agora.xtec.cat\/ceipmontserrat\/wp-json\/wp\/v2\/posts"}],"about":[{"href":"https:\/\/agora.xtec.cat\/ceipmontserrat\/wp-json\/wp\/v2\/types\/post"}],"author":[{"embeddable":true,"href":"https:\/\/agora.xtec.cat\/ceipmontserrat\/wp-json\/wp\/v2\/users\/1"}],"replies":[{"embeddable":true,"href":"https:\/\/agora.xtec.cat\/ceipmontserrat\/wp-json\/wp\/v2\/comments?post=4276"}],"version-history":[{"count":3,"href":"https:\/\/agora.xtec.cat\/ceipmontserrat\/wp-json\/wp\/v2\/posts\/4276\/revisions"}],"predecessor-version":[{"id":4286,"href":"https:\/\/agora.xtec.cat\/ceipmontserrat\/wp-json\/wp\/v2\/posts\/4276\/revisions\/4286"}],"wp:attachment":[{"href":"https:\/\/agora.xtec.cat\/ceipmontserrat\/wp-json\/wp\/v2\/media?parent=4276"}],"wp:term":[{"taxonomy":"category","embeddable":true,"href":"https:\/\/agora.xtec.cat\/ceipmontserrat\/wp-json\/wp\/v2\/categories?post=4276"},{"taxonomy":"post_tag","embeddable":true,"href":"https:\/\/agora.xtec.cat\/ceipmontserrat\/wp-json\/wp\/v2\/tags?post=4276"}],"curies":[{"name":"wp","href":"https:\/\/api.w.org\/{rel}","templated":true}]}}