{"id":3973,"date":"2022-11-14T19:33:24","date_gmt":"2022-11-14T18:33:24","guid":{"rendered":"https:\/\/agora.xtec.cat\/ceipmontserrat\/?p=3973"},"modified":"2022-11-14T19:33:24","modified_gmt":"2022-11-14T18:33:24","slug":"visita-institucional-a-la-nostra-comunitat-daprenentatge","status":"publish","type":"post","link":"https:\/\/agora.xtec.cat\/ceipmontserrat\/general\/visita-institucional-a-la-nostra-comunitat-daprenentatge\/","title":{"rendered":"VISITA institucional a la nostra Comunitat d&#8217;Aprenentatge!"},"content":{"rendered":"<p>El passat dijous 10 de novembre vam rebre la visita institucional de la senyora Raquel Garcia, directora General d&#8217;atenci\u00f3 a la fam\u00edlia i la comunitat educativa; la senyora Maite Fons directora del Servei Territorial del Vall\u00e8s Occidental; la senyora Teresa Ciurana regidora d&#8217;educaci\u00f3 de la ciutat de Terrass; i del senyor Eduard Mallol inspector d&#8217;educaci\u00f3 de la nostra escola.<\/p>\n<p>Han estat encantats de poder veure com funcionem i com duem a terme les Actuacions Educatives d&#8217;\u00c8xit (AEE) que caracteritzen les Comunitats d&#8217;Aprenentatge.<\/p>\n<p><a href=\"https:\/\/agora.xtec.cat\/ceipmontserrat\/wp-content\/uploads\/usu1716\/2022\/11\/1668434400895.jpg\"><img loading=\"lazy\" decoding=\"async\" class=\"aligncenter size-full wp-image-3963\" src=\"https:\/\/agora.xtec.cat\/ceipmontserrat\/wp-content\/uploads\/usu1716\/2022\/11\/1668434400895.jpg\" alt=\"\" width=\"1024\" height=\"598\" srcset=\"https:\/\/agora.xtec.cat\/ceipmontserrat\/wp-content\/uploads\/usu1716\/2022\/11\/1668434400895.jpg 1024w, https:\/\/agora.xtec.cat\/ceipmontserrat\/wp-content\/uploads\/usu1716\/2022\/11\/1668434400895-300x175.jpg 300w, https:\/\/agora.xtec.cat\/ceipmontserrat\/wp-content\/uploads\/usu1716\/2022\/11\/1668434400895-768x449.jpg 768w\" sizes=\"auto, (max-width: 1024px) 100vw, 1024px\" \/><\/a><\/p>\n","protected":false},"excerpt":{"rendered":"<p>El passat dijous 10 de novembre vam rebre la visita institucional de la senyora Raquel Garcia, directora General d&#8217;atenci\u00f3 a la fam\u00edlia i la comunitat educativa; la senyora Maite Fons directora del Servei Territorial del Vall\u00e8s Occidental; la senyora Teresa Ciurana regidora d&#8217;educaci\u00f3 de la&hellip;  <a href=\"https:\/\/agora.xtec.cat\/ceipmontserrat\/general\/visita-institucional-a-la-nostra-comunitat-daprenentatge\/\" title=\"Read VISITA institucional a la nostra Comunitat d&#8217;Aprenentatge!\">Llegeix m\u00e9s\u00bb<\/a><\/p>\n","protected":false},"author":1,"featured_media":3060,"comment_status":"open","ping_status":"closed","sticky":false,"template":"","format":"standard","meta":{"_bbp_topic_count":0,"_bbp_reply_count":0,"_bbp_total_topic_count":0,"_bbp_total_reply_count":0,"_bbp_voice_count":0,"_bbp_anonymous_reply_count":0,"_bbp_topic_count_hidden":0,"_bbp_reply_count_hidden":0,"_bbp_forum_subforum_count":0,"footnotes":""},"categories":[1,4],"tags":[],"class_list":["post-3973","post","type-post","status-publish","format-standard","has-post-thumbnail","hentry","category-general","category-portada"],"post_mailing_queue_ids":[],"_links":{"self":[{"href":"https:\/\/agora.xtec.cat\/ceipmontserrat\/wp-json\/wp\/v2\/posts\/3973","targetHints":{"allow":["GET"]}}],"collection":[{"href":"https:\/\/agora.xtec.cat\/ceipmontserrat\/wp-json\/wp\/v2\/posts"}],"about":[{"href":"https:\/\/agora.xtec.cat\/ceipmontserrat\/wp-json\/wp\/v2\/types\/post"}],"author":[{"embeddable":true,"href":"https:\/\/agora.xtec.cat\/ceipmontserrat\/wp-json\/wp\/v2\/users\/1"}],"replies":[{"embeddable":true,"href":"https:\/\/agora.xtec.cat\/ceipmontserrat\/wp-json\/wp\/v2\/comments?post=3973"}],"version-history":[{"count":1,"href":"https:\/\/agora.xtec.cat\/ceipmontserrat\/wp-json\/wp\/v2\/posts\/3973\/revisions"}],"predecessor-version":[{"id":3974,"href":"https:\/\/agora.xtec.cat\/ceipmontserrat\/wp-json\/wp\/v2\/posts\/3973\/revisions\/3974"}],"wp:featuredmedia":[{"embeddable":true,"href":"https:\/\/agora.xtec.cat\/ceipmontserrat\/wp-json\/wp\/v2\/media\/3060"}],"wp:attachment":[{"href":"https:\/\/agora.xtec.cat\/ceipmontserrat\/wp-json\/wp\/v2\/media?parent=3973"}],"wp:term":[{"taxonomy":"category","embeddable":true,"href":"https:\/\/agora.xtec.cat\/ceipmontserrat\/wp-json\/wp\/v2\/categories?post=3973"},{"taxonomy":"post_tag","embeddable":true,"href":"https:\/\/agora.xtec.cat\/ceipmontserrat\/wp-json\/wp\/v2\/tags?post=3973"}],"curies":[{"name":"wp","href":"https:\/\/api.w.org\/{rel}","templated":true}]}}