{"id":3650,"date":"2022-05-24T10:21:21","date_gmt":"2022-05-24T08:21:21","guid":{"rendered":"https:\/\/agora.xtec.cat\/ceipmontserrat\/?p=3650"},"modified":"2022-05-24T10:23:27","modified_gmt":"2022-05-24T08:23:27","slug":"x-trobada-internacional-comunitats-daprenentatge-21-de-maig-cuenca","status":"publish","type":"post","link":"https:\/\/agora.xtec.cat\/ceipmontserrat\/general\/x-trobada-internacional-comunitats-daprenentatge-21-de-maig-cuenca\/","title":{"rendered":"X TROBADA INTERNACIONAL COMUNITATS D&#8217;APRENENTATGE &#8211; 21 DE MAIG, CUENCA"},"content":{"rendered":"<p>El passat 21 de maig va tenir lloc a la ciutat de Cuenca la X trobada internacional de comunitats d&#8217;aprenentatge.<\/p>\n<p>Aquest any, des de l&#8217;escola ens vam despla\u00e7ar cap a Cuenca i vam poder assistir-hi mestres, fam\u00edlies i alumnes. Va ser una jornada plena d&#8217;aprenentatges, com sempre de la m\u00e0 de les evid\u00e8ncies cient\u00edfiques i amb les millors investigacions realitzades per persones com Sandra Racionero, Lidia Puigvert, Javier Diez, Emilia Aiello, Teresa Sord\u00e9, i Guillermo Legorburo.<\/p>\n<p>Va ser molt emocionant ja que tamb\u00e9 vam tenir l&#8217;oportunitat de realitzar una pon\u00e8ncia i exposar com treballem a l&#8217;escola el Model Dial\u00f2gic de Prevenci\u00f3 i Resoluci\u00f3 de Conflictes i qui millor que l&#8217;Achraf i la Khadija de 6\u00e8 per a explicar-ho!<\/p>\n<p>Aqu\u00ed us deixem amb algunes imatges de la Jornada:<\/p>\n<p><a href=\"https:\/\/agora.xtec.cat\/ceipmontserrat\/wp-content\/uploads\/usu1716\/2022\/05\/1653295868928.jpg\"><img loading=\"lazy\" decoding=\"async\" class=\"aligncenter size-full wp-image-3660\" src=\"https:\/\/agora.xtec.cat\/ceipmontserrat\/wp-content\/uploads\/usu1716\/2022\/05\/1653295868928.jpg\" alt=\"\" width=\"2048\" height=\"1536\" srcset=\"https:\/\/agora.xtec.cat\/ceipmontserrat\/wp-content\/uploads\/usu1716\/2022\/05\/1653295868928.jpg 2048w, https:\/\/agora.xtec.cat\/ceipmontserrat\/wp-content\/uploads\/usu1716\/2022\/05\/1653295868928-300x225.jpg 300w, https:\/\/agora.xtec.cat\/ceipmontserrat\/wp-content\/uploads\/usu1716\/2022\/05\/1653295868928-1024x768.jpg 1024w, https:\/\/agora.xtec.cat\/ceipmontserrat\/wp-content\/uploads\/usu1716\/2022\/05\/1653295868928-768x576.jpg 768w, https:\/\/agora.xtec.cat\/ceipmontserrat\/wp-content\/uploads\/usu1716\/2022\/05\/1653295868928-1536x1152.jpg 1536w, https:\/\/agora.xtec.cat\/ceipmontserrat\/wp-content\/uploads\/usu1716\/2022\/05\/1653295868928-200x150.jpg 200w\" sizes=\"auto, (max-width: 2048px) 100vw, 2048px\" \/><\/a> <a href=\"https:\/\/agora.xtec.cat\/ceipmontserrat\/wp-content\/uploads\/usu1716\/2022\/05\/1653295868887.jpg\"><img loading=\"lazy\" decoding=\"async\" class=\"aligncenter size-full wp-image-3659\" src=\"https:\/\/agora.xtec.cat\/ceipmontserrat\/wp-content\/uploads\/usu1716\/2022\/05\/1653295868887.jpg\" alt=\"\" width=\"2048\" height=\"1536\" srcset=\"https:\/\/agora.xtec.cat\/ceipmontserrat\/wp-content\/uploads\/usu1716\/2022\/05\/1653295868887.jpg 2048w, https:\/\/agora.xtec.cat\/ceipmontserrat\/wp-content\/uploads\/usu1716\/2022\/05\/1653295868887-300x225.jpg 300w, https:\/\/agora.xtec.cat\/ceipmontserrat\/wp-content\/uploads\/usu1716\/2022\/05\/1653295868887-1024x768.jpg 1024w, https:\/\/agora.xtec.cat\/ceipmontserrat\/wp-content\/uploads\/usu1716\/2022\/05\/1653295868887-768x576.jpg 768w, https:\/\/agora.xtec.cat\/ceipmontserrat\/wp-content\/uploads\/usu1716\/2022\/05\/1653295868887-1536x1152.jpg 1536w, https:\/\/agora.xtec.cat\/ceipmontserrat\/wp-content\/uploads\/usu1716\/2022\/05\/1653295868887-200x150.jpg 200w\" sizes=\"auto, (max-width: 2048px) 100vw, 2048px\" \/><\/a> <a href=\"https:\/\/agora.xtec.cat\/ceipmontserrat\/wp-content\/uploads\/usu1716\/2022\/05\/1653295868845.jpg\"><img loading=\"lazy\" decoding=\"async\" class=\"aligncenter size-full wp-image-3658\" src=\"https:\/\/agora.xtec.cat\/ceipmontserrat\/wp-content\/uploads\/usu1716\/2022\/05\/1653295868845.jpg\" alt=\"\" width=\"1600\" height=\"1200\" srcset=\"https:\/\/agora.xtec.cat\/ceipmontserrat\/wp-content\/uploads\/usu1716\/2022\/05\/1653295868845.jpg 1600w, https:\/\/agora.xtec.cat\/ceipmontserrat\/wp-content\/uploads\/usu1716\/2022\/05\/1653295868845-300x225.jpg 300w, https:\/\/agora.xtec.cat\/ceipmontserrat\/wp-content\/uploads\/usu1716\/2022\/05\/1653295868845-1024x768.jpg 1024w, https:\/\/agora.xtec.cat\/ceipmontserrat\/wp-content\/uploads\/usu1716\/2022\/05\/1653295868845-768x576.jpg 768w, https:\/\/agora.xtec.cat\/ceipmontserrat\/wp-content\/uploads\/usu1716\/2022\/05\/1653295868845-1536x1152.jpg 1536w, https:\/\/agora.xtec.cat\/ceipmontserrat\/wp-content\/uploads\/usu1716\/2022\/05\/1653295868845-200x150.jpg 200w\" sizes=\"auto, (max-width: 1600px) 100vw, 1600px\" \/><\/a> <a href=\"https:\/\/agora.xtec.cat\/ceipmontserrat\/wp-content\/uploads\/usu1716\/2022\/05\/1653295868805.jpg\"><img loading=\"lazy\" decoding=\"async\" class=\"aligncenter size-full wp-image-3657\" src=\"https:\/\/agora.xtec.cat\/ceipmontserrat\/wp-content\/uploads\/usu1716\/2022\/05\/1653295868805.jpg\" alt=\"\" width=\"1664\" height=\"1248\" srcset=\"https:\/\/agora.xtec.cat\/ceipmontserrat\/wp-content\/uploads\/usu1716\/2022\/05\/1653295868805.jpg 1664w, https:\/\/agora.xtec.cat\/ceipmontserrat\/wp-content\/uploads\/usu1716\/2022\/05\/1653295868805-300x225.jpg 300w, https:\/\/agora.xtec.cat\/ceipmontserrat\/wp-content\/uploads\/usu1716\/2022\/05\/1653295868805-1024x768.jpg 1024w, https:\/\/agora.xtec.cat\/ceipmontserrat\/wp-content\/uploads\/usu1716\/2022\/05\/1653295868805-768x576.jpg 768w, https:\/\/agora.xtec.cat\/ceipmontserrat\/wp-content\/uploads\/usu1716\/2022\/05\/1653295868805-1536x1152.jpg 1536w, https:\/\/agora.xtec.cat\/ceipmontserrat\/wp-content\/uploads\/usu1716\/2022\/05\/1653295868805-200x150.jpg 200w\" sizes=\"auto, (max-width: 1664px) 100vw, 1664px\" \/><\/a> <a href=\"https:\/\/agora.xtec.cat\/ceipmontserrat\/wp-content\/uploads\/usu1716\/2022\/05\/1653295868762.jpg\"><img loading=\"lazy\" decoding=\"async\" class=\"aligncenter size-full wp-image-3656\" src=\"https:\/\/agora.xtec.cat\/ceipmontserrat\/wp-content\/uploads\/usu1716\/2022\/05\/1653295868762.jpg\" alt=\"\" width=\"1600\" height=\"1200\" srcset=\"https:\/\/agora.xtec.cat\/ceipmontserrat\/wp-content\/uploads\/usu1716\/2022\/05\/1653295868762.jpg 1600w, https:\/\/agora.xtec.cat\/ceipmontserrat\/wp-content\/uploads\/usu1716\/2022\/05\/1653295868762-300x225.jpg 300w, https:\/\/agora.xtec.cat\/ceipmontserrat\/wp-content\/uploads\/usu1716\/2022\/05\/1653295868762-1024x768.jpg 1024w, https:\/\/agora.xtec.cat\/ceipmontserrat\/wp-content\/uploads\/usu1716\/2022\/05\/1653295868762-768x576.jpg 768w, https:\/\/agora.xtec.cat\/ceipmontserrat\/wp-content\/uploads\/usu1716\/2022\/05\/1653295868762-1536x1152.jpg 1536w, https:\/\/agora.xtec.cat\/ceipmontserrat\/wp-content\/uploads\/usu1716\/2022\/05\/1653295868762-200x150.jpg 200w\" sizes=\"auto, (max-width: 1600px) 100vw, 1600px\" \/><\/a><\/p>\n<p>&nbsp;<\/p>\n","protected":false},"excerpt":{"rendered":"<p>El passat 21 de maig va tenir lloc a la ciutat de Cuenca la X trobada internacional de comunitats d&#8217;aprenentatge.<br \/>\nAquest any, des de l&#8217;escola ens vam despla\u00e7ar cap a Cuenca i vam poder assistir-hi mestres, fam\u00edlies i alumnes. Va ser una jornada plena d&#8217;aprenentatges, com&hellip;  <a href=\"https:\/\/agora.xtec.cat\/ceipmontserrat\/general\/x-trobada-internacional-comunitats-daprenentatge-21-de-maig-cuenca\/\" title=\"Read X TROBADA INTERNACIONAL COMUNITATS D&#8217;APRENENTATGE &#8211; 21 DE MAIG, CUENCA\">Llegeix m\u00e9s\u00bb<\/a><\/p>\n","protected":false},"author":1,"featured_media":3651,"comment_status":"open","ping_status":"closed","sticky":false,"template":"","format":"standard","meta":{"_bbp_topic_count":0,"_bbp_reply_count":0,"_bbp_total_topic_count":0,"_bbp_total_reply_count":0,"_bbp_voice_count":0,"_bbp_anonymous_reply_count":0,"_bbp_topic_count_hidden":0,"_bbp_reply_count_hidden":0,"_bbp_forum_subforum_count":0,"footnotes":""},"categories":[1,2,4,5],"tags":[],"class_list":["post-3650","post","type-post","status-publish","format-standard","has-post-thumbnail","hentry","category-general","category-infantil","category-portada","category-primaria"],"post_mailing_queue_ids":[],"_links":{"self":[{"href":"https:\/\/agora.xtec.cat\/ceipmontserrat\/wp-json\/wp\/v2\/posts\/3650","targetHints":{"allow":["GET"]}}],"collection":[{"href":"https:\/\/agora.xtec.cat\/ceipmontserrat\/wp-json\/wp\/v2\/posts"}],"about":[{"href":"https:\/\/agora.xtec.cat\/ceipmontserrat\/wp-json\/wp\/v2\/types\/post"}],"author":[{"embeddable":true,"href":"https:\/\/agora.xtec.cat\/ceipmontserrat\/wp-json\/wp\/v2\/users\/1"}],"replies":[{"embeddable":true,"href":"https:\/\/agora.xtec.cat\/ceipmontserrat\/wp-json\/wp\/v2\/comments?post=3650"}],"version-history":[{"count":2,"href":"https:\/\/agora.xtec.cat\/ceipmontserrat\/wp-json\/wp\/v2\/posts\/3650\/revisions"}],"predecessor-version":[{"id":3662,"href":"https:\/\/agora.xtec.cat\/ceipmontserrat\/wp-json\/wp\/v2\/posts\/3650\/revisions\/3662"}],"wp:featuredmedia":[{"embeddable":true,"href":"https:\/\/agora.xtec.cat\/ceipmontserrat\/wp-json\/wp\/v2\/media\/3651"}],"wp:attachment":[{"href":"https:\/\/agora.xtec.cat\/ceipmontserrat\/wp-json\/wp\/v2\/media?parent=3650"}],"wp:term":[{"taxonomy":"category","embeddable":true,"href":"https:\/\/agora.xtec.cat\/ceipmontserrat\/wp-json\/wp\/v2\/categories?post=3650"},{"taxonomy":"post_tag","embeddable":true,"href":"https:\/\/agora.xtec.cat\/ceipmontserrat\/wp-json\/wp\/v2\/tags?post=3650"}],"curies":[{"name":"wp","href":"https:\/\/api.w.org\/{rel}","templated":true}]}}