{"id":3173,"date":"2022-03-06T13:27:15","date_gmt":"2022-03-06T12:27:15","guid":{"rendered":"https:\/\/agora.xtec.cat\/ceipmontserrat\/?p=3173"},"modified":"2022-03-18T13:59:35","modified_gmt":"2022-03-18T12:59:35","slug":"carnestoltes-2022","status":"publish","type":"post","link":"https:\/\/agora.xtec.cat\/ceipmontserrat\/general\/carnestoltes-2022\/","title":{"rendered":"CARNESTOLTES 2022!"},"content":{"rendered":"<p style=\"text-align: center;\"><strong>\u2666Fam\u00edlies i comunitat, aqui us deixem les imatges del Carnestoltes 2022!<\/strong><\/p>\n<p>Enguany la tem\u00e0tica del Carnestoltes anava relacionada amb el projecte interdisciplinar que iniciarem tota l&#8217;escola la setmana vinent: <strong>EMERG\u00c8NCIA CLIM\u00c0TICA!<\/strong><\/p>\n<p><strong>P3: \u00d3ssos panda (animals en perill d&#8217;extinci\u00f3).<\/strong><\/p>\n<p><a href=\"https:\/\/agora.xtec.cat\/ceipmontserrat\/wp-content\/uploads\/usu1716\/2022\/03\/IMG-20220225-WA0043-e1646567749379.jpg\"><img loading=\"lazy\" decoding=\"async\" class=\"aligncenter size-full wp-image-3176\" src=\"https:\/\/agora.xtec.cat\/ceipmontserrat\/wp-content\/uploads\/usu1716\/2022\/03\/IMG-20220225-WA0043-e1646567749379.jpg\" alt=\"\" width=\"1600\" height=\"632\" srcset=\"https:\/\/agora.xtec.cat\/ceipmontserrat\/wp-content\/uploads\/usu1716\/2022\/03\/IMG-20220225-WA0043-e1646567749379.jpg 1600w, https:\/\/agora.xtec.cat\/ceipmontserrat\/wp-content\/uploads\/usu1716\/2022\/03\/IMG-20220225-WA0043-e1646567749379-300x119.jpg 300w, https:\/\/agora.xtec.cat\/ceipmontserrat\/wp-content\/uploads\/usu1716\/2022\/03\/IMG-20220225-WA0043-e1646567749379-1024x404.jpg 1024w, https:\/\/agora.xtec.cat\/ceipmontserrat\/wp-content\/uploads\/usu1716\/2022\/03\/IMG-20220225-WA0043-e1646567749379-768x303.jpg 768w, https:\/\/agora.xtec.cat\/ceipmontserrat\/wp-content\/uploads\/usu1716\/2022\/03\/IMG-20220225-WA0043-e1646567749379-1536x607.jpg 1536w\" sizes=\"auto, (max-width: 1600px) 100vw, 1600px\" \/><\/a><\/p>\n<p><a href=\"https:\/\/agora.xtec.cat\/ceipmontserrat\/wp-content\/uploads\/usu1716\/2022\/03\/Screenshot_2022-02-28-14-25-22-252_com.whatsapp-e1646567849218.jpg\"><img loading=\"lazy\" decoding=\"async\" class=\"aligncenter wp-image-3178 size-full\" src=\"https:\/\/agora.xtec.cat\/ceipmontserrat\/wp-content\/uploads\/usu1716\/2022\/03\/Screenshot_2022-02-28-14-25-22-252_com.whatsapp-e1646567849218.jpg\" alt=\"\" width=\"700\" height=\"525\" srcset=\"https:\/\/agora.xtec.cat\/ceipmontserrat\/wp-content\/uploads\/usu1716\/2022\/03\/Screenshot_2022-02-28-14-25-22-252_com.whatsapp-e1646567849218.jpg 700w, https:\/\/agora.xtec.cat\/ceipmontserrat\/wp-content\/uploads\/usu1716\/2022\/03\/Screenshot_2022-02-28-14-25-22-252_com.whatsapp-e1646567849218-300x225.jpg 300w, https:\/\/agora.xtec.cat\/ceipmontserrat\/wp-content\/uploads\/usu1716\/2022\/03\/Screenshot_2022-02-28-14-25-22-252_com.whatsapp-e1646567849218-200x150.jpg 200w\" sizes=\"auto, (max-width: 700px) 100vw, 700px\" \/><\/a><\/p>\n<p><strong>P4: Ping\u00fcins (animals en perill d&#8217;extinci\u00f3).<\/strong><\/p>\n<p><a href=\"https:\/\/agora.xtec.cat\/ceipmontserrat\/wp-content\/uploads\/usu1716\/2022\/03\/IMG-20220225-WA0049-e1646567895943.jpg\"><img loading=\"lazy\" decoding=\"async\" class=\"aligncenter size-full wp-image-3180\" src=\"https:\/\/agora.xtec.cat\/ceipmontserrat\/wp-content\/uploads\/usu1716\/2022\/03\/IMG-20220225-WA0049-e1646567895943.jpg\" alt=\"\" width=\"1600\" height=\"732\" srcset=\"https:\/\/agora.xtec.cat\/ceipmontserrat\/wp-content\/uploads\/usu1716\/2022\/03\/IMG-20220225-WA0049-e1646567895943.jpg 1600w, https:\/\/agora.xtec.cat\/ceipmontserrat\/wp-content\/uploads\/usu1716\/2022\/03\/IMG-20220225-WA0049-e1646567895943-300x137.jpg 300w, https:\/\/agora.xtec.cat\/ceipmontserrat\/wp-content\/uploads\/usu1716\/2022\/03\/IMG-20220225-WA0049-e1646567895943-1024x468.jpg 1024w, https:\/\/agora.xtec.cat\/ceipmontserrat\/wp-content\/uploads\/usu1716\/2022\/03\/IMG-20220225-WA0049-e1646567895943-768x351.jpg 768w, https:\/\/agora.xtec.cat\/ceipmontserrat\/wp-content\/uploads\/usu1716\/2022\/03\/IMG-20220225-WA0049-e1646567895943-1536x703.jpg 1536w\" sizes=\"auto, (max-width: 1600px) 100vw, 1600px\" \/><\/a><\/p>\n<p><a href=\"https:\/\/agora.xtec.cat\/ceipmontserrat\/wp-content\/uploads\/usu1716\/2022\/03\/Screenshot_2022-02-28-14-25-55-387_com.whatsapp-e1646567946148.jpg\"><img loading=\"lazy\" decoding=\"async\" class=\"aligncenter size-full wp-image-3179\" src=\"https:\/\/agora.xtec.cat\/ceipmontserrat\/wp-content\/uploads\/usu1716\/2022\/03\/Screenshot_2022-02-28-14-25-55-387_com.whatsapp-e1646567946148.jpg\" alt=\"\" width=\"720\" height=\"948\" srcset=\"https:\/\/agora.xtec.cat\/ceipmontserrat\/wp-content\/uploads\/usu1716\/2022\/03\/Screenshot_2022-02-28-14-25-55-387_com.whatsapp-e1646567946148.jpg 720w, https:\/\/agora.xtec.cat\/ceipmontserrat\/wp-content\/uploads\/usu1716\/2022\/03\/Screenshot_2022-02-28-14-25-55-387_com.whatsapp-e1646567946148-228x300.jpg 228w\" sizes=\"auto, (max-width: 720px) 100vw, 720px\" \/><\/a><\/p>\n<p><strong>P5: Coales (animals en perill d&#8217;extinci\u00f3).<\/strong><\/p>\n<p><a href=\"https:\/\/agora.xtec.cat\/ceipmontserrat\/wp-content\/uploads\/usu1716\/2022\/03\/IMG-20220225-WA0050-e1646567982127.jpg\"><img loading=\"lazy\" decoding=\"async\" class=\"aligncenter size-full wp-image-3181\" src=\"https:\/\/agora.xtec.cat\/ceipmontserrat\/wp-content\/uploads\/usu1716\/2022\/03\/IMG-20220225-WA0050-e1646567982127.jpg\" alt=\"\" width=\"1600\" height=\"692\" srcset=\"https:\/\/agora.xtec.cat\/ceipmontserrat\/wp-content\/uploads\/usu1716\/2022\/03\/IMG-20220225-WA0050-e1646567982127.jpg 1600w, https:\/\/agora.xtec.cat\/ceipmontserrat\/wp-content\/uploads\/usu1716\/2022\/03\/IMG-20220225-WA0050-e1646567982127-300x130.jpg 300w, https:\/\/agora.xtec.cat\/ceipmontserrat\/wp-content\/uploads\/usu1716\/2022\/03\/IMG-20220225-WA0050-e1646567982127-1024x443.jpg 1024w, https:\/\/agora.xtec.cat\/ceipmontserrat\/wp-content\/uploads\/usu1716\/2022\/03\/IMG-20220225-WA0050-e1646567982127-768x332.jpg 768w, https:\/\/agora.xtec.cat\/ceipmontserrat\/wp-content\/uploads\/usu1716\/2022\/03\/IMG-20220225-WA0050-e1646567982127-1536x664.jpg 1536w\" sizes=\"auto, (max-width: 1600px) 100vw, 1600px\" \/><\/a><\/p>\n<p><a href=\"https:\/\/agora.xtec.cat\/ceipmontserrat\/wp-content\/uploads\/usu1716\/2022\/03\/Screenshot_2022-02-28-14-25-09-685_com.whatsapp-e1646568025303.jpg\"><img loading=\"lazy\" decoding=\"async\" class=\"aligncenter size-full wp-image-3182\" src=\"https:\/\/agora.xtec.cat\/ceipmontserrat\/wp-content\/uploads\/usu1716\/2022\/03\/Screenshot_2022-02-28-14-25-09-685_com.whatsapp-e1646568025303.jpg\" alt=\"\" width=\"720\" height=\"912\" srcset=\"https:\/\/agora.xtec.cat\/ceipmontserrat\/wp-content\/uploads\/usu1716\/2022\/03\/Screenshot_2022-02-28-14-25-09-685_com.whatsapp-e1646568025303.jpg 720w, https:\/\/agora.xtec.cat\/ceipmontserrat\/wp-content\/uploads\/usu1716\/2022\/03\/Screenshot_2022-02-28-14-25-09-685_com.whatsapp-e1646568025303-237x300.jpg 237w\" sizes=\"auto, (max-width: 720px) 100vw, 720px\" \/><\/a><\/p>\n<p><strong>1r: Plaques solars (energia solar &#8211; energies renovables).<\/strong><\/p>\n<p><a href=\"https:\/\/agora.xtec.cat\/ceipmontserrat\/wp-content\/uploads\/usu1716\/2022\/03\/IMG-20220225-WA0051-e1646568071798.jpg\"><img loading=\"lazy\" decoding=\"async\" class=\"aligncenter size-full wp-image-3183\" src=\"https:\/\/agora.xtec.cat\/ceipmontserrat\/wp-content\/uploads\/usu1716\/2022\/03\/IMG-20220225-WA0051-e1646568071798.jpg\" alt=\"\" width=\"1600\" height=\"884\" srcset=\"https:\/\/agora.xtec.cat\/ceipmontserrat\/wp-content\/uploads\/usu1716\/2022\/03\/IMG-20220225-WA0051-e1646568071798.jpg 1600w, https:\/\/agora.xtec.cat\/ceipmontserrat\/wp-content\/uploads\/usu1716\/2022\/03\/IMG-20220225-WA0051-e1646568071798-300x166.jpg 300w, https:\/\/agora.xtec.cat\/ceipmontserrat\/wp-content\/uploads\/usu1716\/2022\/03\/IMG-20220225-WA0051-e1646568071798-1024x566.jpg 1024w, https:\/\/agora.xtec.cat\/ceipmontserrat\/wp-content\/uploads\/usu1716\/2022\/03\/IMG-20220225-WA0051-e1646568071798-768x424.jpg 768w, https:\/\/agora.xtec.cat\/ceipmontserrat\/wp-content\/uploads\/usu1716\/2022\/03\/IMG-20220225-WA0051-e1646568071798-1536x849.jpg 1536w\" sizes=\"auto, (max-width: 1600px) 100vw, 1600px\" \/><\/a><\/p>\n<p><strong>2n: Molins de vent (energia e\u00f2lica &#8211; energies renovables).<\/strong><\/p>\n<p><a href=\"https:\/\/agora.xtec.cat\/ceipmontserrat\/wp-content\/uploads\/usu1716\/2022\/03\/IMG-20220225-WA0080-e1646568131513.jpg\"><img loading=\"lazy\" decoding=\"async\" class=\"aligncenter size-full wp-image-3184\" src=\"https:\/\/agora.xtec.cat\/ceipmontserrat\/wp-content\/uploads\/usu1716\/2022\/03\/IMG-20220225-WA0080-e1646568131513.jpg\" alt=\"\" width=\"2001\" height=\"906\" srcset=\"https:\/\/agora.xtec.cat\/ceipmontserrat\/wp-content\/uploads\/usu1716\/2022\/03\/IMG-20220225-WA0080-e1646568131513.jpg 2001w, https:\/\/agora.xtec.cat\/ceipmontserrat\/wp-content\/uploads\/usu1716\/2022\/03\/IMG-20220225-WA0080-e1646568131513-300x136.jpg 300w, https:\/\/agora.xtec.cat\/ceipmontserrat\/wp-content\/uploads\/usu1716\/2022\/03\/IMG-20220225-WA0080-e1646568131513-1024x464.jpg 1024w, https:\/\/agora.xtec.cat\/ceipmontserrat\/wp-content\/uploads\/usu1716\/2022\/03\/IMG-20220225-WA0080-e1646568131513-768x348.jpg 768w, https:\/\/agora.xtec.cat\/ceipmontserrat\/wp-content\/uploads\/usu1716\/2022\/03\/IMG-20220225-WA0080-e1646568131513-1536x695.jpg 1536w\" sizes=\"auto, (max-width: 2001px) 100vw, 2001px\" \/><\/a><\/p>\n<p><a href=\"https:\/\/agora.xtec.cat\/ceipmontserrat\/wp-content\/uploads\/usu1716\/2022\/03\/Screenshot_2022-02-28-14-23-42-118_com.whatsapp-e1646568172148.jpg\"><img loading=\"lazy\" decoding=\"async\" class=\"aligncenter size-full wp-image-3186\" src=\"https:\/\/agora.xtec.cat\/ceipmontserrat\/wp-content\/uploads\/usu1716\/2022\/03\/Screenshot_2022-02-28-14-23-42-118_com.whatsapp-e1646568172148.jpg\" alt=\"\" width=\"720\" height=\"932\" srcset=\"https:\/\/agora.xtec.cat\/ceipmontserrat\/wp-content\/uploads\/usu1716\/2022\/03\/Screenshot_2022-02-28-14-23-42-118_com.whatsapp-e1646568172148.jpg 720w, https:\/\/agora.xtec.cat\/ceipmontserrat\/wp-content\/uploads\/usu1716\/2022\/03\/Screenshot_2022-02-28-14-23-42-118_com.whatsapp-e1646568172148-232x300.jpg 232w\" sizes=\"auto, (max-width: 720px) 100vw, 720px\" \/><\/a><\/p>\n<p><strong>3r: Contaminaci\u00f3 lum\u00ednica i contaminaci\u00f3 atmosf\u00e8rica.<\/strong><\/p>\n<p><a href=\"https:\/\/agora.xtec.cat\/ceipmontserrat\/wp-content\/uploads\/usu1716\/2022\/03\/IMG-20220225-WA0046-e1646568234877.jpg\"><img loading=\"lazy\" decoding=\"async\" class=\"aligncenter size-full wp-image-3188\" src=\"https:\/\/agora.xtec.cat\/ceipmontserrat\/wp-content\/uploads\/usu1716\/2022\/03\/IMG-20220225-WA0046-e1646568234877.jpg\" alt=\"\" width=\"1600\" height=\"704\" srcset=\"https:\/\/agora.xtec.cat\/ceipmontserrat\/wp-content\/uploads\/usu1716\/2022\/03\/IMG-20220225-WA0046-e1646568234877.jpg 1600w, https:\/\/agora.xtec.cat\/ceipmontserrat\/wp-content\/uploads\/usu1716\/2022\/03\/IMG-20220225-WA0046-e1646568234877-300x132.jpg 300w, https:\/\/agora.xtec.cat\/ceipmontserrat\/wp-content\/uploads\/usu1716\/2022\/03\/IMG-20220225-WA0046-e1646568234877-1024x451.jpg 1024w, https:\/\/agora.xtec.cat\/ceipmontserrat\/wp-content\/uploads\/usu1716\/2022\/03\/IMG-20220225-WA0046-e1646568234877-768x338.jpg 768w, https:\/\/agora.xtec.cat\/ceipmontserrat\/wp-content\/uploads\/usu1716\/2022\/03\/IMG-20220225-WA0046-e1646568234877-1536x676.jpg 1536w\" sizes=\"auto, (max-width: 1600px) 100vw, 1600px\" \/><\/a><\/p>\n<p><a href=\"https:\/\/agora.xtec.cat\/ceipmontserrat\/wp-content\/uploads\/usu1716\/2022\/03\/IMG-20220225-WA0073-e1646568274527.jpg\"><img loading=\"lazy\" decoding=\"async\" class=\"aligncenter size-full wp-image-3187\" src=\"https:\/\/agora.xtec.cat\/ceipmontserrat\/wp-content\/uploads\/usu1716\/2022\/03\/IMG-20220225-WA0073-e1646568274527.jpg\" alt=\"\" width=\"1940\" height=\"1305\" srcset=\"https:\/\/agora.xtec.cat\/ceipmontserrat\/wp-content\/uploads\/usu1716\/2022\/03\/IMG-20220225-WA0073-e1646568274527.jpg 1940w, https:\/\/agora.xtec.cat\/ceipmontserrat\/wp-content\/uploads\/usu1716\/2022\/03\/IMG-20220225-WA0073-e1646568274527-300x202.jpg 300w, https:\/\/agora.xtec.cat\/ceipmontserrat\/wp-content\/uploads\/usu1716\/2022\/03\/IMG-20220225-WA0073-e1646568274527-1024x689.jpg 1024w, https:\/\/agora.xtec.cat\/ceipmontserrat\/wp-content\/uploads\/usu1716\/2022\/03\/IMG-20220225-WA0073-e1646568274527-768x517.jpg 768w, https:\/\/agora.xtec.cat\/ceipmontserrat\/wp-content\/uploads\/usu1716\/2022\/03\/IMG-20220225-WA0073-e1646568274527-1536x1033.jpg 1536w\" sizes=\"auto, (max-width: 1940px) 100vw, 1940px\" \/><\/a><\/p>\n<p><strong>4t: Contaminaci\u00f3 ac\u00fastica i contaminaci\u00f3 marina.<\/strong><\/p>\n<p><a href=\"https:\/\/agora.xtec.cat\/ceipmontserrat\/wp-content\/uploads\/usu1716\/2022\/03\/IMG-20220225-WA0052-e1646568306188.jpg\"><img loading=\"lazy\" decoding=\"async\" class=\"aligncenter size-full wp-image-3189\" src=\"https:\/\/agora.xtec.cat\/ceipmontserrat\/wp-content\/uploads\/usu1716\/2022\/03\/IMG-20220225-WA0052-e1646568306188.jpg\" alt=\"\" width=\"1600\" height=\"840\" srcset=\"https:\/\/agora.xtec.cat\/ceipmontserrat\/wp-content\/uploads\/usu1716\/2022\/03\/IMG-20220225-WA0052-e1646568306188.jpg 1600w, https:\/\/agora.xtec.cat\/ceipmontserrat\/wp-content\/uploads\/usu1716\/2022\/03\/IMG-20220225-WA0052-e1646568306188-300x158.jpg 300w, https:\/\/agora.xtec.cat\/ceipmontserrat\/wp-content\/uploads\/usu1716\/2022\/03\/IMG-20220225-WA0052-e1646568306188-1024x538.jpg 1024w, https:\/\/agora.xtec.cat\/ceipmontserrat\/wp-content\/uploads\/usu1716\/2022\/03\/IMG-20220225-WA0052-e1646568306188-768x403.jpg 768w, https:\/\/agora.xtec.cat\/ceipmontserrat\/wp-content\/uploads\/usu1716\/2022\/03\/IMG-20220225-WA0052-e1646568306188-1536x806.jpg 1536w\" sizes=\"auto, (max-width: 1600px) 100vw, 1600px\" \/><\/a><\/p>\n<p><strong>5\u00e8: Escalfament global i desgel.<\/strong><\/p>\n<p><a href=\"https:\/\/agora.xtec.cat\/ceipmontserrat\/wp-content\/uploads\/usu1716\/2022\/03\/IMG-20220225-WA0074-e1646568336618.jpg\"><img loading=\"lazy\" decoding=\"async\" class=\"aligncenter size-full wp-image-3190\" src=\"https:\/\/agora.xtec.cat\/ceipmontserrat\/wp-content\/uploads\/usu1716\/2022\/03\/IMG-20220225-WA0074-e1646568336618.jpg\" alt=\"\" width=\"2048\" height=\"1049\" srcset=\"https:\/\/agora.xtec.cat\/ceipmontserrat\/wp-content\/uploads\/usu1716\/2022\/03\/IMG-20220225-WA0074-e1646568336618.jpg 2048w, https:\/\/agora.xtec.cat\/ceipmontserrat\/wp-content\/uploads\/usu1716\/2022\/03\/IMG-20220225-WA0074-e1646568336618-300x154.jpg 300w, https:\/\/agora.xtec.cat\/ceipmontserrat\/wp-content\/uploads\/usu1716\/2022\/03\/IMG-20220225-WA0074-e1646568336618-1024x525.jpg 1024w, https:\/\/agora.xtec.cat\/ceipmontserrat\/wp-content\/uploads\/usu1716\/2022\/03\/IMG-20220225-WA0074-e1646568336618-768x393.jpg 768w, https:\/\/agora.xtec.cat\/ceipmontserrat\/wp-content\/uploads\/usu1716\/2022\/03\/IMG-20220225-WA0074-e1646568336618-1536x787.jpg 1536w\" sizes=\"auto, (max-width: 2048px) 100vw, 2048px\" \/><\/a><\/p>\n<p><a href=\"https:\/\/agora.xtec.cat\/ceipmontserrat\/wp-content\/uploads\/usu1716\/2022\/03\/IMG-20220225-WA0066-e1646568368379.jpg\"><img loading=\"lazy\" decoding=\"async\" class=\"aligncenter size-full wp-image-3191\" src=\"https:\/\/agora.xtec.cat\/ceipmontserrat\/wp-content\/uploads\/usu1716\/2022\/03\/IMG-20220225-WA0066-e1646568368379.jpg\" alt=\"\" width=\"1600\" height=\"1028\" srcset=\"https:\/\/agora.xtec.cat\/ceipmontserrat\/wp-content\/uploads\/usu1716\/2022\/03\/IMG-20220225-WA0066-e1646568368379.jpg 1600w, https:\/\/agora.xtec.cat\/ceipmontserrat\/wp-content\/uploads\/usu1716\/2022\/03\/IMG-20220225-WA0066-e1646568368379-300x193.jpg 300w, https:\/\/agora.xtec.cat\/ceipmontserrat\/wp-content\/uploads\/usu1716\/2022\/03\/IMG-20220225-WA0066-e1646568368379-1024x658.jpg 1024w, https:\/\/agora.xtec.cat\/ceipmontserrat\/wp-content\/uploads\/usu1716\/2022\/03\/IMG-20220225-WA0066-e1646568368379-768x493.jpg 768w, https:\/\/agora.xtec.cat\/ceipmontserrat\/wp-content\/uploads\/usu1716\/2022\/03\/IMG-20220225-WA0066-e1646568368379-1536x987.jpg 1536w\" sizes=\"auto, (max-width: 1600px) 100vw, 1600px\" \/><\/a><\/p>\n<p><strong>6\u00e8 A i B: Incendis forestals i desforestaci\u00f3<\/strong>.<\/p>\n<p><a href=\"https:\/\/agora.xtec.cat\/ceipmontserrat\/wp-content\/uploads\/usu1716\/2022\/03\/IMG-20220225-WA0048-e1646568399707.jpg\"><img loading=\"lazy\" decoding=\"async\" class=\"aligncenter size-full wp-image-3193\" src=\"https:\/\/agora.xtec.cat\/ceipmontserrat\/wp-content\/uploads\/usu1716\/2022\/03\/IMG-20220225-WA0048-e1646568399707.jpg\" alt=\"\" width=\"1600\" height=\"924\" srcset=\"https:\/\/agora.xtec.cat\/ceipmontserrat\/wp-content\/uploads\/usu1716\/2022\/03\/IMG-20220225-WA0048-e1646568399707.jpg 1600w, https:\/\/agora.xtec.cat\/ceipmontserrat\/wp-content\/uploads\/usu1716\/2022\/03\/IMG-20220225-WA0048-e1646568399707-300x173.jpg 300w, https:\/\/agora.xtec.cat\/ceipmontserrat\/wp-content\/uploads\/usu1716\/2022\/03\/IMG-20220225-WA0048-e1646568399707-1024x591.jpg 1024w, https:\/\/agora.xtec.cat\/ceipmontserrat\/wp-content\/uploads\/usu1716\/2022\/03\/IMG-20220225-WA0048-e1646568399707-768x444.jpg 768w, https:\/\/agora.xtec.cat\/ceipmontserrat\/wp-content\/uploads\/usu1716\/2022\/03\/IMG-20220225-WA0048-e1646568399707-1536x887.jpg 1536w\" sizes=\"auto, (max-width: 1600px) 100vw, 1600px\" \/><\/a><\/p>\n<p>Vam passar una tarda amb molta gresca, m\u00fasica i balls tots plegats!<\/p>\n<p><a href=\"https:\/\/agora.xtec.cat\/ceipmontserrat\/wp-content\/uploads\/usu1716\/2022\/03\/Screenshot_2022-02-28-14-24-59-033_com.whatsapp-e1646568678792.jpg\"><img loading=\"lazy\" decoding=\"async\" class=\"aligncenter size-full wp-image-3196\" src=\"https:\/\/agora.xtec.cat\/ceipmontserrat\/wp-content\/uploads\/usu1716\/2022\/03\/Screenshot_2022-02-28-14-24-59-033_com.whatsapp-e1646568678792.jpg\" alt=\"\" width=\"719\" height=\"522\" srcset=\"https:\/\/agora.xtec.cat\/ceipmontserrat\/wp-content\/uploads\/usu1716\/2022\/03\/Screenshot_2022-02-28-14-24-59-033_com.whatsapp-e1646568678792.jpg 719w, https:\/\/agora.xtec.cat\/ceipmontserrat\/wp-content\/uploads\/usu1716\/2022\/03\/Screenshot_2022-02-28-14-24-59-033_com.whatsapp-e1646568678792-300x218.jpg 300w\" sizes=\"auto, (max-width: 719px) 100vw, 719px\" \/><\/a><\/p>\n<p><a href=\"https:\/\/agora.xtec.cat\/ceipmontserrat\/wp-content\/uploads\/usu1716\/2022\/03\/Screenshot_2022-02-28-14-24-36-611_com.whatsapp-e1646568722299.jpg\"><img loading=\"lazy\" decoding=\"async\" class=\"aligncenter size-full wp-image-3194\" src=\"https:\/\/agora.xtec.cat\/ceipmontserrat\/wp-content\/uploads\/usu1716\/2022\/03\/Screenshot_2022-02-28-14-24-36-611_com.whatsapp-e1646568722299.jpg\" alt=\"\" width=\"720\" height=\"516\" srcset=\"https:\/\/agora.xtec.cat\/ceipmontserrat\/wp-content\/uploads\/usu1716\/2022\/03\/Screenshot_2022-02-28-14-24-36-611_com.whatsapp-e1646568722299.jpg 720w, https:\/\/agora.xtec.cat\/ceipmontserrat\/wp-content\/uploads\/usu1716\/2022\/03\/Screenshot_2022-02-28-14-24-36-611_com.whatsapp-e1646568722299-300x215.jpg 300w\" sizes=\"auto, (max-width: 720px) 100vw, 720px\" \/><\/a><\/p>\n<p>Per\u00f2 com marca la tradici\u00f3, arriba el <strong>dimecres de cendra<\/strong> i hem de despedir el Rei Carnestoltes fins l&#8217;any vinent i donar la benvinguda a la Vella Quaresma. Els nens i nenes de 6\u00e8 ens van representar molt i molt b\u00e9 el <strong>judici del Rei Carnestoltes:<\/strong><\/p>\n<p><a href=\"https:\/\/agora.xtec.cat\/ceipmontserrat\/wp-content\/uploads\/usu1716\/2022\/03\/IMG_20220302_152354.jpg\"><img loading=\"lazy\" decoding=\"async\" class=\"aligncenter size-full wp-image-3199\" src=\"https:\/\/agora.xtec.cat\/ceipmontserrat\/wp-content\/uploads\/usu1716\/2022\/03\/IMG_20220302_152354.jpg\" alt=\"\" width=\"1040\" height=\"780\" srcset=\"https:\/\/agora.xtec.cat\/ceipmontserrat\/wp-content\/uploads\/usu1716\/2022\/03\/IMG_20220302_152354.jpg 1040w, https:\/\/agora.xtec.cat\/ceipmontserrat\/wp-content\/uploads\/usu1716\/2022\/03\/IMG_20220302_152354-300x225.jpg 300w, https:\/\/agora.xtec.cat\/ceipmontserrat\/wp-content\/uploads\/usu1716\/2022\/03\/IMG_20220302_152354-1024x768.jpg 1024w, https:\/\/agora.xtec.cat\/ceipmontserrat\/wp-content\/uploads\/usu1716\/2022\/03\/IMG_20220302_152354-768x576.jpg 768w, https:\/\/agora.xtec.cat\/ceipmontserrat\/wp-content\/uploads\/usu1716\/2022\/03\/IMG_20220302_152354-200x150.jpg 200w\" sizes=\"auto, (max-width: 1040px) 100vw, 1040px\" \/><\/a> <a href=\"https:\/\/agora.xtec.cat\/ceipmontserrat\/wp-content\/uploads\/usu1716\/2022\/03\/IMG_20220302_152335_1.jpg\"><img loading=\"lazy\" decoding=\"async\" class=\"aligncenter size-full wp-image-3200\" src=\"https:\/\/agora.xtec.cat\/ceipmontserrat\/wp-content\/uploads\/usu1716\/2022\/03\/IMG_20220302_152335_1.jpg\" alt=\"\" width=\"1040\" height=\"780\" srcset=\"https:\/\/agora.xtec.cat\/ceipmontserrat\/wp-content\/uploads\/usu1716\/2022\/03\/IMG_20220302_152335_1.jpg 1040w, https:\/\/agora.xtec.cat\/ceipmontserrat\/wp-content\/uploads\/usu1716\/2022\/03\/IMG_20220302_152335_1-300x225.jpg 300w, https:\/\/agora.xtec.cat\/ceipmontserrat\/wp-content\/uploads\/usu1716\/2022\/03\/IMG_20220302_152335_1-1024x768.jpg 1024w, https:\/\/agora.xtec.cat\/ceipmontserrat\/wp-content\/uploads\/usu1716\/2022\/03\/IMG_20220302_152335_1-768x576.jpg 768w, https:\/\/agora.xtec.cat\/ceipmontserrat\/wp-content\/uploads\/usu1716\/2022\/03\/IMG_20220302_152335_1-200x150.jpg 200w\" sizes=\"auto, (max-width: 1040px) 100vw, 1040px\" \/><\/a> <a href=\"https:\/\/agora.xtec.cat\/ceipmontserrat\/wp-content\/uploads\/usu1716\/2022\/03\/IMG_20220302_152202.jpg\"><img loading=\"lazy\" decoding=\"async\" class=\"aligncenter size-full wp-image-3201\" src=\"https:\/\/agora.xtec.cat\/ceipmontserrat\/wp-content\/uploads\/usu1716\/2022\/03\/IMG_20220302_152202.jpg\" alt=\"\" width=\"1040\" height=\"780\" srcset=\"https:\/\/agora.xtec.cat\/ceipmontserrat\/wp-content\/uploads\/usu1716\/2022\/03\/IMG_20220302_152202.jpg 1040w, https:\/\/agora.xtec.cat\/ceipmontserrat\/wp-content\/uploads\/usu1716\/2022\/03\/IMG_20220302_152202-300x225.jpg 300w, https:\/\/agora.xtec.cat\/ceipmontserrat\/wp-content\/uploads\/usu1716\/2022\/03\/IMG_20220302_152202-1024x768.jpg 1024w, https:\/\/agora.xtec.cat\/ceipmontserrat\/wp-content\/uploads\/usu1716\/2022\/03\/IMG_20220302_152202-768x576.jpg 768w, https:\/\/agora.xtec.cat\/ceipmontserrat\/wp-content\/uploads\/usu1716\/2022\/03\/IMG_20220302_152202-200x150.jpg 200w\" sizes=\"auto, (max-width: 1040px) 100vw, 1040px\" \/><\/a><\/p>\n","protected":false},"excerpt":{"rendered":"<p>\u2666Fam\u00edlies i comunitat, aqui us deixem les imatges del Carnestoltes 2022!<br \/>\nEnguany la tem\u00e0tica del Carnestoltes anava relacionada amb el projecte interdisciplinar que iniciarem tota l&#8217;escola la setmana vinent: EMERG\u00c8NCIA CLIM\u00c0TICA!<br \/>\nP3: \u00d3ssos panda (animals en perill d&#8217;extinci\u00f3).<br \/>\n<a href=\"https:\/\/agora.xtec.cat\/ceipmontserrat\/wp-content\/uploads\/usu1716\/2022\/03\/IMG-20220225-WA0043-e1646567749379.jpg\"><\/a><br \/>\n<a href=\"https:\/\/agora.xtec.cat\/ceipmontserrat\/wp-content\/uploads\/usu1716\/2022\/03\/Screenshot_2022-02-28-14-25-22-252_com.whatsapp-e1646567849218.jpg\"><\/a><br \/>\nP4: Ping\u00fcins (animals en perill d&#8217;extinci\u00f3).<br \/>\n<a href=\"https:\/\/agora.xtec.cat\/ceipmontserrat\/wp-content\/uploads\/usu1716\/2022\/03\/IMG-20220225-WA0049-e1646567895943.jpg\"><\/a><br \/>\n<a href=\"https:\/\/agora.xtec.cat\/ceipmontserrat\/wp-content\/uploads\/usu1716\/2022\/03\/Screenshot_2022-02-28-14-25-55-387_com.whatsapp-e1646567946148.jpg\"><\/a><br \/>\nP5:&hellip;  <a href=\"https:\/\/agora.xtec.cat\/ceipmontserrat\/general\/carnestoltes-2022\/\" title=\"Read CARNESTOLTES 2022!\">Llegeix m\u00e9s\u00bb<\/a><\/p>\n","protected":false},"author":1,"featured_media":3196,"comment_status":"open","ping_status":"closed","sticky":false,"template":"","format":"standard","meta":{"_bbp_topic_count":0,"_bbp_reply_count":0,"_bbp_total_topic_count":0,"_bbp_total_reply_count":0,"_bbp_voice_count":0,"_bbp_anonymous_reply_count":0,"_bbp_topic_count_hidden":0,"_bbp_reply_count_hidden":0,"_bbp_forum_subforum_count":0,"footnotes":""},"categories":[1,2,4,5],"tags":[],"class_list":["post-3173","post","type-post","status-publish","format-standard","has-post-thumbnail","hentry","category-general","category-infantil","category-portada","category-primaria"],"post_mailing_queue_ids":[],"_links":{"self":[{"href":"https:\/\/agora.xtec.cat\/ceipmontserrat\/wp-json\/wp\/v2\/posts\/3173","targetHints":{"allow":["GET"]}}],"collection":[{"href":"https:\/\/agora.xtec.cat\/ceipmontserrat\/wp-json\/wp\/v2\/posts"}],"about":[{"href":"https:\/\/agora.xtec.cat\/ceipmontserrat\/wp-json\/wp\/v2\/types\/post"}],"author":[{"embeddable":true,"href":"https:\/\/agora.xtec.cat\/ceipmontserrat\/wp-json\/wp\/v2\/users\/1"}],"replies":[{"embeddable":true,"href":"https:\/\/agora.xtec.cat\/ceipmontserrat\/wp-json\/wp\/v2\/comments?post=3173"}],"version-history":[{"count":3,"href":"https:\/\/agora.xtec.cat\/ceipmontserrat\/wp-json\/wp\/v2\/posts\/3173\/revisions"}],"predecessor-version":[{"id":3425,"href":"https:\/\/agora.xtec.cat\/ceipmontserrat\/wp-json\/wp\/v2\/posts\/3173\/revisions\/3425"}],"wp:featuredmedia":[{"embeddable":true,"href":"https:\/\/agora.xtec.cat\/ceipmontserrat\/wp-json\/wp\/v2\/media\/3196"}],"wp:attachment":[{"href":"https:\/\/agora.xtec.cat\/ceipmontserrat\/wp-json\/wp\/v2\/media?parent=3173"}],"wp:term":[{"taxonomy":"category","embeddable":true,"href":"https:\/\/agora.xtec.cat\/ceipmontserrat\/wp-json\/wp\/v2\/categories?post=3173"},{"taxonomy":"post_tag","embeddable":true,"href":"https:\/\/agora.xtec.cat\/ceipmontserrat\/wp-json\/wp\/v2\/tags?post=3173"}],"curies":[{"name":"wp","href":"https:\/\/api.w.org\/{rel}","templated":true}]}}