{"id":3058,"date":"2022-02-07T08:55:47","date_gmt":"2022-02-07T07:55:47","guid":{"rendered":"https:\/\/agora.xtec.cat\/ceipmontserrat\/?p=3058"},"modified":"2022-11-16T14:00:46","modified_gmt":"2022-11-16T13:00:46","slug":"vine-a-coneixer-lescola-portes-obertes-2022","status":"publish","type":"post","link":"https:\/\/agora.xtec.cat\/ceipmontserrat\/general\/vine-a-coneixer-lescola-portes-obertes-2022\/","title":{"rendered":"Vine a con\u00e8ixer l&#8217;escola! PORTES OBERTES 2022"},"content":{"rendered":"<p>Hola a tots i totes!<\/p>\n<p>Voleu con\u00e8ixer la nostra comunitat d&#8217;aprenentatge? Obrim una finestra a l&#8217;escola per a totes aquelles fam\u00edlies i persones que desitgen con\u00e8ixer-la.<\/p>\n<p><a href=\"https:\/\/www.youtube.com\/watch?v=GKArbfDyunM&amp;t=28s\">ESCOLA MARE DE D\u00c9U DE MONTSERRAT 2022<\/a><\/p>\n","protected":false},"excerpt":{"rendered":"<p>Hola a tots i totes!<br \/>\nVoleu con\u00e8ixer la nostra comunitat d&#8217;aprenentatge? Obrim una finestra a l&#8217;escola per a totes aquelles fam\u00edlies i persones que desitgen con\u00e8ixer-la.<br \/>\n<a href=\"https:\/\/www.youtube.com\/watch?v=GKArbfDyunM&amp;t=28s\">ESCOLA MARE DE D\u00c9U DE MONTSERRAT 2022<\/a><\/p>\n","protected":false},"author":1,"featured_media":3060,"comment_status":"open","ping_status":"closed","sticky":false,"template":"","format":"standard","meta":{"_bbp_topic_count":0,"_bbp_reply_count":0,"_bbp_total_topic_count":0,"_bbp_total_reply_count":0,"_bbp_voice_count":0,"_bbp_anonymous_reply_count":0,"_bbp_topic_count_hidden":0,"_bbp_reply_count_hidden":0,"_bbp_forum_subforum_count":0,"footnotes":""},"categories":[1,4],"tags":[],"class_list":["post-3058","post","type-post","status-publish","format-standard","has-post-thumbnail","hentry","category-general","category-portada"],"post_mailing_queue_ids":[],"_links":{"self":[{"href":"https:\/\/agora.xtec.cat\/ceipmontserrat\/wp-json\/wp\/v2\/posts\/3058","targetHints":{"allow":["GET"]}}],"collection":[{"href":"https:\/\/agora.xtec.cat\/ceipmontserrat\/wp-json\/wp\/v2\/posts"}],"about":[{"href":"https:\/\/agora.xtec.cat\/ceipmontserrat\/wp-json\/wp\/v2\/types\/post"}],"author":[{"embeddable":true,"href":"https:\/\/agora.xtec.cat\/ceipmontserrat\/wp-json\/wp\/v2\/users\/1"}],"replies":[{"embeddable":true,"href":"https:\/\/agora.xtec.cat\/ceipmontserrat\/wp-json\/wp\/v2\/comments?post=3058"}],"version-history":[{"count":1,"href":"https:\/\/agora.xtec.cat\/ceipmontserrat\/wp-json\/wp\/v2\/posts\/3058\/revisions"}],"predecessor-version":[{"id":3059,"href":"https:\/\/agora.xtec.cat\/ceipmontserrat\/wp-json\/wp\/v2\/posts\/3058\/revisions\/3059"}],"wp:featuredmedia":[{"embeddable":true,"href":"https:\/\/agora.xtec.cat\/ceipmontserrat\/wp-json\/wp\/v2\/media\/3060"}],"wp:attachment":[{"href":"https:\/\/agora.xtec.cat\/ceipmontserrat\/wp-json\/wp\/v2\/media?parent=3058"}],"wp:term":[{"taxonomy":"category","embeddable":true,"href":"https:\/\/agora.xtec.cat\/ceipmontserrat\/wp-json\/wp\/v2\/categories?post=3058"},{"taxonomy":"post_tag","embeddable":true,"href":"https:\/\/agora.xtec.cat\/ceipmontserrat\/wp-json\/wp\/v2\/tags?post=3058"}],"curies":[{"name":"wp","href":"https:\/\/api.w.org\/{rel}","templated":true}]}}