{"id":3052,"date":"2021-12-23T12:04:50","date_gmt":"2021-12-23T11:04:50","guid":{"rendered":"https:\/\/agora.xtec.cat\/ceipmontserrat\/?p=3052"},"modified":"2021-12-23T12:04:50","modified_gmt":"2021-12-23T11:04:50","slug":"concert-de-nadal-2021","status":"publish","type":"post","link":"https:\/\/agora.xtec.cat\/ceipmontserrat\/general\/concert-de-nadal-2021\/","title":{"rendered":"CONCERT DE NADAL 2021"},"content":{"rendered":"<p>Hola fam\u00edlies i nens i nenes!<\/p>\n<p>De nou, la situaci\u00f3 de la pand\u00e8mia no ha perm\u00e8s gaudir del concert de Nadal com f\u00e8iem els darrers anys.<\/p>\n<p>Aqu\u00ed us deixem l&#8217;enlla\u00e7 perqu\u00e8 pogueu veure les precioses nadales que van cantar tots els nens i nenes:<\/p>\n<p><a href=\"https:\/\/www.youtube.com\/watch?v=c_m0vl-HjtY&amp;t=779s\">https:\/\/www.youtube.com\/watch?v=c_m0vl-HjtY&amp;t=779s<\/a><\/p>\n<p>Tamb\u00e9, els nens i nenes de 2n confinats a casa, van voler vestir-se ben guapos i ser part\u00edceps del concert amb un v\u00eddeo:<\/p>\n<p><a href=\"https:\/\/www.youtube.com\/watch?v=wxHzFqSlmYM\">https:\/\/www.youtube.com\/watch?v=wxHzFqSlmYM<\/a><\/p>\n<p><strong>Bon Nadal i feli\u00e7 any 2022 a tots i totes. Cuideu-vos.<br \/>\nTornem el 10 de gener.<\/strong><\/p>\n<p>L&#8217;equip directiu<\/p>\n<p>&nbsp;<\/p>\n","protected":false},"excerpt":{"rendered":"<p>Hola fam\u00edlies i nens i nenes!<br \/>\nDe nou, la situaci\u00f3 de la pand\u00e8mia no ha perm\u00e8s gaudir del concert de Nadal com f\u00e8iem els darrers anys.<br \/>\nAqu\u00ed us deixem l&#8217;enlla\u00e7 perqu\u00e8 pogueu veure les precioses nadales que van cantar tots els nens i nenes:<br \/>\n<a href=\"https:\/\/www.youtube.com\/watch?v=c_m0vl-HjtY&amp;t=779s\">https:\/\/www.youtube.com\/watch?v=c_m0vl-HjtY&amp;t=779s<\/a><br \/>\nTamb\u00e9, els nens&hellip;  <a href=\"https:\/\/agora.xtec.cat\/ceipmontserrat\/general\/concert-de-nadal-2021\/\" title=\"Read CONCERT DE NADAL 2021\">Llegeix m\u00e9s\u00bb<\/a><\/p>\n","protected":false},"author":1,"featured_media":1394,"comment_status":"open","ping_status":"closed","sticky":false,"template":"","format":"standard","meta":{"_bbp_topic_count":0,"_bbp_reply_count":0,"_bbp_total_topic_count":0,"_bbp_total_reply_count":0,"_bbp_voice_count":0,"_bbp_anonymous_reply_count":0,"_bbp_topic_count_hidden":0,"_bbp_reply_count_hidden":0,"_bbp_forum_subforum_count":0,"footnotes":""},"categories":[1,2,4,5],"tags":[],"class_list":["post-3052","post","type-post","status-publish","format-standard","has-post-thumbnail","hentry","category-general","category-infantil","category-portada","category-primaria"],"post_mailing_queue_ids":[],"_links":{"self":[{"href":"https:\/\/agora.xtec.cat\/ceipmontserrat\/wp-json\/wp\/v2\/posts\/3052","targetHints":{"allow":["GET"]}}],"collection":[{"href":"https:\/\/agora.xtec.cat\/ceipmontserrat\/wp-json\/wp\/v2\/posts"}],"about":[{"href":"https:\/\/agora.xtec.cat\/ceipmontserrat\/wp-json\/wp\/v2\/types\/post"}],"author":[{"embeddable":true,"href":"https:\/\/agora.xtec.cat\/ceipmontserrat\/wp-json\/wp\/v2\/users\/1"}],"replies":[{"embeddable":true,"href":"https:\/\/agora.xtec.cat\/ceipmontserrat\/wp-json\/wp\/v2\/comments?post=3052"}],"version-history":[{"count":1,"href":"https:\/\/agora.xtec.cat\/ceipmontserrat\/wp-json\/wp\/v2\/posts\/3052\/revisions"}],"predecessor-version":[{"id":3053,"href":"https:\/\/agora.xtec.cat\/ceipmontserrat\/wp-json\/wp\/v2\/posts\/3052\/revisions\/3053"}],"wp:featuredmedia":[{"embeddable":true,"href":"https:\/\/agora.xtec.cat\/ceipmontserrat\/wp-json\/wp\/v2\/media\/1394"}],"wp:attachment":[{"href":"https:\/\/agora.xtec.cat\/ceipmontserrat\/wp-json\/wp\/v2\/media?parent=3052"}],"wp:term":[{"taxonomy":"category","embeddable":true,"href":"https:\/\/agora.xtec.cat\/ceipmontserrat\/wp-json\/wp\/v2\/categories?post=3052"},{"taxonomy":"post_tag","embeddable":true,"href":"https:\/\/agora.xtec.cat\/ceipmontserrat\/wp-json\/wp\/v2\/tags?post=3052"}],"curies":[{"name":"wp","href":"https:\/\/api.w.org\/{rel}","templated":true}]}}