{"id":2734,"date":"2021-10-25T18:58:00","date_gmt":"2021-10-25T16:58:00","guid":{"rendered":"https:\/\/agora.xtec.cat\/ceipmontserrat\/?p=2734"},"modified":"2021-12-02T20:06:17","modified_gmt":"2021-12-02T19:06:17","slug":"es-any-de-somni-somiem","status":"publish","type":"post","link":"https:\/\/agora.xtec.cat\/ceipmontserrat\/general\/es-any-de-somni-somiem\/","title":{"rendered":"\u00c9S ANY DE SOMNI, SOMIEM: Personal no docent"},"content":{"rendered":"<p style=\"text-align: center;\">Aquest curs 2021-2022 la nostra Comunitat d&#8217;Aprenentatge somia per cinquena vegada!<\/p>\n<p>Somiem quina escola volem: Sempre pensant en un futur ple d&#8217;oportunitats per tots i totes!<\/p>\n<p>Ja han comen\u00e7at a venir persones a l&#8217;escola i han dipositat el seu somni al nostre tren!<\/p>\n<p>El Zakariya mestre d&#8217;\u00e0rab; la Regidora d&#8217;educaci\u00f3 Teresa Ciurana i el seu assessor Rafa Homet; i la L\u00eddia, coordinadora ELIC del Servei Educatiu del Vall\u00e8s Occidental; la Montse (administrativa) i el Josep (conserge) que tant ens ajuden dia a dia, el personal de menjador i el cuiner, etc.<\/p>\n<p>Us animem i us convidem a que vingueu a l&#8217;escola a omplir de somnis i altes expectatives tots els vagons del tren!!!<\/p>\n<p><span style=\"color: #000000;\">SOMIEM BEN ALT!!!<\/span><\/p>\n<p><a href=\"https:\/\/agora.xtec.cat\/ceipmontserrat\/wp-content\/uploads\/usu1716\/2021\/10\/IMG-20211025-WA0013.jpg\"><img loading=\"lazy\" decoding=\"async\" class=\"aligncenter size-full wp-image-2735\" src=\"https:\/\/agora.xtec.cat\/ceipmontserrat\/wp-content\/uploads\/usu1716\/2021\/10\/IMG-20211025-WA0013.jpg\" alt=\"\" width=\"1024\" height=\"768\" srcset=\"https:\/\/agora.xtec.cat\/ceipmontserrat\/wp-content\/uploads\/usu1716\/2021\/10\/IMG-20211025-WA0013.jpg 1024w, https:\/\/agora.xtec.cat\/ceipmontserrat\/wp-content\/uploads\/usu1716\/2021\/10\/IMG-20211025-WA0013-300x225.jpg 300w, https:\/\/agora.xtec.cat\/ceipmontserrat\/wp-content\/uploads\/usu1716\/2021\/10\/IMG-20211025-WA0013-768x576.jpg 768w, https:\/\/agora.xtec.cat\/ceipmontserrat\/wp-content\/uploads\/usu1716\/2021\/10\/IMG-20211025-WA0013-200x150.jpg 200w\" sizes=\"auto, (max-width: 1024px) 100vw, 1024px\" \/><\/a><a href=\"https:\/\/agora.xtec.cat\/ceipmontserrat\/wp-content\/uploads\/usu1716\/2021\/10\/IMG-20211025-WA0015.jpg\"><img loading=\"lazy\" decoding=\"async\" class=\"aligncenter size-full wp-image-2736\" src=\"https:\/\/agora.xtec.cat\/ceipmontserrat\/wp-content\/uploads\/usu1716\/2021\/10\/IMG-20211025-WA0015.jpg\" alt=\"\" width=\"1024\" height=\"768\" srcset=\"https:\/\/agora.xtec.cat\/ceipmontserrat\/wp-content\/uploads\/usu1716\/2021\/10\/IMG-20211025-WA0015.jpg 1024w, https:\/\/agora.xtec.cat\/ceipmontserrat\/wp-content\/uploads\/usu1716\/2021\/10\/IMG-20211025-WA0015-300x225.jpg 300w, https:\/\/agora.xtec.cat\/ceipmontserrat\/wp-content\/uploads\/usu1716\/2021\/10\/IMG-20211025-WA0015-768x576.jpg 768w, https:\/\/agora.xtec.cat\/ceipmontserrat\/wp-content\/uploads\/usu1716\/2021\/10\/IMG-20211025-WA0015-200x150.jpg 200w\" sizes=\"auto, (max-width: 1024px) 100vw, 1024px\" \/><\/a> <a href=\"https:\/\/agora.xtec.cat\/ceipmontserrat\/wp-content\/uploads\/usu1716\/2021\/10\/IMG-20211025-WA0014.jpg\"><img loading=\"lazy\" decoding=\"async\" class=\"aligncenter size-full wp-image-2737\" src=\"https:\/\/agora.xtec.cat\/ceipmontserrat\/wp-content\/uploads\/usu1716\/2021\/10\/IMG-20211025-WA0014.jpg\" alt=\"\" width=\"1024\" height=\"768\" srcset=\"https:\/\/agora.xtec.cat\/ceipmontserrat\/wp-content\/uploads\/usu1716\/2021\/10\/IMG-20211025-WA0014.jpg 1024w, https:\/\/agora.xtec.cat\/ceipmontserrat\/wp-content\/uploads\/usu1716\/2021\/10\/IMG-20211025-WA0014-300x225.jpg 300w, https:\/\/agora.xtec.cat\/ceipmontserrat\/wp-content\/uploads\/usu1716\/2021\/10\/IMG-20211025-WA0014-768x576.jpg 768w, https:\/\/agora.xtec.cat\/ceipmontserrat\/wp-content\/uploads\/usu1716\/2021\/10\/IMG-20211025-WA0014-200x150.jpg 200w\" sizes=\"auto, (max-width: 1024px) 100vw, 1024px\" \/><\/a><\/p>\n<p><a href=\"https:\/\/agora.xtec.cat\/ceipmontserrat\/wp-content\/uploads\/usu1716\/2021\/10\/IMG-20211103-WA0047.jpg\"><img loading=\"lazy\" decoding=\"async\" class=\"aligncenter size-full wp-image-2891\" src=\"https:\/\/agora.xtec.cat\/ceipmontserrat\/wp-content\/uploads\/usu1716\/2021\/10\/IMG-20211103-WA0047.jpg\" alt=\"\" width=\"1200\" height=\"1600\" srcset=\"https:\/\/agora.xtec.cat\/ceipmontserrat\/wp-content\/uploads\/usu1716\/2021\/10\/IMG-20211103-WA0047.jpg 1200w, https:\/\/agora.xtec.cat\/ceipmontserrat\/wp-content\/uploads\/usu1716\/2021\/10\/IMG-20211103-WA0047-225x300.jpg 225w, https:\/\/agora.xtec.cat\/ceipmontserrat\/wp-content\/uploads\/usu1716\/2021\/10\/IMG-20211103-WA0047-768x1024.jpg 768w, https:\/\/agora.xtec.cat\/ceipmontserrat\/wp-content\/uploads\/usu1716\/2021\/10\/IMG-20211103-WA0047-1152x1536.jpg 1152w\" sizes=\"auto, (max-width: 1200px) 100vw, 1200px\" \/><\/a><a href=\"https:\/\/agora.xtec.cat\/ceipmontserrat\/wp-content\/uploads\/usu1716\/2021\/10\/IMG-20211103-WA0041.jpg\"><img loading=\"lazy\" decoding=\"async\" class=\"aligncenter size-full wp-image-2892\" src=\"https:\/\/agora.xtec.cat\/ceipmontserrat\/wp-content\/uploads\/usu1716\/2021\/10\/IMG-20211103-WA0041.jpg\" alt=\"\" width=\"1200\" height=\"1600\" srcset=\"https:\/\/agora.xtec.cat\/ceipmontserrat\/wp-content\/uploads\/usu1716\/2021\/10\/IMG-20211103-WA0041.jpg 1200w, https:\/\/agora.xtec.cat\/ceipmontserrat\/wp-content\/uploads\/usu1716\/2021\/10\/IMG-20211103-WA0041-225x300.jpg 225w, https:\/\/agora.xtec.cat\/ceipmontserrat\/wp-content\/uploads\/usu1716\/2021\/10\/IMG-20211103-WA0041-768x1024.jpg 768w, https:\/\/agora.xtec.cat\/ceipmontserrat\/wp-content\/uploads\/usu1716\/2021\/10\/IMG-20211103-WA0041-1152x1536.jpg 1152w\" sizes=\"auto, (max-width: 1200px) 100vw, 1200px\" \/><\/a><a href=\"https:\/\/agora.xtec.cat\/ceipmontserrat\/wp-content\/uploads\/usu1716\/2021\/10\/IMG-20211028-WA0006.jpg\"><img loading=\"lazy\" decoding=\"async\" class=\"aligncenter size-full wp-image-2776\" src=\"https:\/\/agora.xtec.cat\/ceipmontserrat\/wp-content\/uploads\/usu1716\/2021\/10\/IMG-20211028-WA0006.jpg\" alt=\"\" width=\"1024\" height=\"768\" srcset=\"https:\/\/agora.xtec.cat\/ceipmontserrat\/wp-content\/uploads\/usu1716\/2021\/10\/IMG-20211028-WA0006.jpg 1024w, https:\/\/agora.xtec.cat\/ceipmontserrat\/wp-content\/uploads\/usu1716\/2021\/10\/IMG-20211028-WA0006-300x225.jpg 300w, https:\/\/agora.xtec.cat\/ceipmontserrat\/wp-content\/uploads\/usu1716\/2021\/10\/IMG-20211028-WA0006-768x576.jpg 768w, https:\/\/agora.xtec.cat\/ceipmontserrat\/wp-content\/uploads\/usu1716\/2021\/10\/IMG-20211028-WA0006-200x150.jpg 200w\" sizes=\"auto, (max-width: 1024px) 100vw, 1024px\" \/><\/a><\/p>\n","protected":false},"excerpt":{"rendered":"<p>Aquest curs 2021-2022 la nostra Comunitat d&#8217;Aprenentatge somia per cinquena vegada!<br \/>\nSomiem quina escola volem: Sempre pensant en un futur ple d&#8217;oportunitats per tots i totes!<br \/>\nJa han comen\u00e7at a venir persones a l&#8217;escola i han dipositat el seu somni al nostre tren!<br \/>\nEl Zakariya mestre d&#8217;\u00e0rab; la&hellip;  <a href=\"https:\/\/agora.xtec.cat\/ceipmontserrat\/general\/es-any-de-somni-somiem\/\" title=\"Read \u00c9S ANY DE SOMNI, SOMIEM: Personal no docent\">Llegeix m\u00e9s\u00bb<\/a><\/p>\n","protected":false},"author":1,"featured_media":2892,"comment_status":"open","ping_status":"closed","sticky":false,"template":"","format":"standard","meta":{"_bbp_topic_count":0,"_bbp_reply_count":0,"_bbp_total_topic_count":0,"_bbp_total_reply_count":0,"_bbp_voice_count":0,"_bbp_anonymous_reply_count":0,"_bbp_topic_count_hidden":0,"_bbp_reply_count_hidden":0,"_bbp_forum_subforum_count":0,"footnotes":""},"categories":[7,1,2,4,5],"tags":[],"class_list":["post-2734","post","type-post","status-publish","format-standard","has-post-thumbnail","hentry","category-afa","category-general","category-infantil","category-portada","category-primaria"],"post_mailing_queue_ids":[],"_links":{"self":[{"href":"https:\/\/agora.xtec.cat\/ceipmontserrat\/wp-json\/wp\/v2\/posts\/2734","targetHints":{"allow":["GET"]}}],"collection":[{"href":"https:\/\/agora.xtec.cat\/ceipmontserrat\/wp-json\/wp\/v2\/posts"}],"about":[{"href":"https:\/\/agora.xtec.cat\/ceipmontserrat\/wp-json\/wp\/v2\/types\/post"}],"author":[{"embeddable":true,"href":"https:\/\/agora.xtec.cat\/ceipmontserrat\/wp-json\/wp\/v2\/users\/1"}],"replies":[{"embeddable":true,"href":"https:\/\/agora.xtec.cat\/ceipmontserrat\/wp-json\/wp\/v2\/comments?post=2734"}],"version-history":[{"count":3,"href":"https:\/\/agora.xtec.cat\/ceipmontserrat\/wp-json\/wp\/v2\/posts\/2734\/revisions"}],"predecessor-version":[{"id":2893,"href":"https:\/\/agora.xtec.cat\/ceipmontserrat\/wp-json\/wp\/v2\/posts\/2734\/revisions\/2893"}],"wp:featuredmedia":[{"embeddable":true,"href":"https:\/\/agora.xtec.cat\/ceipmontserrat\/wp-json\/wp\/v2\/media\/2892"}],"wp:attachment":[{"href":"https:\/\/agora.xtec.cat\/ceipmontserrat\/wp-json\/wp\/v2\/media?parent=2734"}],"wp:term":[{"taxonomy":"category","embeddable":true,"href":"https:\/\/agora.xtec.cat\/ceipmontserrat\/wp-json\/wp\/v2\/categories?post=2734"},{"taxonomy":"post_tag","embeddable":true,"href":"https:\/\/agora.xtec.cat\/ceipmontserrat\/wp-json\/wp\/v2\/tags?post=2734"}],"curies":[{"name":"wp","href":"https:\/\/api.w.org\/{rel}","templated":true}]}}