{"id":2724,"date":"2021-09-07T09:12:18","date_gmt":"2021-09-07T07:12:18","guid":{"rendered":"https:\/\/agora.xtec.cat\/ceipmontserrat\/?p=2724"},"modified":"2021-09-07T09:12:18","modified_gmt":"2021-09-07T07:12:18","slug":"pla-d-obertura-setembre-2021","status":"publish","type":"post","link":"https:\/\/agora.xtec.cat\/ceipmontserrat\/general\/pla-d-obertura-setembre-2021\/","title":{"rendered":"PLA D&#8217; OBERTURA SETEMBRE 2021"},"content":{"rendered":"<p>Estimades fam\u00edlies,<\/p>\n<p>Benvingudes al curs 2021-2022! Comencem el 13 de setembre amb moltes ganes i il\u00b7lusi\u00f3!<\/p>\n<p>Us deixem el Pla d&#8217;Obertura (provisional) de l&#8217;escola per aquest curs, amb les novetats pertinents derivades de la situaci\u00f3 de pand\u00e8mia. Per a consultar-ho cliqueu aqu\u00ed:<\/p>\n<p><a href=\"https:\/\/agora.xtec.cat\/ceipmontserrat\/wp-content\/uploads\/usu1716\/2021\/09\/Pla_obertura_21_22provisional.pdf\">Pla_obertura_21_22provisional<\/a><\/p>\n","protected":false},"excerpt":{"rendered":"<p>Estimades fam\u00edlies,<br \/>\nBenvingudes al curs 2021-2022! Comencem el 13 de setembre amb moltes ganes i il\u00b7lusi\u00f3!<br \/>\nUs deixem el Pla d&#8217;Obertura (provisional) de l&#8217;escola per aquest curs, amb les novetats pertinents derivades de la situaci\u00f3 de pand\u00e8mia. Per a consultar-ho cliqueu aqu\u00ed:<br \/>\n<a href=\"https:\/\/agora.xtec.cat\/ceipmontserrat\/wp-content\/uploads\/usu1716\/2021\/09\/Pla_obertura_21_22provisional.pdf\">Pla_obertura_21_22provisional<\/a><\/p>\n","protected":false},"author":1,"featured_media":2726,"comment_status":"open","ping_status":"closed","sticky":false,"template":"","format":"standard","meta":{"_bbp_topic_count":0,"_bbp_reply_count":0,"_bbp_total_topic_count":0,"_bbp_total_reply_count":0,"_bbp_voice_count":0,"_bbp_anonymous_reply_count":0,"_bbp_topic_count_hidden":0,"_bbp_reply_count_hidden":0,"_bbp_forum_subforum_count":0,"footnotes":""},"categories":[1,2,4,5],"tags":[],"class_list":["post-2724","post","type-post","status-publish","format-standard","has-post-thumbnail","hentry","category-general","category-infantil","category-portada","category-primaria"],"post_mailing_queue_ids":[],"_links":{"self":[{"href":"https:\/\/agora.xtec.cat\/ceipmontserrat\/wp-json\/wp\/v2\/posts\/2724","targetHints":{"allow":["GET"]}}],"collection":[{"href":"https:\/\/agora.xtec.cat\/ceipmontserrat\/wp-json\/wp\/v2\/posts"}],"about":[{"href":"https:\/\/agora.xtec.cat\/ceipmontserrat\/wp-json\/wp\/v2\/types\/post"}],"author":[{"embeddable":true,"href":"https:\/\/agora.xtec.cat\/ceipmontserrat\/wp-json\/wp\/v2\/users\/1"}],"replies":[{"embeddable":true,"href":"https:\/\/agora.xtec.cat\/ceipmontserrat\/wp-json\/wp\/v2\/comments?post=2724"}],"version-history":[{"count":1,"href":"https:\/\/agora.xtec.cat\/ceipmontserrat\/wp-json\/wp\/v2\/posts\/2724\/revisions"}],"predecessor-version":[{"id":2727,"href":"https:\/\/agora.xtec.cat\/ceipmontserrat\/wp-json\/wp\/v2\/posts\/2724\/revisions\/2727"}],"wp:featuredmedia":[{"embeddable":true,"href":"https:\/\/agora.xtec.cat\/ceipmontserrat\/wp-json\/wp\/v2\/media\/2726"}],"wp:attachment":[{"href":"https:\/\/agora.xtec.cat\/ceipmontserrat\/wp-json\/wp\/v2\/media?parent=2724"}],"wp:term":[{"taxonomy":"category","embeddable":true,"href":"https:\/\/agora.xtec.cat\/ceipmontserrat\/wp-json\/wp\/v2\/categories?post=2724"},{"taxonomy":"post_tag","embeddable":true,"href":"https:\/\/agora.xtec.cat\/ceipmontserrat\/wp-json\/wp\/v2\/tags?post=2724"}],"curies":[{"name":"wp","href":"https:\/\/api.w.org\/{rel}","templated":true}]}}