{"id":1393,"date":"2020-12-21T13:07:34","date_gmt":"2020-12-21T12:07:34","guid":{"rendered":"https:\/\/agora.xtec.cat\/ceipmontserrat\/?p=1393"},"modified":"2020-12-21T13:07:54","modified_gmt":"2020-12-21T12:07:54","slug":"concert-de-nadal-2020","status":"publish","type":"post","link":"https:\/\/agora.xtec.cat\/ceipmontserrat\/general\/concert-de-nadal-2020\/","title":{"rendered":"CONCERT DE NADAL 2020"},"content":{"rendered":"<p>Benvolgudes fam\u00edlies de l&#8217;Escola Mare de D\u00e9u de Montserrat:<\/p>\n<p>Aquest any el concert de Nadal s&#8217;ha adaptat a la situaci\u00f3 actual que estem vivint.<\/p>\n<p>Aix\u00ed doncs, clicant l&#8217;enlla\u00e7 podeu gaudir de les actuacions nadalenques dels vostres fills i filles.<\/p>\n<p><a href=\"https:\/\/youtu.be\/3tkCZDvXers\">https:\/\/youtu.be\/3tkCZDvXers<\/a><\/p>\n<p>Moltes gr\u00e0cies per la confian\u00e7a i l&#8217;esfor\u00e7 que heu fet durant aquest primer trimestre, sense vosaltres no hagu\u00e9s estat possible!<\/p>\n<p>Bones festes i Feli\u00e7 any nou!<\/p>\n<p>Equip Directiu<\/p>\n","protected":false},"excerpt":{"rendered":"<p>Benvolgudes fam\u00edlies de l&#8217;Escola Mare de D\u00e9u de Montserrat:<br \/>\nAquest any el concert de Nadal s&#8217;ha adaptat a la situaci\u00f3 actual que estem vivint.<br \/>\nAix\u00ed doncs, clicant l&#8217;enlla\u00e7 podeu gaudir de les actuacions nadalenques dels vostres fills i filles.<br \/>\n<a href=\"https:\/\/youtu.be\/3tkCZDvXers\">https:\/\/youtu.be\/3tkCZDvXers<\/a><br \/>\nMoltes gr\u00e0cies per la confian\u00e7a i l&#8217;esfor\u00e7 que&hellip;  <a href=\"https:\/\/agora.xtec.cat\/ceipmontserrat\/general\/concert-de-nadal-2020\/\" title=\"Read CONCERT DE NADAL 2020\">Llegeix m\u00e9s\u00bb<\/a><\/p>\n","protected":false},"author":1,"featured_media":1394,"comment_status":"open","ping_status":"closed","sticky":false,"template":"","format":"standard","meta":{"_bbp_topic_count":0,"_bbp_reply_count":0,"_bbp_total_topic_count":0,"_bbp_total_reply_count":0,"_bbp_voice_count":0,"_bbp_anonymous_reply_count":0,"_bbp_topic_count_hidden":0,"_bbp_reply_count_hidden":0,"_bbp_forum_subforum_count":0,"footnotes":""},"categories":[1,2,4,5],"tags":[],"class_list":["post-1393","post","type-post","status-publish","format-standard","has-post-thumbnail","hentry","category-general","category-infantil","category-portada","category-primaria"],"post_mailing_queue_ids":[],"_links":{"self":[{"href":"https:\/\/agora.xtec.cat\/ceipmontserrat\/wp-json\/wp\/v2\/posts\/1393","targetHints":{"allow":["GET"]}}],"collection":[{"href":"https:\/\/agora.xtec.cat\/ceipmontserrat\/wp-json\/wp\/v2\/posts"}],"about":[{"href":"https:\/\/agora.xtec.cat\/ceipmontserrat\/wp-json\/wp\/v2\/types\/post"}],"author":[{"embeddable":true,"href":"https:\/\/agora.xtec.cat\/ceipmontserrat\/wp-json\/wp\/v2\/users\/1"}],"replies":[{"embeddable":true,"href":"https:\/\/agora.xtec.cat\/ceipmontserrat\/wp-json\/wp\/v2\/comments?post=1393"}],"version-history":[{"count":1,"href":"https:\/\/agora.xtec.cat\/ceipmontserrat\/wp-json\/wp\/v2\/posts\/1393\/revisions"}],"predecessor-version":[{"id":1395,"href":"https:\/\/agora.xtec.cat\/ceipmontserrat\/wp-json\/wp\/v2\/posts\/1393\/revisions\/1395"}],"wp:featuredmedia":[{"embeddable":true,"href":"https:\/\/agora.xtec.cat\/ceipmontserrat\/wp-json\/wp\/v2\/media\/1394"}],"wp:attachment":[{"href":"https:\/\/agora.xtec.cat\/ceipmontserrat\/wp-json\/wp\/v2\/media?parent=1393"}],"wp:term":[{"taxonomy":"category","embeddable":true,"href":"https:\/\/agora.xtec.cat\/ceipmontserrat\/wp-json\/wp\/v2\/categories?post=1393"},{"taxonomy":"post_tag","embeddable":true,"href":"https:\/\/agora.xtec.cat\/ceipmontserrat\/wp-json\/wp\/v2\/tags?post=1393"}],"curies":[{"name":"wp","href":"https:\/\/api.w.org\/{rel}","templated":true}]}}