{"id":1030,"date":"2020-10-28T20:57:37","date_gmt":"2020-10-28T19:57:37","guid":{"rendered":"https:\/\/agora.xtec.cat\/ceipmontserrat\/?p=1030"},"modified":"2020-10-28T20:57:37","modified_gmt":"2020-10-28T19:57:37","slug":"dibuixem-a-dali","status":"publish","type":"post","link":"https:\/\/agora.xtec.cat\/ceipmontserrat\/general\/dibuixem-a-dali\/","title":{"rendered":"Dibuixem a Dal\u00ed!"},"content":{"rendered":"<p>Els nens i nenes de 3r de Prim\u00e0ria, a l&#8217;assignatura de pl\u00e0stica, estem estudiant a Dal\u00ed.<\/p>\n<p>Hem llegit la seva biografia i hem visionat videos on ens han explicat la seva vida i les seves obres.<\/p>\n<p>Per comen\u00e7ar a familiaritzar-nos amb les seves obres, hem decidit fer un autoretrat de Dal\u00ed.<\/p>\n<p>Mireu quins autoretrats m\u00e9s realistes ens estan quedant!.<\/p>\n<p>Aquests nens i aquestes nenes s\u00f3n uns i unes art\u00edstes. <a href=\"https:\/\/agora.xtec.cat\/ceipmontserrat\/wp-content\/uploads\/usu1716\/2020\/10\/IMG-2013.jpg\"><img loading=\"lazy\" decoding=\"async\" class=\"alignnone size-large wp-image-1031\" src=\"https:\/\/agora.xtec.cat\/ceipmontserrat\/wp-content\/uploads\/usu1716\/2020\/10\/IMG-2013-1024x768.jpg\" alt=\"\" width=\"1024\" height=\"768\" srcset=\"https:\/\/agora.xtec.cat\/ceipmontserrat\/wp-content\/uploads\/usu1716\/2020\/10\/IMG-2013-1024x768.jpg 1024w, https:\/\/agora.xtec.cat\/ceipmontserrat\/wp-content\/uploads\/usu1716\/2020\/10\/IMG-2013-300x225.jpg 300w, https:\/\/agora.xtec.cat\/ceipmontserrat\/wp-content\/uploads\/usu1716\/2020\/10\/IMG-2013-768x576.jpg 768w, https:\/\/agora.xtec.cat\/ceipmontserrat\/wp-content\/uploads\/usu1716\/2020\/10\/IMG-2013-200x150.jpg 200w\" sizes=\"auto, (max-width: 1024px) 100vw, 1024px\" \/><\/a> <a href=\"https:\/\/agora.xtec.cat\/ceipmontserrat\/wp-content\/uploads\/usu1716\/2020\/10\/IMG-2014.jpg\"><img loading=\"lazy\" decoding=\"async\" class=\"alignnone size-large wp-image-1032\" src=\"https:\/\/agora.xtec.cat\/ceipmontserrat\/wp-content\/uploads\/usu1716\/2020\/10\/IMG-2014-1024x768.jpg\" alt=\"\" width=\"1024\" height=\"768\" srcset=\"https:\/\/agora.xtec.cat\/ceipmontserrat\/wp-content\/uploads\/usu1716\/2020\/10\/IMG-2014-1024x768.jpg 1024w, https:\/\/agora.xtec.cat\/ceipmontserrat\/wp-content\/uploads\/usu1716\/2020\/10\/IMG-2014-300x225.jpg 300w, https:\/\/agora.xtec.cat\/ceipmontserrat\/wp-content\/uploads\/usu1716\/2020\/10\/IMG-2014-768x576.jpg 768w, https:\/\/agora.xtec.cat\/ceipmontserrat\/wp-content\/uploads\/usu1716\/2020\/10\/IMG-2014-200x150.jpg 200w\" sizes=\"auto, (max-width: 1024px) 100vw, 1024px\" \/><\/a> <a href=\"https:\/\/agora.xtec.cat\/ceipmontserrat\/wp-content\/uploads\/usu1716\/2020\/10\/IMG-2015.jpg\"><img loading=\"lazy\" decoding=\"async\" class=\"alignnone size-large wp-image-1033\" src=\"https:\/\/agora.xtec.cat\/ceipmontserrat\/wp-content\/uploads\/usu1716\/2020\/10\/IMG-2015-1024x768.jpg\" alt=\"\" width=\"1024\" height=\"768\" srcset=\"https:\/\/agora.xtec.cat\/ceipmontserrat\/wp-content\/uploads\/usu1716\/2020\/10\/IMG-2015-1024x768.jpg 1024w, https:\/\/agora.xtec.cat\/ceipmontserrat\/wp-content\/uploads\/usu1716\/2020\/10\/IMG-2015-300x225.jpg 300w, https:\/\/agora.xtec.cat\/ceipmontserrat\/wp-content\/uploads\/usu1716\/2020\/10\/IMG-2015-768x576.jpg 768w, https:\/\/agora.xtec.cat\/ceipmontserrat\/wp-content\/uploads\/usu1716\/2020\/10\/IMG-2015-200x150.jpg 200w\" sizes=\"auto, (max-width: 1024px) 100vw, 1024px\" \/><\/a><\/p>\n<p>&nbsp;<\/p>\n<p>&nbsp;<\/p>\n","protected":false},"excerpt":{"rendered":"<p>Els nens i nenes de 3r de Prim\u00e0ria, a l&#8217;assignatura de pl\u00e0stica, estem estudiant a Dal\u00ed.<br \/>\nHem llegit la seva biografia i hem visionat videos on ens han explicat la seva vida i les seves obres.<br \/>\nPer comen\u00e7ar a familiaritzar-nos amb les seves obres, hem decidit fer&hellip;  <a href=\"https:\/\/agora.xtec.cat\/ceipmontserrat\/general\/dibuixem-a-dali\/\" title=\"Read Dibuixem a Dal\u00ed!\">Llegeix m\u00e9s\u00bb<\/a><\/p>\n","protected":false},"author":15,"featured_media":1032,"comment_status":"open","ping_status":"closed","sticky":false,"template":"","format":"standard","meta":{"_bbp_topic_count":0,"_bbp_reply_count":0,"_bbp_total_topic_count":0,"_bbp_total_reply_count":0,"_bbp_voice_count":0,"_bbp_anonymous_reply_count":0,"_bbp_topic_count_hidden":0,"_bbp_reply_count_hidden":0,"_bbp_forum_subforum_count":0,"footnotes":""},"categories":[12,1,4,5],"tags":[77,74,76,67,17],"class_list":["post-1030","post","type-post","status-publish","format-standard","has-post-thumbnail","hentry","category-3r","category-general","category-portada","category-primaria","tag-autoretrat","tag-comunitat-daprenentatge","tag-dali","tag-escola-mare-de-deu-de-montserrat","tag-plastica"],"post_mailing_queue_ids":[],"_links":{"self":[{"href":"https:\/\/agora.xtec.cat\/ceipmontserrat\/wp-json\/wp\/v2\/posts\/1030","targetHints":{"allow":["GET"]}}],"collection":[{"href":"https:\/\/agora.xtec.cat\/ceipmontserrat\/wp-json\/wp\/v2\/posts"}],"about":[{"href":"https:\/\/agora.xtec.cat\/ceipmontserrat\/wp-json\/wp\/v2\/types\/post"}],"author":[{"embeddable":true,"href":"https:\/\/agora.xtec.cat\/ceipmontserrat\/wp-json\/wp\/v2\/users\/15"}],"replies":[{"embeddable":true,"href":"https:\/\/agora.xtec.cat\/ceipmontserrat\/wp-json\/wp\/v2\/comments?post=1030"}],"version-history":[{"count":2,"href":"https:\/\/agora.xtec.cat\/ceipmontserrat\/wp-json\/wp\/v2\/posts\/1030\/revisions"}],"predecessor-version":[{"id":1040,"href":"https:\/\/agora.xtec.cat\/ceipmontserrat\/wp-json\/wp\/v2\/posts\/1030\/revisions\/1040"}],"wp:featuredmedia":[{"embeddable":true,"href":"https:\/\/agora.xtec.cat\/ceipmontserrat\/wp-json\/wp\/v2\/media\/1032"}],"wp:attachment":[{"href":"https:\/\/agora.xtec.cat\/ceipmontserrat\/wp-json\/wp\/v2\/media?parent=1030"}],"wp:term":[{"taxonomy":"category","embeddable":true,"href":"https:\/\/agora.xtec.cat\/ceipmontserrat\/wp-json\/wp\/v2\/categories?post=1030"},{"taxonomy":"post_tag","embeddable":true,"href":"https:\/\/agora.xtec.cat\/ceipmontserrat\/wp-json\/wp\/v2\/tags?post=1030"}],"curies":[{"name":"wp","href":"https:\/\/api.w.org\/{rel}","templated":true}]}}