{"id":1452,"date":"2018-04-11T12:55:05","date_gmt":"2018-04-11T10:55:05","guid":{"rendered":"http:\/\/agora.xtec.cat\/ceipmontserrat-ssg\/?p=1452"},"modified":"2018-04-14T14:24:46","modified_gmt":"2018-04-14T12:24:46","slug":"colonies-cicle-inicial-el-moli-de-la-riera","status":"publish","type":"post","link":"https:\/\/agora.xtec.cat\/ceipmontserrat-ssg\/portada\/general\/colonies-cicle-inicial-el-moli-de-la-riera\/","title":{"rendered":"COL\u00d2NIES CICLE INICIAL AL MOL\u00cd DE LA RIERA"},"content":{"rendered":"<p style=\"text-align: justify;\"><span style=\"color: #000000;\">Bon dia fam\u00edlies!<\/span><\/p>\n<p style=\"text-align: justify;\"><span style=\"color: #000000;\">Ja estan TOTES les fotos de les col\u00f2nies penjades per tal que les podeu gaudir. Si cliqueu damunt la foto podreu veure com de b\u00e9 ens ho hem passat aquests tres dies!<\/span><\/p>\n<p style=\"text-align: justify;\"><a href=\"https:\/\/photos.app.goo.gl\/FQKAMHl4t979AkGs2\" target=\"_blank\" rel=\"noopener noreferrer\"><img loading=\"lazy\" decoding=\"async\" class=\"wp-image-1472 aligncenter\" src=\"http:\/\/agora.xtec.cat\/ceipmontserrat-ssg\/wp-content\/uploads\/usu725\/2018\/04\/IMG-20180414-WA0012-1024x768.jpg\" alt=\"\" width=\"511\" height=\"383\" srcset=\"https:\/\/agora.xtec.cat\/ceipmontserrat-ssg\/wp-content\/uploads\/usu725\/2018\/04\/IMG-20180414-WA0012-1024x768.jpg 1024w, https:\/\/agora.xtec.cat\/ceipmontserrat-ssg\/wp-content\/uploads\/usu725\/2018\/04\/IMG-20180414-WA0012-300x225.jpg 300w, https:\/\/agora.xtec.cat\/ceipmontserrat-ssg\/wp-content\/uploads\/usu725\/2018\/04\/IMG-20180414-WA0012-768x576.jpg 768w, https:\/\/agora.xtec.cat\/ceipmontserrat-ssg\/wp-content\/uploads\/usu725\/2018\/04\/IMG-20180414-WA0012-200x150.jpg 200w, https:\/\/agora.xtec.cat\/ceipmontserrat-ssg\/wp-content\/uploads\/usu725\/2018\/04\/IMG-20180414-WA0012.jpg 1600w\" sizes=\"auto, (max-width: 511px) 100vw, 511px\" \/><\/a><\/p>\n<p style=\"text-align: justify;\"><strong>(NOTA: Tenim alguns objectes i roba extraviats. Una vegada hagueu revisat el cap de setmana si ho teniu tot o si potser trobeu quelcom que no es vostre, podeu passar la setmana vinent a l&#8217;escola a recuperar el qu\u00e8 no tingueu o a retornar el qu\u00e8 no us pertany. Gr\u00e0cies.)<\/strong><\/p>\n","protected":false},"excerpt":{"rendered":"<p>Bon dia fam\u00edlies! Ja estan TOTES les fotos de les col\u00f2nies penjades per tal que les podeu gaudir. Si cliqueu damunt la foto podreu veure com de b\u00e9 ens ho hem passat aquests tres dies! (NOTA: Tenim alguns objectes i roba extraviats. Una vegada hagueu revisat el cap de setmana si ho teniu tot o [&hellip;]<\/p>\n","protected":false},"author":16,"featured_media":0,"comment_status":"closed","ping_status":"closed","sticky":false,"template":"","format":"standard","meta":{"_bbp_topic_count":0,"_bbp_reply_count":0,"_bbp_total_topic_count":0,"_bbp_total_reply_count":0,"_bbp_voice_count":0,"_bbp_anonymous_reply_count":0,"_bbp_topic_count_hidden":0,"_bbp_reply_count_hidden":0,"_bbp_forum_subforum_count":0,"site-sidebar-layout":"default","site-content-layout":"","ast-site-content-layout":"","site-content-style":"default","site-sidebar-style":"default","ast-global-header-display":"","ast-banner-title-visibility":"","ast-main-header-display":"","ast-hfb-above-header-display":"","ast-hfb-below-header-display":"","ast-hfb-mobile-header-display":"","site-post-title":"","ast-breadcrumbs-content":"","ast-featured-img":"","footer-sml-layout":"","theme-transparent-header-meta":"","adv-header-id-meta":"","stick-header-meta":"","header-above-stick-meta":"","header-main-stick-meta":"","header-below-stick-meta":"","astra-migrate-meta-layouts":"default","ast-page-background-enabled":"default","ast-page-background-meta":{"desktop":{"background-color":"var(--ast-global-color-4)","background-image":"","background-repeat":"repeat","background-position":"center center","background-size":"auto","background-attachment":"scroll","background-type":"","background-media":"","overlay-type":"","overlay-color":"","overlay-opacity":"","overlay-gradient":""},"tablet":{"background-color":"","background-image":"","background-repeat":"repeat","background-position":"center center","background-size":"auto","background-attachment":"scroll","background-type":"","background-media":"","overlay-type":"","overlay-color":"","overlay-opacity":"","overlay-gradient":""},"mobile":{"background-color":"","background-image":"","background-repeat":"repeat","background-position":"center center","background-size":"auto","background-attachment":"scroll","background-type":"","background-media":"","overlay-type":"","overlay-color":"","overlay-opacity":"","overlay-gradient":""}},"ast-content-background-meta":{"desktop":{"background-color":"var(--ast-global-color-5)","background-image":"","background-repeat":"repeat","background-position":"center center","background-size":"auto","background-attachment":"scroll","background-type":"","background-media":"","overlay-type":"","overlay-color":"","overlay-opacity":"","overlay-gradient":""},"tablet":{"background-color":"var(--ast-global-color-5)","background-image":"","background-repeat":"repeat","background-position":"center center","background-size":"auto","background-attachment":"scroll","background-type":"","background-media":"","overlay-type":"","overlay-color":"","overlay-opacity":"","overlay-gradient":""},"mobile":{"background-color":"var(--ast-global-color-5)","background-image":"","background-repeat":"repeat","background-position":"center center","background-size":"auto","background-attachment":"scroll","background-type":"","background-media":"","overlay-type":"","overlay-color":"","overlay-opacity":"","overlay-gradient":""}},"footnotes":""},"categories":[1,79,78,4],"tags":[],"class_list":["post-1452","post","type-post","status-publish","format-standard","hentry","category-general","category-nascuts-2010","category-nascuts-2011","category-portada"],"post_mailing_queue_ids":[],"_links":{"self":[{"href":"https:\/\/agora.xtec.cat\/ceipmontserrat-ssg\/wp-json\/wp\/v2\/posts\/1452","targetHints":{"allow":["GET"]}}],"collection":[{"href":"https:\/\/agora.xtec.cat\/ceipmontserrat-ssg\/wp-json\/wp\/v2\/posts"}],"about":[{"href":"https:\/\/agora.xtec.cat\/ceipmontserrat-ssg\/wp-json\/wp\/v2\/types\/post"}],"author":[{"embeddable":true,"href":"https:\/\/agora.xtec.cat\/ceipmontserrat-ssg\/wp-json\/wp\/v2\/users\/16"}],"replies":[{"embeddable":true,"href":"https:\/\/agora.xtec.cat\/ceipmontserrat-ssg\/wp-json\/wp\/v2\/comments?post=1452"}],"version-history":[{"count":3,"href":"https:\/\/agora.xtec.cat\/ceipmontserrat-ssg\/wp-json\/wp\/v2\/posts\/1452\/revisions"}],"predecessor-version":[{"id":1474,"href":"https:\/\/agora.xtec.cat\/ceipmontserrat-ssg\/wp-json\/wp\/v2\/posts\/1452\/revisions\/1474"}],"wp:attachment":[{"href":"https:\/\/agora.xtec.cat\/ceipmontserrat-ssg\/wp-json\/wp\/v2\/media?parent=1452"}],"wp:term":[{"taxonomy":"category","embeddable":true,"href":"https:\/\/agora.xtec.cat\/ceipmontserrat-ssg\/wp-json\/wp\/v2\/categories?post=1452"},{"taxonomy":"post_tag","embeddable":true,"href":"https:\/\/agora.xtec.cat\/ceipmontserrat-ssg\/wp-json\/wp\/v2\/tags?post=1452"}],"curies":[{"name":"wp","href":"https:\/\/api.w.org\/{rel}","templated":true}]}}