{"id":9851,"date":"2023-11-30T22:20:46","date_gmt":"2023-11-30T21:20:46","guid":{"rendered":"https:\/\/agora.xtec.cat\/ceipmontserrat-castellvi\/?p=9851"},"modified":"2023-11-30T22:49:22","modified_gmt":"2023-11-30T21:49:22","slug":"ha-vingut-la-laura-i-hem-fet-una-visualitzacio","status":"publish","type":"post","link":"https:\/\/agora.xtec.cat\/ceipmontserrat-castellvi\/general\/ha-vingut-la-laura-i-hem-fet-una-visualitzacio\/","title":{"rendered":"Ha vingut la Laura i hem fet una visualitzaci\u00f3."},"content":{"rendered":"<p>La Laura, la mare del Lluc i de l&#8217;An\u00edbal ens ha vingut a fer una activitat molt peculiar, una visualitzaci\u00f3 CACTUS: segons les seves pr\u00f2pies paraules, \u00e9s una t\u00e8cnica gest\u00e0ltica projectiva. Es tracta de fer unes visualitzacions individuals com a cactus, per tal de projectar a l&#8217;exterior el que ells i elles senten interiorment.<\/p>\n<p>L&#8217;activitat ha constat de 3 parts:<\/p>\n<p>a la primera part hem fet una s\u00e8rie d&#8217;exercicis corporals i grupals que tenen com a objectiu comen\u00e7ar a relaxar i despistar la nostra ment per deixar fora preocupacions, energenitzar el cos, etc.<\/p>\n<p>A la segona part, ja relaxades i relaxats, amb el cos i la ment preparats per la visualitzaci\u00f3, ens hem estirat al terra, ens hem posat c\u00f2modes, hem tancat els ulls i ens hem quedat a les fosques. La Laura ens ha indu\u00eft a la visualitzaci\u00f3: &#8220;m&#8217;agradaria que t&#8217;imaginessis que ets un cactus i descobreixes com \u00e9s ser un cactus, ara tu ets un cactus: quin tipus de cactus ets? Tens punxes? Com s\u00f3n? Per a qu\u00e8 serveixen? Com t&#8217;ajuden? Com s\u00f3n les teves arrels? Ets un cactus jove? Ets un cactus vell?&#8230;<\/p>\n<p>La darrera part de la visualitzaci\u00f3 ha consistit en plasmar en paper el que hem sentit, vivenciat&#8230; mentre la Laura ha guiat la nostra visualitzaci\u00f3. Ens hem dibuixat com a cactus i hem explicat com som.<\/p>\n<p>Les nenes i els nens de la classe dels CACTUS (4t), despr\u00e9s de gaudir d&#8217;aquesta sessi\u00f3 amb la Laura han dit&#8230;: connectar, dibuixar, passar-ho b\u00e9, cactus, expressar-se, diversi\u00f3, tranquil\u00b7litat, alegria, dormir, bonica, calma, llibertat, relaxar-se, activa.<\/p>\n<p style=\"text-align: center\">QU\u00c8 BONIC!<\/p>\n<p style=\"text-align: center\">MOLTES GR\u00c0CIES PER VOLER COMPARTIR ELS TEUS CONEIXEMENTS I EL TEU TEMPS AMB NOSALTRES LAURA.<\/p>\n<p>&nbsp;<\/p>\n<p><img loading=\"lazy\" decoding=\"async\" class=\"aligncenter size-large wp-image-9853\" src=\"https:\/\/agora.xtec.cat\/ceipmontserrat-castellvi\/wp-content\/uploads\/usu1029\/2023\/11\/20231128_151716-1024x974.jpg\" alt=\"\" width=\"1024\" height=\"974\" srcset=\"https:\/\/agora.xtec.cat\/ceipmontserrat-castellvi\/wp-content\/uploads\/usu1029\/2023\/11\/20231128_151716-1024x974.jpg 1024w, https:\/\/agora.xtec.cat\/ceipmontserrat-castellvi\/wp-content\/uploads\/usu1029\/2023\/11\/20231128_151716-300x285.jpg 300w, https:\/\/agora.xtec.cat\/ceipmontserrat-castellvi\/wp-content\/uploads\/usu1029\/2023\/11\/20231128_151716-768x730.jpg 768w, https:\/\/agora.xtec.cat\/ceipmontserrat-castellvi\/wp-content\/uploads\/usu1029\/2023\/11\/20231128_151716-1536x1461.jpg 1536w, https:\/\/agora.xtec.cat\/ceipmontserrat-castellvi\/wp-content\/uploads\/usu1029\/2023\/11\/20231128_151716-2048x1948.jpg 2048w\" sizes=\"auto, (max-width: 1024px) 100vw, 1024px\" \/> <img loading=\"lazy\" decoding=\"async\" class=\"aligncenter size-large wp-image-9854\" src=\"https:\/\/agora.xtec.cat\/ceipmontserrat-castellvi\/wp-content\/uploads\/usu1029\/2023\/11\/20231128_154401-991x1024.jpg\" alt=\"\" width=\"991\" height=\"1024\" srcset=\"https:\/\/agora.xtec.cat\/ceipmontserrat-castellvi\/wp-content\/uploads\/usu1029\/2023\/11\/20231128_154401-991x1024.jpg 991w, https:\/\/agora.xtec.cat\/ceipmontserrat-castellvi\/wp-content\/uploads\/usu1029\/2023\/11\/20231128_154401-290x300.jpg 290w, https:\/\/agora.xtec.cat\/ceipmontserrat-castellvi\/wp-content\/uploads\/usu1029\/2023\/11\/20231128_154401-768x794.jpg 768w, https:\/\/agora.xtec.cat\/ceipmontserrat-castellvi\/wp-content\/uploads\/usu1029\/2023\/11\/20231128_154401-1486x1536.jpg 1486w, https:\/\/agora.xtec.cat\/ceipmontserrat-castellvi\/wp-content\/uploads\/usu1029\/2023\/11\/20231128_154401-1982x2048.jpg 1982w\" sizes=\"auto, (max-width: 991px) 100vw, 991px\" \/> <img loading=\"lazy\" decoding=\"async\" class=\"aligncenter size-large wp-image-9856\" src=\"https:\/\/agora.xtec.cat\/ceipmontserrat-castellvi\/wp-content\/uploads\/usu1029\/2023\/11\/20231129_164217-1024x890.jpg\" alt=\"\" width=\"1024\" height=\"890\" srcset=\"https:\/\/agora.xtec.cat\/ceipmontserrat-castellvi\/wp-content\/uploads\/usu1029\/2023\/11\/20231129_164217-1024x890.jpg 1024w, https:\/\/agora.xtec.cat\/ceipmontserrat-castellvi\/wp-content\/uploads\/usu1029\/2023\/11\/20231129_164217-300x261.jpg 300w, https:\/\/agora.xtec.cat\/ceipmontserrat-castellvi\/wp-content\/uploads\/usu1029\/2023\/11\/20231129_164217-768x668.jpg 768w, https:\/\/agora.xtec.cat\/ceipmontserrat-castellvi\/wp-content\/uploads\/usu1029\/2023\/11\/20231129_164217-1536x1336.jpg 1536w, https:\/\/agora.xtec.cat\/ceipmontserrat-castellvi\/wp-content\/uploads\/usu1029\/2023\/11\/20231129_164217-2048x1781.jpg 2048w\" sizes=\"auto, (max-width: 1024px) 100vw, 1024px\" \/><img loading=\"lazy\" decoding=\"async\" class=\"aligncenter size-large wp-image-9855\" src=\"https:\/\/agora.xtec.cat\/ceipmontserrat-castellvi\/wp-content\/uploads\/usu1029\/2023\/11\/20231128_161118-1024x577.jpg\" alt=\"\" width=\"1024\" height=\"577\" srcset=\"https:\/\/agora.xtec.cat\/ceipmontserrat-castellvi\/wp-content\/uploads\/usu1029\/2023\/11\/20231128_161118-1024x577.jpg 1024w, https:\/\/agora.xtec.cat\/ceipmontserrat-castellvi\/wp-content\/uploads\/usu1029\/2023\/11\/20231128_161118-300x169.jpg 300w, https:\/\/agora.xtec.cat\/ceipmontserrat-castellvi\/wp-content\/uploads\/usu1029\/2023\/11\/20231128_161118-768x432.jpg 768w, https:\/\/agora.xtec.cat\/ceipmontserrat-castellvi\/wp-content\/uploads\/usu1029\/2023\/11\/20231128_161118-1536x865.jpg 1536w, https:\/\/agora.xtec.cat\/ceipmontserrat-castellvi\/wp-content\/uploads\/usu1029\/2023\/11\/20231128_161118-2048x1153.jpg 2048w\" sizes=\"auto, (max-width: 1024px) 100vw, 1024px\" \/><\/p>\n","protected":false},"excerpt":{"rendered":"<p>La Laura, la mare del Lluc i de l&#8217;An\u00edbal ens ha vingut a fer una activitat molt peculiar, una visualitzaci\u00f3 CACTUS: segons les seves pr\u00f2pies paraules, \u00e9s una t\u00e8cnica gest\u00e0ltica projectiva. Es tracta de fer unes visualitzacions individuals com a cactus, per tal de projectar a l&#8217;exterior el que ells i elles senten interiorment. L&#8217;activitat [&hellip;]<\/p>\n","protected":false},"author":1,"featured_media":9852,"comment_status":"open","ping_status":"closed","sticky":false,"template":"","format":"standard","meta":{"_bbp_topic_count":0,"_bbp_reply_count":0,"_bbp_total_topic_count":0,"_bbp_total_reply_count":0,"_bbp_voice_count":0,"_bbp_anonymous_reply_count":0,"_bbp_topic_count_hidden":0,"_bbp_reply_count_hidden":0,"_bbp_forum_subforum_count":0,"site-sidebar-layout":"default","site-content-layout":"","ast-site-content-layout":"","site-content-style":"default","site-sidebar-style":"default","ast-global-header-display":"","ast-banner-title-visibility":"","ast-main-header-display":"","ast-hfb-above-header-display":"","ast-hfb-below-header-display":"","ast-hfb-mobile-header-display":"","site-post-title":"","ast-breadcrumbs-content":"","ast-featured-img":"","footer-sml-layout":"","theme-transparent-header-meta":"","adv-header-id-meta":"","stick-header-meta":"","header-above-stick-meta":"","header-main-stick-meta":"","header-below-stick-meta":"","astra-migrate-meta-layouts":"default","ast-page-background-enabled":"default","ast-page-background-meta":{"desktop":{"background-color":"var(--ast-global-color-4)","background-image":"","background-repeat":"repeat","background-position":"center center","background-size":"auto","background-attachment":"scroll","background-type":"","background-media":"","overlay-type":"","overlay-color":"","overlay-opacity":"","overlay-gradient":""},"tablet":{"background-color":"","background-image":"","background-repeat":"repeat","background-position":"center center","background-size":"auto","background-attachment":"scroll","background-type":"","background-media":"","overlay-type":"","overlay-color":"","overlay-opacity":"","overlay-gradient":""},"mobile":{"background-color":"","background-image":"","background-repeat":"repeat","background-position":"center center","background-size":"auto","background-attachment":"scroll","background-type":"","background-media":"","overlay-type":"","overlay-color":"","overlay-opacity":"","overlay-gradient":""}},"ast-content-background-meta":{"desktop":{"background-color":"var(--ast-global-color-5)","background-image":"","background-repeat":"repeat","background-position":"center center","background-size":"auto","background-attachment":"scroll","background-type":"","background-media":"","overlay-type":"","overlay-color":"","overlay-opacity":"","overlay-gradient":""},"tablet":{"background-color":"var(--ast-global-color-5)","background-image":"","background-repeat":"repeat","background-position":"center center","background-size":"auto","background-attachment":"scroll","background-type":"","background-media":"","overlay-type":"","overlay-color":"","overlay-opacity":"","overlay-gradient":""},"mobile":{"background-color":"var(--ast-global-color-5)","background-image":"","background-repeat":"repeat","background-position":"center center","background-size":"auto","background-attachment":"scroll","background-type":"","background-media":"","overlay-type":"","overlay-color":"","overlay-opacity":"","overlay-gradient":""}},"footnotes":""},"categories":[48,41,1,4],"tags":[],"class_list":["post-9851","post","type-post","status-publish","format-standard","has-post-thumbnail","hentry","category-quart","category-cicle-mitja","category-general","category-portada"],"post_mailing_queue_ids":[],"_links":{"self":[{"href":"https:\/\/agora.xtec.cat\/ceipmontserrat-castellvi\/wp-json\/wp\/v2\/posts\/9851","targetHints":{"allow":["GET"]}}],"collection":[{"href":"https:\/\/agora.xtec.cat\/ceipmontserrat-castellvi\/wp-json\/wp\/v2\/posts"}],"about":[{"href":"https:\/\/agora.xtec.cat\/ceipmontserrat-castellvi\/wp-json\/wp\/v2\/types\/post"}],"author":[{"embeddable":true,"href":"https:\/\/agora.xtec.cat\/ceipmontserrat-castellvi\/wp-json\/wp\/v2\/users\/1"}],"replies":[{"embeddable":true,"href":"https:\/\/agora.xtec.cat\/ceipmontserrat-castellvi\/wp-json\/wp\/v2\/comments?post=9851"}],"version-history":[{"count":3,"href":"https:\/\/agora.xtec.cat\/ceipmontserrat-castellvi\/wp-json\/wp\/v2\/posts\/9851\/revisions"}],"predecessor-version":[{"id":9859,"href":"https:\/\/agora.xtec.cat\/ceipmontserrat-castellvi\/wp-json\/wp\/v2\/posts\/9851\/revisions\/9859"}],"wp:featuredmedia":[{"embeddable":true,"href":"https:\/\/agora.xtec.cat\/ceipmontserrat-castellvi\/wp-json\/wp\/v2\/media\/9852"}],"wp:attachment":[{"href":"https:\/\/agora.xtec.cat\/ceipmontserrat-castellvi\/wp-json\/wp\/v2\/media?parent=9851"}],"wp:term":[{"taxonomy":"category","embeddable":true,"href":"https:\/\/agora.xtec.cat\/ceipmontserrat-castellvi\/wp-json\/wp\/v2\/categories?post=9851"},{"taxonomy":"post_tag","embeddable":true,"href":"https:\/\/agora.xtec.cat\/ceipmontserrat-castellvi\/wp-json\/wp\/v2\/tags?post=9851"}],"curies":[{"name":"wp","href":"https:\/\/api.w.org\/{rel}","templated":true}]}}