{"id":7812,"date":"2021-04-27T12:32:44","date_gmt":"2021-04-27T10:32:44","guid":{"rendered":"http:\/\/agora.xtec.cat\/ceipmontserrat-castellvi\/?p=7812"},"modified":"2022-09-21T16:43:11","modified_gmt":"2022-09-21T14:43:11","slug":"les-cupules-de-leonardo","status":"publish","type":"post","link":"https:\/\/agora.xtec.cat\/ceipmontserrat-castellvi\/general\/cicle-inicial\/segon\/les-cupules-de-leonardo\/","title":{"rendered":"Les c\u00fapules de Leonardo"},"content":{"rendered":"<p><img loading=\"lazy\" decoding=\"async\" class=\"aligncenter size-large wp-image-7814\" src=\"https:\/\/agora.xtec.cat\/ceipmontserrat-castellvi\/wp-content\/uploads\/usu1029\/2021\/04\/IMG_3676-Copy-1024x768.jpg\" alt=\"\" width=\"1024\" height=\"768\" srcset=\"https:\/\/agora.xtec.cat\/ceipmontserrat-castellvi\/wp-content\/uploads\/usu1029\/2021\/04\/IMG_3676-Copy-1024x768.jpg 1024w, https:\/\/agora.xtec.cat\/ceipmontserrat-castellvi\/wp-content\/uploads\/usu1029\/2021\/04\/IMG_3676-Copy-300x225.jpg 300w, https:\/\/agora.xtec.cat\/ceipmontserrat-castellvi\/wp-content\/uploads\/usu1029\/2021\/04\/IMG_3676-Copy-768x576.jpg 768w, https:\/\/agora.xtec.cat\/ceipmontserrat-castellvi\/wp-content\/uploads\/usu1029\/2021\/04\/IMG_3676-Copy-200x150.jpg 200w\" sizes=\"auto, (max-width: 1024px) 100vw, 1024px\" \/><\/p>\n<p>Ahir a la tarda van venir a l&#8217;escola del Museu de les matem\u00e0tiques de Catalunya a fer-nos un taller que es deia &#8220;Les c\u00fapules de Leonardo&#8221;.<\/p>\n<p>L&#8217;alumnat va fer una construcci\u00f3 de dues c\u00fapules, una per cada curs. Primer, ens van explicar com anar col\u00b7locant les peces i van observar el patr\u00f3 geom\u00e8tics que s&#8217;anava formant: quadrat gran, quadrat petit.<\/p>\n<p>Va ser una tasca col\u00b7lectiva en la que a m\u00e9s d&#8217;aplicar conceptes matem\u00e0tics de capacitat espaial, patrons geom\u00e8trics, raonament i abstracci\u00f3, van haver de treballar en equip per construir i despla\u00e7ar les c\u00fapules.<\/p>\n<div id='gallery-1' class='gallery galleryid-7812 gallery-columns-2 gallery-size-medium'><figure class='gallery-item'>\n\t\t\t<div class='gallery-icon landscape'>\n\t\t\t\t<a href='https:\/\/agora.xtec.cat\/ceipmontserrat-castellvi\/general\/cicle-inicial\/segon\/les-cupules-de-leonardo\/attachment\/img_4629\/'><img loading=\"lazy\" decoding=\"async\" width=\"300\" height=\"225\" src=\"https:\/\/agora.xtec.cat\/ceipmontserrat-castellvi\/wp-content\/uploads\/usu1029\/2021\/04\/IMG_4629-300x225.jpg\" class=\"attachment-medium size-medium\" alt=\"\" srcset=\"https:\/\/agora.xtec.cat\/ceipmontserrat-castellvi\/wp-content\/uploads\/usu1029\/2021\/04\/IMG_4629-300x225.jpg 300w, https:\/\/agora.xtec.cat\/ceipmontserrat-castellvi\/wp-content\/uploads\/usu1029\/2021\/04\/IMG_4629-200x150.jpg 200w, https:\/\/agora.xtec.cat\/ceipmontserrat-castellvi\/wp-content\/uploads\/usu1029\/2021\/04\/IMG_4629.jpg 640w\" sizes=\"auto, (max-width: 300px) 100vw, 300px\" \/><\/a>\n\t\t\t<\/div><\/figure><figure class='gallery-item'>\n\t\t\t<div class='gallery-icon landscape'>\n\t\t\t\t<a href='https:\/\/agora.xtec.cat\/ceipmontserrat-castellvi\/general\/cicle-inicial\/segon\/les-cupules-de-leonardo\/attachment\/img_3667-copy\/'><img loading=\"lazy\" decoding=\"async\" width=\"300\" height=\"225\" src=\"https:\/\/agora.xtec.cat\/ceipmontserrat-castellvi\/wp-content\/uploads\/usu1029\/2021\/04\/IMG_3667-Copy-300x225.jpg\" class=\"attachment-medium size-medium\" alt=\"\" srcset=\"https:\/\/agora.xtec.cat\/ceipmontserrat-castellvi\/wp-content\/uploads\/usu1029\/2021\/04\/IMG_3667-Copy-300x225.jpg 300w, https:\/\/agora.xtec.cat\/ceipmontserrat-castellvi\/wp-content\/uploads\/usu1029\/2021\/04\/IMG_3667-Copy-768x576.jpg 768w, https:\/\/agora.xtec.cat\/ceipmontserrat-castellvi\/wp-content\/uploads\/usu1029\/2021\/04\/IMG_3667-Copy-1024x768.jpg 1024w, https:\/\/agora.xtec.cat\/ceipmontserrat-castellvi\/wp-content\/uploads\/usu1029\/2021\/04\/IMG_3667-Copy-200x150.jpg 200w\" sizes=\"auto, (max-width: 300px) 100vw, 300px\" \/><\/a>\n\t\t\t<\/div><\/figure>\n\t\t<\/div>\n\n<p>Podeu veure m\u00e9s fotos aqu\u00ed: <a href=\"https:\/\/photos.app.goo.gl\/pfF26xGascF25Pi69\" target=\"_blank\" rel=\"noopener noreferrer\">1r<\/a> i <a href=\"https:\/\/photos.app.goo.gl\/p7EWGy2MWiARYu1Q7\" target=\"_blank\" rel=\"noopener noreferrer\">2n<\/a>.<\/p>\n","protected":false},"excerpt":{"rendered":"<p>Ahir a la tarda van venir a l&#8217;escola del Museu de les matem\u00e0tiques de Catalunya a fer-nos un taller que es deia &#8220;Les c\u00fapules de Leonardo&#8221;. L&#8217;alumnat va fer una construcci\u00f3 de dues c\u00fapules, una per cada curs. Primer, ens van explicar com anar col\u00b7locant les peces i van observar el patr\u00f3 geom\u00e8tics que s&#8217;anava [&hellip;]<\/p>\n","protected":false},"author":1,"featured_media":7814,"comment_status":"open","ping_status":"closed","sticky":false,"template":"","format":"standard","meta":{"_bbp_topic_count":0,"_bbp_reply_count":0,"_bbp_total_topic_count":0,"_bbp_total_reply_count":0,"_bbp_voice_count":0,"_bbp_anonymous_reply_count":0,"_bbp_topic_count_hidden":0,"_bbp_reply_count_hidden":0,"_bbp_forum_subforum_count":0,"site-sidebar-layout":"default","site-content-layout":"","ast-site-content-layout":"","site-content-style":"default","site-sidebar-style":"default","ast-global-header-display":"","ast-banner-title-visibility":"","ast-main-header-display":"","ast-hfb-above-header-display":"","ast-hfb-below-header-display":"","ast-hfb-mobile-header-display":"","site-post-title":"","ast-breadcrumbs-content":"","ast-featured-img":"","footer-sml-layout":"","theme-transparent-header-meta":"","adv-header-id-meta":"","stick-header-meta":"","header-above-stick-meta":"","header-main-stick-meta":"","header-below-stick-meta":"","astra-migrate-meta-layouts":"default","ast-page-background-enabled":"default","ast-page-background-meta":{"desktop":{"background-color":"var(--ast-global-color-4)","background-image":"","background-repeat":"repeat","background-position":"center center","background-size":"auto","background-attachment":"scroll","background-type":"","background-media":"","overlay-type":"","overlay-color":"","overlay-opacity":"","overlay-gradient":""},"tablet":{"background-color":"","background-image":"","background-repeat":"repeat","background-position":"center center","background-size":"auto","background-attachment":"scroll","background-type":"","background-media":"","overlay-type":"","overlay-color":"","overlay-opacity":"","overlay-gradient":""},"mobile":{"background-color":"","background-image":"","background-repeat":"repeat","background-position":"center center","background-size":"auto","background-attachment":"scroll","background-type":"","background-media":"","overlay-type":"","overlay-color":"","overlay-opacity":"","overlay-gradient":""}},"ast-content-background-meta":{"desktop":{"background-color":"var(--ast-global-color-5)","background-image":"","background-repeat":"repeat","background-position":"center center","background-size":"auto","background-attachment":"scroll","background-type":"","background-media":"","overlay-type":"","overlay-color":"","overlay-opacity":"","overlay-gradient":""},"tablet":{"background-color":"var(--ast-global-color-5)","background-image":"","background-repeat":"repeat","background-position":"center center","background-size":"auto","background-attachment":"scroll","background-type":"","background-media":"","overlay-type":"","overlay-color":"","overlay-opacity":"","overlay-gradient":""},"mobile":{"background-color":"var(--ast-global-color-5)","background-image":"","background-repeat":"repeat","background-position":"center center","background-size":"auto","background-attachment":"scroll","background-type":"","background-media":"","overlay-type":"","overlay-color":"","overlay-opacity":"","overlay-gradient":""}},"footnotes":""},"categories":[46,47],"tags":[],"class_list":["post-7812","post","type-post","status-publish","format-standard","has-post-thumbnail","hentry","category-segon","category-tercer"],"post_mailing_queue_ids":[],"_links":{"self":[{"href":"https:\/\/agora.xtec.cat\/ceipmontserrat-castellvi\/wp-json\/wp\/v2\/posts\/7812","targetHints":{"allow":["GET"]}}],"collection":[{"href":"https:\/\/agora.xtec.cat\/ceipmontserrat-castellvi\/wp-json\/wp\/v2\/posts"}],"about":[{"href":"https:\/\/agora.xtec.cat\/ceipmontserrat-castellvi\/wp-json\/wp\/v2\/types\/post"}],"author":[{"embeddable":true,"href":"https:\/\/agora.xtec.cat\/ceipmontserrat-castellvi\/wp-json\/wp\/v2\/users\/1"}],"replies":[{"embeddable":true,"href":"https:\/\/agora.xtec.cat\/ceipmontserrat-castellvi\/wp-json\/wp\/v2\/comments?post=7812"}],"version-history":[{"count":3,"href":"https:\/\/agora.xtec.cat\/ceipmontserrat-castellvi\/wp-json\/wp\/v2\/posts\/7812\/revisions"}],"predecessor-version":[{"id":7843,"href":"https:\/\/agora.xtec.cat\/ceipmontserrat-castellvi\/wp-json\/wp\/v2\/posts\/7812\/revisions\/7843"}],"wp:featuredmedia":[{"embeddable":true,"href":"https:\/\/agora.xtec.cat\/ceipmontserrat-castellvi\/wp-json\/wp\/v2\/media\/7814"}],"wp:attachment":[{"href":"https:\/\/agora.xtec.cat\/ceipmontserrat-castellvi\/wp-json\/wp\/v2\/media?parent=7812"}],"wp:term":[{"taxonomy":"category","embeddable":true,"href":"https:\/\/agora.xtec.cat\/ceipmontserrat-castellvi\/wp-json\/wp\/v2\/categories?post=7812"},{"taxonomy":"post_tag","embeddable":true,"href":"https:\/\/agora.xtec.cat\/ceipmontserrat-castellvi\/wp-json\/wp\/v2\/tags?post=7812"}],"curies":[{"name":"wp","href":"https:\/\/api.w.org\/{rel}","templated":true}]}}