{"id":6103,"date":"2019-10-17T14:00:58","date_gmt":"2019-10-17T12:00:58","guid":{"rendered":"http:\/\/agora.xtec.cat\/ceipmontserrat-castellvi\/?p=6103"},"modified":"2022-09-21T16:36:30","modified_gmt":"2022-09-21T14:36:30","slug":"quin-estiu-mes-divertit","status":"publish","type":"post","link":"https:\/\/agora.xtec.cat\/ceipmontserrat-castellvi\/general\/cicle-inicial\/quin-estiu-mes-divertit\/","title":{"rendered":"Quin estiu m\u00e9s divertit!!!"},"content":{"rendered":"<p><img loading=\"lazy\" decoding=\"async\" class=\"aligncenter size-medium wp-image-6115\" src=\"https:\/\/agora.xtec.cat\/ceipmontserrat-castellvi\/wp-content\/uploads\/usu1029\/2019\/10\/2-300x196.jpg\" alt=\"\" width=\"300\" height=\"196\" srcset=\"https:\/\/agora.xtec.cat\/ceipmontserrat-castellvi\/wp-content\/uploads\/usu1029\/2019\/10\/2-300x196.jpg 300w, https:\/\/agora.xtec.cat\/ceipmontserrat-castellvi\/wp-content\/uploads\/usu1029\/2019\/10\/2-768x501.jpg 768w, https:\/\/agora.xtec.cat\/ceipmontserrat-castellvi\/wp-content\/uploads\/usu1029\/2019\/10\/2-1024x668.jpg 1024w\" sizes=\"auto, (max-width: 300px) 100vw, 300px\" \/>Hem recordat moments de l\u2019estiu en que ens ho hem passat molt b\u00e9. Alguns fan referencia a la fam\u00edlia, altres a llocs, \u00e0pats amb fam\u00edlia i amics, alguna mare que cuina uns macarrons deliciosos\u2026<\/p>\n<p>Amb la t\u00e8cnica del colage hem representat aquests moments, les nenes i nens de prim\u00e0ria han utilitzat papers i robes. Hem comprovat que retallar roba \u00e9s dif\u00edcil, en aquest exercici tamb\u00e9 hem compartit materials segons el que necessit\u00e0vem.<\/p>\n<p>Les nenes i nens d\u2019Educaci\u00f3 Infantil solament han utilitzat papers. Els infants de P-3 han retallat i enganxat de manera l\u00fadica: han retallat tot el material i despr\u00e9s han enganxat el temps que ha durat la seva motivaci\u00f3, ha estat fant\u00e0stic!!!<\/p>\n<p>Si voleu veure totes les fotos <a href=\"https:\/\/photos.app.goo.gl\/bdxveoXGVHufAm7q7\">cliqueu aqu\u00ed.<\/a><\/p>\n","protected":false},"excerpt":{"rendered":"<p>Hem recordat moments de l\u2019estiu en que ens ho hem passat molt b\u00e9. Alguns fan referencia a la fam\u00edlia, altres a llocs, \u00e0pats amb fam\u00edlia i amics, alguna mare que cuina uns macarrons deliciosos\u2026 Amb la t\u00e8cnica del colage hem representat aquests moments, les nenes i nens de prim\u00e0ria han utilitzat papers i robes. Hem [&hellip;]<\/p>\n","protected":false},"author":1,"featured_media":6115,"comment_status":"open","ping_status":"closed","sticky":false,"template":"","format":"standard","meta":{"_bbp_topic_count":0,"_bbp_reply_count":0,"_bbp_total_topic_count":0,"_bbp_total_reply_count":0,"_bbp_voice_count":0,"_bbp_anonymous_reply_count":0,"_bbp_topic_count_hidden":0,"_bbp_reply_count_hidden":0,"_bbp_forum_subforum_count":0,"site-sidebar-layout":"default","site-content-layout":"","ast-site-content-layout":"","site-content-style":"default","site-sidebar-style":"default","ast-global-header-display":"","ast-banner-title-visibility":"","ast-main-header-display":"","ast-hfb-above-header-display":"","ast-hfb-below-header-display":"","ast-hfb-mobile-header-display":"","site-post-title":"","ast-breadcrumbs-content":"","ast-featured-img":"","footer-sml-layout":"","theme-transparent-header-meta":"","adv-header-id-meta":"","stick-header-meta":"","header-above-stick-meta":"","header-main-stick-meta":"","header-below-stick-meta":"","astra-migrate-meta-layouts":"default","ast-page-background-enabled":"default","ast-page-background-meta":{"desktop":{"background-color":"var(--ast-global-color-4)","background-image":"","background-repeat":"repeat","background-position":"center center","background-size":"auto","background-attachment":"scroll","background-type":"","background-media":"","overlay-type":"","overlay-color":"","overlay-opacity":"","overlay-gradient":""},"tablet":{"background-color":"","background-image":"","background-repeat":"repeat","background-position":"center center","background-size":"auto","background-attachment":"scroll","background-type":"","background-media":"","overlay-type":"","overlay-color":"","overlay-opacity":"","overlay-gradient":""},"mobile":{"background-color":"","background-image":"","background-repeat":"repeat","background-position":"center center","background-size":"auto","background-attachment":"scroll","background-type":"","background-media":"","overlay-type":"","overlay-color":"","overlay-opacity":"","overlay-gradient":""}},"ast-content-background-meta":{"desktop":{"background-color":"var(--ast-global-color-5)","background-image":"","background-repeat":"repeat","background-position":"center center","background-size":"auto","background-attachment":"scroll","background-type":"","background-media":"","overlay-type":"","overlay-color":"","overlay-opacity":"","overlay-gradient":""},"tablet":{"background-color":"var(--ast-global-color-5)","background-image":"","background-repeat":"repeat","background-position":"center center","background-size":"auto","background-attachment":"scroll","background-type":"","background-media":"","overlay-type":"","overlay-color":"","overlay-opacity":"","overlay-gradient":""},"mobile":{"background-color":"var(--ast-global-color-5)","background-image":"","background-repeat":"repeat","background-position":"center center","background-size":"auto","background-attachment":"scroll","background-type":"","background-media":"","overlay-type":"","overlay-color":"","overlay-opacity":"","overlay-gradient":""}},"footnotes":""},"categories":[46,47,48,49,50,195,40,41,42,44,78,79,80,70],"tags":[],"class_list":["post-6103","post","type-post","status-publish","format-standard","has-post-thumbnail","hentry","category-segon","category-tercer","category-quart","category-cinque","category-sise","category-6e-19-20","category-cicle-inicial","category-cicle-mitja","category-cicle-superior","category-educacio-infantil","category-infantil-a","category-infantil-b","category-infantil-c","category-plastica"],"post_mailing_queue_ids":[],"_links":{"self":[{"href":"https:\/\/agora.xtec.cat\/ceipmontserrat-castellvi\/wp-json\/wp\/v2\/posts\/6103","targetHints":{"allow":["GET"]}}],"collection":[{"href":"https:\/\/agora.xtec.cat\/ceipmontserrat-castellvi\/wp-json\/wp\/v2\/posts"}],"about":[{"href":"https:\/\/agora.xtec.cat\/ceipmontserrat-castellvi\/wp-json\/wp\/v2\/types\/post"}],"author":[{"embeddable":true,"href":"https:\/\/agora.xtec.cat\/ceipmontserrat-castellvi\/wp-json\/wp\/v2\/users\/1"}],"replies":[{"embeddable":true,"href":"https:\/\/agora.xtec.cat\/ceipmontserrat-castellvi\/wp-json\/wp\/v2\/comments?post=6103"}],"version-history":[{"count":3,"href":"https:\/\/agora.xtec.cat\/ceipmontserrat-castellvi\/wp-json\/wp\/v2\/posts\/6103\/revisions"}],"predecessor-version":[{"id":6125,"href":"https:\/\/agora.xtec.cat\/ceipmontserrat-castellvi\/wp-json\/wp\/v2\/posts\/6103\/revisions\/6125"}],"wp:featuredmedia":[{"embeddable":true,"href":"https:\/\/agora.xtec.cat\/ceipmontserrat-castellvi\/wp-json\/wp\/v2\/media\/6115"}],"wp:attachment":[{"href":"https:\/\/agora.xtec.cat\/ceipmontserrat-castellvi\/wp-json\/wp\/v2\/media?parent=6103"}],"wp:term":[{"taxonomy":"category","embeddable":true,"href":"https:\/\/agora.xtec.cat\/ceipmontserrat-castellvi\/wp-json\/wp\/v2\/categories?post=6103"},{"taxonomy":"post_tag","embeddable":true,"href":"https:\/\/agora.xtec.cat\/ceipmontserrat-castellvi\/wp-json\/wp\/v2\/tags?post=6103"}],"curies":[{"name":"wp","href":"https:\/\/api.w.org\/{rel}","templated":true}]}}