{"id":5718,"date":"2019-02-26T14:13:08","date_gmt":"2019-02-26T13:13:08","guid":{"rendered":"http:\/\/agora.xtec.cat\/ceipmontserrat-castellvi\/?p=5718"},"modified":"2019-02-26T14:16:20","modified_gmt":"2019-02-26T13:16:20","slug":"sortida-al-museu-de-la-pell-digualada","status":"publish","type":"post","link":"https:\/\/agora.xtec.cat\/ceipmontserrat-castellvi\/general\/educacio-infantil\/infantil-a\/sortida-al-museu-de-la-pell-digualada\/","title":{"rendered":"Sortida al museu de la pell d&#8217;Igualada"},"content":{"rendered":"<p>Fa uns dies, els nens i nenes d&#8217;Educaci\u00f3 Infantil vam anar d&#8217;excursi\u00f3 a Igualada per visitar la sala de l&#8217;aigua del museu de la pell. Tamb\u00e9 vam elaborar una barreja d&#8217;aigua, sab\u00f3, sucre i cola per fer bombolles de sab\u00f3 gegants.<\/p>\n<p>L&#8217;Albert i el Cesc, des del rac\u00f3 de llengua han fet una molt bona explicaci\u00f3 del que vam veure a la sala de l&#8217;aigua:<\/p>\n<p>&nbsp;<\/p>\n<figure id=\"attachment_5719\" aria-describedby=\"caption-attachment-5719\" style=\"width: 299px\" class=\"wp-caption aligncenter\"><img loading=\"lazy\" decoding=\"async\" class=\"wp-image-5719\" src=\"https:\/\/agora.xtec.cat\/ceipmontserrat-castellvi\/wp-content\/uploads\/usu1029\/2019\/02\/20190226_133212-Copy-768x1024.jpg\" alt=\"\" width=\"299\" height=\"399\" srcset=\"https:\/\/agora.xtec.cat\/ceipmontserrat-castellvi\/wp-content\/uploads\/usu1029\/2019\/02\/20190226_133212-Copy-768x1024.jpg 768w, https:\/\/agora.xtec.cat\/ceipmontserrat-castellvi\/wp-content\/uploads\/usu1029\/2019\/02\/20190226_133212-Copy-225x300.jpg 225w, https:\/\/agora.xtec.cat\/ceipmontserrat-castellvi\/wp-content\/uploads\/usu1029\/2019\/02\/20190226_133212-Copy.jpg 1512w\" sizes=\"auto, (max-width: 299px) 100vw, 299px\" \/><figcaption id=\"caption-attachment-5719\" class=\"wp-caption-text\">AL MUSEU DE LA PELL VAM DESCOBRIR M\u00c0QUINES QUE NO FUNCIONEN AMB SOL, NI PILES, NI ENDOLLS, NOM\u00c9S AMB AIGUA<\/figcaption><\/figure>\n<p>&nbsp;<\/p>\n<p>&nbsp;<\/p>\n<p>Voleu veure les m\u00e0quines i les bombolles i el bon dia que ens va fer? Doncs cliqueu <a href=\"https:\/\/photos.app.goo.gl\/iSKoPYW1JEGnCGXh6\">aqu\u00ed<\/a> i deixeu-hi els vostres comentaris!<\/p>\n","protected":false},"excerpt":{"rendered":"<p>Fa uns dies, els nens i nenes d&#8217;Educaci\u00f3 Infantil vam anar d&#8217;excursi\u00f3 a Igualada per visitar la sala de l&#8217;aigua del museu de la pell. Tamb\u00e9 vam elaborar una barreja d&#8217;aigua, sab\u00f3, sucre i cola per fer bombolles de sab\u00f3 gegants. L&#8217;Albert i el Cesc, des del rac\u00f3 de llengua han fet una molt bona [&hellip;]<\/p>\n","protected":false},"author":1,"featured_media":5723,"comment_status":"open","ping_status":"closed","sticky":false,"template":"","format":"standard","meta":{"_bbp_topic_count":0,"_bbp_reply_count":0,"_bbp_total_topic_count":0,"_bbp_total_reply_count":0,"_bbp_voice_count":0,"_bbp_anonymous_reply_count":0,"_bbp_topic_count_hidden":0,"_bbp_reply_count_hidden":0,"_bbp_forum_subforum_count":0,"site-sidebar-layout":"default","site-content-layout":"","ast-site-content-layout":"","site-content-style":"default","site-sidebar-style":"default","ast-global-header-display":"","ast-banner-title-visibility":"","ast-main-header-display":"","ast-hfb-above-header-display":"","ast-hfb-below-header-display":"","ast-hfb-mobile-header-display":"","site-post-title":"","ast-breadcrumbs-content":"","ast-featured-img":"","footer-sml-layout":"","theme-transparent-header-meta":"","adv-header-id-meta":"","stick-header-meta":"","header-above-stick-meta":"","header-main-stick-meta":"","header-below-stick-meta":"","astra-migrate-meta-layouts":"default","ast-page-background-enabled":"default","ast-page-background-meta":{"desktop":{"background-color":"var(--ast-global-color-4)","background-image":"","background-repeat":"repeat","background-position":"center center","background-size":"auto","background-attachment":"scroll","background-type":"","background-media":"","overlay-type":"","overlay-color":"","overlay-opacity":"","overlay-gradient":""},"tablet":{"background-color":"","background-image":"","background-repeat":"repeat","background-position":"center center","background-size":"auto","background-attachment":"scroll","background-type":"","background-media":"","overlay-type":"","overlay-color":"","overlay-opacity":"","overlay-gradient":""},"mobile":{"background-color":"","background-image":"","background-repeat":"repeat","background-position":"center center","background-size":"auto","background-attachment":"scroll","background-type":"","background-media":"","overlay-type":"","overlay-color":"","overlay-opacity":"","overlay-gradient":""}},"ast-content-background-meta":{"desktop":{"background-color":"var(--ast-global-color-5)","background-image":"","background-repeat":"repeat","background-position":"center center","background-size":"auto","background-attachment":"scroll","background-type":"","background-media":"","overlay-type":"","overlay-color":"","overlay-opacity":"","overlay-gradient":""},"tablet":{"background-color":"var(--ast-global-color-5)","background-image":"","background-repeat":"repeat","background-position":"center center","background-size":"auto","background-attachment":"scroll","background-type":"","background-media":"","overlay-type":"","overlay-color":"","overlay-opacity":"","overlay-gradient":""},"mobile":{"background-color":"var(--ast-global-color-5)","background-image":"","background-repeat":"repeat","background-position":"center center","background-size":"auto","background-attachment":"scroll","background-type":"","background-media":"","overlay-type":"","overlay-color":"","overlay-opacity":"","overlay-gradient":""}},"footnotes":""},"categories":[78,79,80],"tags":[],"class_list":["post-5718","post","type-post","status-publish","format-standard","has-post-thumbnail","hentry","category-infantil-a","category-infantil-b","category-infantil-c"],"post_mailing_queue_ids":[],"_links":{"self":[{"href":"https:\/\/agora.xtec.cat\/ceipmontserrat-castellvi\/wp-json\/wp\/v2\/posts\/5718","targetHints":{"allow":["GET"]}}],"collection":[{"href":"https:\/\/agora.xtec.cat\/ceipmontserrat-castellvi\/wp-json\/wp\/v2\/posts"}],"about":[{"href":"https:\/\/agora.xtec.cat\/ceipmontserrat-castellvi\/wp-json\/wp\/v2\/types\/post"}],"author":[{"embeddable":true,"href":"https:\/\/agora.xtec.cat\/ceipmontserrat-castellvi\/wp-json\/wp\/v2\/users\/1"}],"replies":[{"embeddable":true,"href":"https:\/\/agora.xtec.cat\/ceipmontserrat-castellvi\/wp-json\/wp\/v2\/comments?post=5718"}],"version-history":[{"count":3,"href":"https:\/\/agora.xtec.cat\/ceipmontserrat-castellvi\/wp-json\/wp\/v2\/posts\/5718\/revisions"}],"predecessor-version":[{"id":5725,"href":"https:\/\/agora.xtec.cat\/ceipmontserrat-castellvi\/wp-json\/wp\/v2\/posts\/5718\/revisions\/5725"}],"wp:featuredmedia":[{"embeddable":true,"href":"https:\/\/agora.xtec.cat\/ceipmontserrat-castellvi\/wp-json\/wp\/v2\/media\/5723"}],"wp:attachment":[{"href":"https:\/\/agora.xtec.cat\/ceipmontserrat-castellvi\/wp-json\/wp\/v2\/media?parent=5718"}],"wp:term":[{"taxonomy":"category","embeddable":true,"href":"https:\/\/agora.xtec.cat\/ceipmontserrat-castellvi\/wp-json\/wp\/v2\/categories?post=5718"},{"taxonomy":"post_tag","embeddable":true,"href":"https:\/\/agora.xtec.cat\/ceipmontserrat-castellvi\/wp-json\/wp\/v2\/tags?post=5718"}],"curies":[{"name":"wp","href":"https:\/\/api.w.org\/{rel}","templated":true}]}}