{"id":10381,"date":"2024-12-20T12:32:20","date_gmt":"2024-12-20T11:32:20","guid":{"rendered":"https:\/\/agora.xtec.cat\/ceipmontserrat-castellvi\/?p=10381"},"modified":"2024-12-20T12:39:59","modified_gmt":"2024-12-20T11:39:59","slug":"avui-hem-fet-cagar-el-tio-a-lescola","status":"publish","type":"post","link":"https:\/\/agora.xtec.cat\/ceipmontserrat-castellvi\/general\/avui-hem-fet-cagar-el-tio-a-lescola\/","title":{"rendered":"Avui hem fet cagar el Ti\u00f3 a l\u2019escola!"},"content":{"rendered":"<p><img loading=\"lazy\" decoding=\"async\" class=\"aligncenter size-full wp-image-10383\" src=\"https:\/\/agora.xtec.cat\/ceipmontserrat-castellvi\/wp-content\/uploads\/usu1029\/2024\/12\/1.jpg\" alt=\"\" width=\"1748\" height=\"1240\" srcset=\"https:\/\/agora.xtec.cat\/ceipmontserrat-castellvi\/wp-content\/uploads\/usu1029\/2024\/12\/1.jpg 1748w, https:\/\/agora.xtec.cat\/ceipmontserrat-castellvi\/wp-content\/uploads\/usu1029\/2024\/12\/1-300x213.jpg 300w, https:\/\/agora.xtec.cat\/ceipmontserrat-castellvi\/wp-content\/uploads\/usu1029\/2024\/12\/1-1024x726.jpg 1024w, https:\/\/agora.xtec.cat\/ceipmontserrat-castellvi\/wp-content\/uploads\/usu1029\/2024\/12\/1-768x545.jpg 768w, https:\/\/agora.xtec.cat\/ceipmontserrat-castellvi\/wp-content\/uploads\/usu1029\/2024\/12\/1-1536x1090.jpg 1536w\" sizes=\"auto, (max-width: 1748px) 100vw, 1748px\" \/><\/p>\n<p>Amb gran il\u00b7lusi\u00f3, els nens i nenes han viscut una de les tradicions m\u00e9s estimades del Nadal catal\u00e0: fer cagar el Ti\u00f3. Aquesta activitat tan arrelada a la nostra cultura \u00e9s un moment m\u00e0gic que desperta somriures, emoci\u00f3 i molta alegria entre els m\u00e9s petits.<\/p>\n<p>El Ti\u00f3 de Nadal \u00e9s una tradici\u00f3 d\u2019origen pag\u00e0 que es remunta a les cultures agr\u00e0ries. Antigament, aquest tronc, decorat amb una cara somrient i barretina, representava la llar i l\u2019abund\u00e0ncia, i es creia que cuidava de les fam\u00edlies durant els mesos m\u00e9s freds. Amb el pas del temps, aquesta figura s\u2019ha convertit en un s\u00edmbol nadalenc que fa de pont entre les arrels culturals i la il\u00b7lusi\u00f3 de les festes.<\/p>\n<p>Durant la jornada, els infants han cantat can\u00e7ons tradicionals al Ti\u00f3 mentre el picaven amb un bast\u00f3, una manera simb\u00f2lica de &#8220;despertar&#8221; la seva generositat. La m\u00e0gia ha arribat quan el Ti\u00f3 ha &#8220;cagat&#8221; tot de jocs i joguines que hem compartit com a comunitat. La seva sorpresa i entusiasme en descobrir aquests regals han omplert l\u2019escola d\u2019una energia \u00fanica i especial.<\/p>\n<p>Aquest moment tamb\u00e9 ens ha perm\u00e8s treballar valors com la generositat, el treball en equip i el respecte mutu. Cada infant ha pogut gaudir dels regals, valorant la import\u00e0ncia de compartir i jugar junts sense distincions.<\/p>\n<p><img loading=\"lazy\" decoding=\"async\" class=\"aligncenter size-full wp-image-10384\" src=\"https:\/\/agora.xtec.cat\/ceipmontserrat-castellvi\/wp-content\/uploads\/usu1029\/2024\/12\/2.jpg\" alt=\"\" width=\"1748\" height=\"1240\" srcset=\"https:\/\/agora.xtec.cat\/ceipmontserrat-castellvi\/wp-content\/uploads\/usu1029\/2024\/12\/2.jpg 1748w, https:\/\/agora.xtec.cat\/ceipmontserrat-castellvi\/wp-content\/uploads\/usu1029\/2024\/12\/2-300x213.jpg 300w, https:\/\/agora.xtec.cat\/ceipmontserrat-castellvi\/wp-content\/uploads\/usu1029\/2024\/12\/2-1024x726.jpg 1024w, https:\/\/agora.xtec.cat\/ceipmontserrat-castellvi\/wp-content\/uploads\/usu1029\/2024\/12\/2-768x545.jpg 768w, https:\/\/agora.xtec.cat\/ceipmontserrat-castellvi\/wp-content\/uploads\/usu1029\/2024\/12\/2-1536x1090.jpg 1536w\" sizes=\"auto, (max-width: 1748px) 100vw, 1748px\" \/><\/p>\n","protected":false},"excerpt":{"rendered":"<p>Amb gran il\u00b7lusi\u00f3, els nens i nenes han viscut una de les tradicions m\u00e9s estimades del Nadal catal\u00e0: fer cagar el Ti\u00f3. Aquesta activitat tan arrelada a la nostra cultura \u00e9s un moment m\u00e0gic que desperta somriures, emoci\u00f3 i molta alegria entre els m\u00e9s petits. El Ti\u00f3 de Nadal \u00e9s una tradici\u00f3 d\u2019origen pag\u00e0 que [&hellip;]<\/p>\n","protected":false},"author":1,"featured_media":10383,"comment_status":"open","ping_status":"closed","sticky":false,"template":"","format":"standard","meta":{"_bbp_topic_count":0,"_bbp_reply_count":0,"_bbp_total_topic_count":0,"_bbp_total_reply_count":0,"_bbp_voice_count":0,"_bbp_anonymous_reply_count":0,"_bbp_topic_count_hidden":0,"_bbp_reply_count_hidden":0,"_bbp_forum_subforum_count":0,"site-sidebar-layout":"default","site-content-layout":"","ast-site-content-layout":"","site-content-style":"default","site-sidebar-style":"default","ast-global-header-display":"","ast-banner-title-visibility":"","ast-main-header-display":"","ast-hfb-above-header-display":"","ast-hfb-below-header-display":"","ast-hfb-mobile-header-display":"","site-post-title":"","ast-breadcrumbs-content":"","ast-featured-img":"","footer-sml-layout":"","theme-transparent-header-meta":"","adv-header-id-meta":"","stick-header-meta":"","header-above-stick-meta":"","header-main-stick-meta":"","header-below-stick-meta":"","astra-migrate-meta-layouts":"default","ast-page-background-enabled":"default","ast-page-background-meta":{"desktop":{"background-color":"var(--ast-global-color-4)","background-image":"","background-repeat":"repeat","background-position":"center center","background-size":"auto","background-attachment":"scroll","background-type":"","background-media":"","overlay-type":"","overlay-color":"","overlay-opacity":"","overlay-gradient":""},"tablet":{"background-color":"","background-image":"","background-repeat":"repeat","background-position":"center center","background-size":"auto","background-attachment":"scroll","background-type":"","background-media":"","overlay-type":"","overlay-color":"","overlay-opacity":"","overlay-gradient":""},"mobile":{"background-color":"","background-image":"","background-repeat":"repeat","background-position":"center center","background-size":"auto","background-attachment":"scroll","background-type":"","background-media":"","overlay-type":"","overlay-color":"","overlay-opacity":"","overlay-gradient":""}},"ast-content-background-meta":{"desktop":{"background-color":"var(--ast-global-color-5)","background-image":"","background-repeat":"repeat","background-position":"center center","background-size":"auto","background-attachment":"scroll","background-type":"","background-media":"","overlay-type":"","overlay-color":"","overlay-opacity":"","overlay-gradient":""},"tablet":{"background-color":"var(--ast-global-color-5)","background-image":"","background-repeat":"repeat","background-position":"center center","background-size":"auto","background-attachment":"scroll","background-type":"","background-media":"","overlay-type":"","overlay-color":"","overlay-opacity":"","overlay-gradient":""},"mobile":{"background-color":"var(--ast-global-color-5)","background-image":"","background-repeat":"repeat","background-position":"center center","background-size":"auto","background-attachment":"scroll","background-type":"","background-media":"","overlay-type":"","overlay-color":"","overlay-opacity":"","overlay-gradient":""}},"footnotes":""},"categories":[73,1,4],"tags":[398,378,129,138,62,202,397],"class_list":["post-10381","post","type-post","status-publish","format-standard","has-post-thumbnail","hentry","category-festes","category-general","category-portada","tag-compartir","tag-comunitat","tag-cultura","tag-escola","tag-festes","tag-tio","tag-tradicons"],"post_mailing_queue_ids":[],"_links":{"self":[{"href":"https:\/\/agora.xtec.cat\/ceipmontserrat-castellvi\/wp-json\/wp\/v2\/posts\/10381","targetHints":{"allow":["GET"]}}],"collection":[{"href":"https:\/\/agora.xtec.cat\/ceipmontserrat-castellvi\/wp-json\/wp\/v2\/posts"}],"about":[{"href":"https:\/\/agora.xtec.cat\/ceipmontserrat-castellvi\/wp-json\/wp\/v2\/types\/post"}],"author":[{"embeddable":true,"href":"https:\/\/agora.xtec.cat\/ceipmontserrat-castellvi\/wp-json\/wp\/v2\/users\/1"}],"replies":[{"embeddable":true,"href":"https:\/\/agora.xtec.cat\/ceipmontserrat-castellvi\/wp-json\/wp\/v2\/comments?post=10381"}],"version-history":[{"count":2,"href":"https:\/\/agora.xtec.cat\/ceipmontserrat-castellvi\/wp-json\/wp\/v2\/posts\/10381\/revisions"}],"predecessor-version":[{"id":10389,"href":"https:\/\/agora.xtec.cat\/ceipmontserrat-castellvi\/wp-json\/wp\/v2\/posts\/10381\/revisions\/10389"}],"wp:featuredmedia":[{"embeddable":true,"href":"https:\/\/agora.xtec.cat\/ceipmontserrat-castellvi\/wp-json\/wp\/v2\/media\/10383"}],"wp:attachment":[{"href":"https:\/\/agora.xtec.cat\/ceipmontserrat-castellvi\/wp-json\/wp\/v2\/media?parent=10381"}],"wp:term":[{"taxonomy":"category","embeddable":true,"href":"https:\/\/agora.xtec.cat\/ceipmontserrat-castellvi\/wp-json\/wp\/v2\/categories?post=10381"},{"taxonomy":"post_tag","embeddable":true,"href":"https:\/\/agora.xtec.cat\/ceipmontserrat-castellvi\/wp-json\/wp\/v2\/tags?post=10381"}],"curies":[{"name":"wp","href":"https:\/\/api.w.org\/{rel}","templated":true}]}}