{"id":10159,"date":"2024-06-12T16:02:59","date_gmt":"2024-06-12T14:02:59","guid":{"rendered":"https:\/\/agora.xtec.cat\/ceipmontserrat-castellvi\/?p=10159"},"modified":"2024-06-13T15:58:04","modified_gmt":"2024-06-13T13:58:04","slug":"esmorzar-conjunta-amb-els-nous-infants-di3","status":"publish","type":"post","link":"https:\/\/agora.xtec.cat\/ceipmontserrat-castellvi\/general\/esmorzar-conjunta-amb-els-nous-infants-di3\/","title":{"rendered":"Esmorzar conjunt amb els nous infants d&#8217;I3"},"content":{"rendered":"<p>Aquest dimarts els infants d&#8217;infantil hem rebut als infants d&#8217;I3 del curs 24-25 a la nostra escola.<\/p>\n<p>Est\u00e0vem una mica nerviosos perqu\u00e8 no sab\u00edem si els agradaria el farcellet de roman\u00ed que li regal\u00e0vem.<\/p>\n<p>\u00c9s el roman\u00ed que creix al nostre pati.<\/p>\n<p>Despr\u00e9s d&#8217;explicar les activitats que farem plegats i plegades, hem estat compartint un esmorzar de pa amb oli i xocolata. Tamb\u00e9 hi havia galetes.<\/p>\n<p>Ens ha encantat jugar tots plegats i plegades al pati!!!<\/p>\n<p>L&#8217;any vinent estarem junts i creixerem encara m\u00e9s&#8230;!!!<img loading=\"lazy\" decoding=\"async\" class=\"aligncenter size-full wp-image-10161\" src=\"https:\/\/agora.xtec.cat\/ceipmontserrat-castellvi\/wp-content\/uploads\/usu1029\/2024\/06\/IMG_1002.jpg\" alt=\"\" width=\"1588\" height=\"1191\" srcset=\"https:\/\/agora.xtec.cat\/ceipmontserrat-castellvi\/wp-content\/uploads\/usu1029\/2024\/06\/IMG_1002.jpg 1588w, https:\/\/agora.xtec.cat\/ceipmontserrat-castellvi\/wp-content\/uploads\/usu1029\/2024\/06\/IMG_1002-300x225.jpg 300w, https:\/\/agora.xtec.cat\/ceipmontserrat-castellvi\/wp-content\/uploads\/usu1029\/2024\/06\/IMG_1002-1024x768.jpg 1024w, https:\/\/agora.xtec.cat\/ceipmontserrat-castellvi\/wp-content\/uploads\/usu1029\/2024\/06\/IMG_1002-768x576.jpg 768w, https:\/\/agora.xtec.cat\/ceipmontserrat-castellvi\/wp-content\/uploads\/usu1029\/2024\/06\/IMG_1002-1536x1152.jpg 1536w, https:\/\/agora.xtec.cat\/ceipmontserrat-castellvi\/wp-content\/uploads\/usu1029\/2024\/06\/IMG_1002-200x150.jpg 200w\" sizes=\"auto, (max-width: 1588px) 100vw, 1588px\" \/><\/p>\n","protected":false},"excerpt":{"rendered":"<p>Aquest dimarts els infants d&#8217;infantil hem rebut als infants d&#8217;I3 del curs 24-25 a la nostra escola. Est\u00e0vem una mica nerviosos perqu\u00e8 no sab\u00edem si els agradaria el farcellet de roman\u00ed que li regal\u00e0vem. \u00c9s el roman\u00ed que creix al nostre pati. Despr\u00e9s d&#8217;explicar les activitats que farem plegats i plegades, hem estat compartint un [&hellip;]<\/p>\n","protected":false},"author":1,"featured_media":10160,"comment_status":"open","ping_status":"closed","sticky":false,"template":"","format":"standard","meta":{"_bbp_topic_count":0,"_bbp_reply_count":0,"_bbp_total_topic_count":0,"_bbp_total_reply_count":0,"_bbp_voice_count":0,"_bbp_anonymous_reply_count":0,"_bbp_topic_count_hidden":0,"_bbp_reply_count_hidden":0,"_bbp_forum_subforum_count":0,"site-sidebar-layout":"default","site-content-layout":"","ast-site-content-layout":"","site-content-style":"default","site-sidebar-style":"default","ast-global-header-display":"","ast-banner-title-visibility":"","ast-main-header-display":"","ast-hfb-above-header-display":"","ast-hfb-below-header-display":"","ast-hfb-mobile-header-display":"","site-post-title":"","ast-breadcrumbs-content":"","ast-featured-img":"","footer-sml-layout":"","theme-transparent-header-meta":"","adv-header-id-meta":"","stick-header-meta":"","header-above-stick-meta":"","header-main-stick-meta":"","header-below-stick-meta":"","astra-migrate-meta-layouts":"default","ast-page-background-enabled":"default","ast-page-background-meta":{"desktop":{"background-color":"var(--ast-global-color-4)","background-image":"","background-repeat":"repeat","background-position":"center center","background-size":"auto","background-attachment":"scroll","background-type":"","background-media":"","overlay-type":"","overlay-color":"","overlay-opacity":"","overlay-gradient":""},"tablet":{"background-color":"","background-image":"","background-repeat":"repeat","background-position":"center center","background-size":"auto","background-attachment":"scroll","background-type":"","background-media":"","overlay-type":"","overlay-color":"","overlay-opacity":"","overlay-gradient":""},"mobile":{"background-color":"","background-image":"","background-repeat":"repeat","background-position":"center center","background-size":"auto","background-attachment":"scroll","background-type":"","background-media":"","overlay-type":"","overlay-color":"","overlay-opacity":"","overlay-gradient":""}},"ast-content-background-meta":{"desktop":{"background-color":"var(--ast-global-color-5)","background-image":"","background-repeat":"repeat","background-position":"center center","background-size":"auto","background-attachment":"scroll","background-type":"","background-media":"","overlay-type":"","overlay-color":"","overlay-opacity":"","overlay-gradient":""},"tablet":{"background-color":"var(--ast-global-color-5)","background-image":"","background-repeat":"repeat","background-position":"center center","background-size":"auto","background-attachment":"scroll","background-type":"","background-media":"","overlay-type":"","overlay-color":"","overlay-opacity":"","overlay-gradient":""},"mobile":{"background-color":"var(--ast-global-color-5)","background-image":"","background-repeat":"repeat","background-position":"center center","background-size":"auto","background-attachment":"scroll","background-type":"","background-media":"","overlay-type":"","overlay-color":"","overlay-opacity":"","overlay-gradient":""}},"footnotes":""},"categories":[1,3,8,9,4],"tags":[],"class_list":["post-10159","post","type-post","status-publish","format-standard","has-post-thumbnail","hentry","category-general","category-p3","category-p4","category-p5","category-portada"],"post_mailing_queue_ids":[],"_links":{"self":[{"href":"https:\/\/agora.xtec.cat\/ceipmontserrat-castellvi\/wp-json\/wp\/v2\/posts\/10159","targetHints":{"allow":["GET"]}}],"collection":[{"href":"https:\/\/agora.xtec.cat\/ceipmontserrat-castellvi\/wp-json\/wp\/v2\/posts"}],"about":[{"href":"https:\/\/agora.xtec.cat\/ceipmontserrat-castellvi\/wp-json\/wp\/v2\/types\/post"}],"author":[{"embeddable":true,"href":"https:\/\/agora.xtec.cat\/ceipmontserrat-castellvi\/wp-json\/wp\/v2\/users\/1"}],"replies":[{"embeddable":true,"href":"https:\/\/agora.xtec.cat\/ceipmontserrat-castellvi\/wp-json\/wp\/v2\/comments?post=10159"}],"version-history":[{"count":2,"href":"https:\/\/agora.xtec.cat\/ceipmontserrat-castellvi\/wp-json\/wp\/v2\/posts\/10159\/revisions"}],"predecessor-version":[{"id":10166,"href":"https:\/\/agora.xtec.cat\/ceipmontserrat-castellvi\/wp-json\/wp\/v2\/posts\/10159\/revisions\/10166"}],"wp:featuredmedia":[{"embeddable":true,"href":"https:\/\/agora.xtec.cat\/ceipmontserrat-castellvi\/wp-json\/wp\/v2\/media\/10160"}],"wp:attachment":[{"href":"https:\/\/agora.xtec.cat\/ceipmontserrat-castellvi\/wp-json\/wp\/v2\/media?parent=10159"}],"wp:term":[{"taxonomy":"category","embeddable":true,"href":"https:\/\/agora.xtec.cat\/ceipmontserrat-castellvi\/wp-json\/wp\/v2\/categories?post=10159"},{"taxonomy":"post_tag","embeddable":true,"href":"https:\/\/agora.xtec.cat\/ceipmontserrat-castellvi\/wp-json\/wp\/v2\/tags?post=10159"}],"curies":[{"name":"wp","href":"https:\/\/api.w.org\/{rel}","templated":true}]}}