{"id":4281,"date":"2023-11-06T16:07:22","date_gmt":"2023-11-06T15:07:22","guid":{"rendered":"https:\/\/agora.xtec.cat\/ceipmontserrat-castellbisbal\/?p=4281"},"modified":"2023-11-06T16:33:05","modified_gmt":"2023-11-06T15:33:05","slug":"eleccions-consell-escolar-2023","status":"publish","type":"post","link":"https:\/\/agora.xtec.cat\/ceipmontserrat-castellbisbal\/general\/eleccions-consell-escolar-2023\/","title":{"rendered":"Eleccions Consell Escolar 2023"},"content":{"rendered":"<p style=\"text-align: center;\"><span style=\"text-decoration: underline;\"><strong>RENOVACI\u00d3 PARCIAL DELS MEMBRES DEL CONSELL ESCOLAR CURS 2023-24<\/strong><\/span><\/p>\n<p style=\"text-align: left;\">A partir del 30 d\u2019octubre s\u2019inicia el per\u00edode de renovaci\u00f3 dels Consells Escolars. Els Consells es renoven per meitats cada dos anys i hi estan representats tots els sectors que conformen la comunitat educativa: mestres, pares i mares, personal no docent i ajuntament.<br \/>\nAquest curs es renoven 3 membres del sector pares i mares.<br \/>\nEl Consell escolar \u00e9s l\u2019\u00f2rgan de participaci\u00f3 de la comunitat educativa en el govern dels centres escolars. \u00c9s per aix\u00f2 que us volem animar per a que hi participeu presentant-vos. Aquelles persones que estiguin interessades a formar part del Consell Escolar cal que contacteu amb la direcci\u00f3.<br \/>\nL\u2019escola no funciona sola i cal l\u2019aportaci\u00f3 de tothom per tal de tirar-la endavant. Si podem oferir extraescolars, acollida, organitzar festes, reutilitzaci\u00f3 de llibres, venda de roba esportiva&#8230; \u00e9s gr\u00e0cies a la bona entesa entre els vostres representants i l\u2019equip de mestres.<br \/>\nAprofitem l\u2019ocasi\u00f3 per animar-vos a participar en les assemblees de l\u2019AFA.<br \/>\nQui pot votar:<br \/>\nPares i mares: tenen el dret de vot, per escollir els\/les representants dels pares, mares otutors\/es, tant el pare com la mare dels alumnes escolaritzats en el centre o, si escau, els seus tutors\/es legals<br \/>\nComposici\u00f3 del Consell Escolar de l\u2019Escola Mare de D\u00e9u de Montserrat de Castellbisbal<br \/>\n&#8211; Presidenta ( directora del centre)<br \/>\n&#8211; Secret\u00e0ria<br \/>\n&#8211; Cap d\u2019estudis<br \/>\n&#8211; 6 mestres<br \/>\n&#8211; 5 pares\/mares o tutors legals d\u2019alumnes<br \/>\n&#8211; 1 representant de l\u2019ajuntament<br \/>\n&#8211; 1 representant del PAS (personal d\u2019administraci\u00f3 i serveis)<br \/>\n&#8211; 1 representat de EEE<br \/>\n&#8211; 1 representant de l&#8217;AFA<\/p>\n<p><strong>COM POTS PARTICIPAR-HI?<\/strong><\/p>\n<p style=\"text-align: left;\">&#8211; Consulta el cens electoral exposat a l\u2019escola (del 3 al 10 de novembre).<br \/>\n&#8211; Presenta la teva candidatura (del 4 al 15 de novembre). Els impresos s\u00f3n a la secretaria de l\u2019escola.<br \/>\n&#8211; Vine a votar el dia 21 de novembre. Mat\u00ed (8:45-9:30)<br \/>\nMigdia (12:15-12:45h)<br \/>\nTarda (16:15-16:45h)<br \/>\n&#8211; Cada elector podr\u00e0 votar un nombre m\u00e0xim de 2 representants en el sector pares\/mares.<br \/>\n&#8211; Finalitzades les votacions, en sessi\u00f3 p\u00fablica, es faran els escrutinis dels vots emesos i, posteriorment, es proclamaran els candidats electes de cada sector.<br \/>\n&#8211; Les meses electorals respectives resoldran qualsevol dubte i les reclamacions que puguin presentar-se.<br \/>\n&#8211; Poden votar tots els pares i mares, tutors i tutores dels alumnes matriculats al centre. Per poder votar s\u2019ha de presentar el DNI, passaport, perm\u00eds de conduir o targeta de resid\u00e8ncia.<br \/>\nTOTA LA INFORMACI\u00d3 SOBRE LES ELECCIONS, CENS INCL\u00d2S, S\u2019EXPOSAR\u00c0 AL TAULER D\u2019ANUNCIS<\/p>\n<p><img loading=\"lazy\" decoding=\"async\" class=\"alignleft size-full wp-image-4282\" src=\"https:\/\/agora.xtec.cat\/ceipmontserrat-castellbisbal\/wp-content\/uploads\/usu270\/2023\/11\/IMG_7112.jpeg\" alt=\"\" width=\"1105\" height=\"1273\" srcset=\"https:\/\/agora.xtec.cat\/ceipmontserrat-castellbisbal\/wp-content\/uploads\/usu270\/2023\/11\/IMG_7112.jpeg 1105w, https:\/\/agora.xtec.cat\/ceipmontserrat-castellbisbal\/wp-content\/uploads\/usu270\/2023\/11\/IMG_7112-260x300.jpeg 260w, https:\/\/agora.xtec.cat\/ceipmontserrat-castellbisbal\/wp-content\/uploads\/usu270\/2023\/11\/IMG_7112-889x1024.jpeg 889w, https:\/\/agora.xtec.cat\/ceipmontserrat-castellbisbal\/wp-content\/uploads\/usu270\/2023\/11\/IMG_7112-768x885.jpeg 768w\" sizes=\"auto, (max-width: 1105px) 100vw, 1105px\" \/><\/p>\n<p>&nbsp;<\/p>\n<p>&nbsp;<\/p>\n<p>&nbsp;<\/p>\n","protected":false},"excerpt":{"rendered":"<p>RENOVACI\u00d3 PARCIAL DELS MEMBRES DEL CONSELL ESCOLAR CURS 2023-24 A partir del 30 d\u2019octubre s\u2019inicia el per\u00edode de renovaci\u00f3 dels Consells Escolars. Els Consells es renoven per meitats cada dos anys i hi estan representats tots els sectors que conformen la comunitat educativa: mestres, pares i mares, personal no docent i ajuntament. Aquest curs es [&hellip;]<\/p>\n","protected":false},"author":1,"featured_media":4286,"comment_status":"open","ping_status":"closed","sticky":false,"template":"","format":"standard","meta":{"_bbp_topic_count":0,"_bbp_reply_count":0,"_bbp_total_topic_count":0,"_bbp_total_reply_count":0,"_bbp_voice_count":0,"_bbp_anonymous_reply_count":0,"_bbp_topic_count_hidden":0,"_bbp_reply_count_hidden":0,"_bbp_forum_subforum_count":0,"site-sidebar-layout":"default","site-content-layout":"","ast-site-content-layout":"","site-content-style":"default","site-sidebar-style":"default","ast-global-header-display":"","ast-banner-title-visibility":"","ast-main-header-display":"","ast-hfb-above-header-display":"","ast-hfb-below-header-display":"","ast-hfb-mobile-header-display":"","site-post-title":"","ast-breadcrumbs-content":"","ast-featured-img":"","footer-sml-layout":"","theme-transparent-header-meta":"","adv-header-id-meta":"","stick-header-meta":"","header-above-stick-meta":"","header-main-stick-meta":"","header-below-stick-meta":"","astra-migrate-meta-layouts":"default","ast-page-background-enabled":"default","ast-page-background-meta":{"desktop":{"background-color":"var(--ast-global-color-4)","background-image":"","background-repeat":"repeat","background-position":"center center","background-size":"auto","background-attachment":"scroll","background-type":"","background-media":"","overlay-type":"","overlay-color":"","overlay-opacity":"","overlay-gradient":""},"tablet":{"background-color":"","background-image":"","background-repeat":"repeat","background-position":"center center","background-size":"auto","background-attachment":"scroll","background-type":"","background-media":"","overlay-type":"","overlay-color":"","overlay-opacity":"","overlay-gradient":""},"mobile":{"background-color":"","background-image":"","background-repeat":"repeat","background-position":"center center","background-size":"auto","background-attachment":"scroll","background-type":"","background-media":"","overlay-type":"","overlay-color":"","overlay-opacity":"","overlay-gradient":""}},"ast-content-background-meta":{"desktop":{"background-color":"var(--ast-global-color-5)","background-image":"","background-repeat":"repeat","background-position":"center center","background-size":"auto","background-attachment":"scroll","background-type":"","background-media":"","overlay-type":"","overlay-color":"","overlay-opacity":"","overlay-gradient":""},"tablet":{"background-color":"var(--ast-global-color-5)","background-image":"","background-repeat":"repeat","background-position":"center center","background-size":"auto","background-attachment":"scroll","background-type":"","background-media":"","overlay-type":"","overlay-color":"","overlay-opacity":"","overlay-gradient":""},"mobile":{"background-color":"var(--ast-global-color-5)","background-image":"","background-repeat":"repeat","background-position":"center center","background-size":"auto","background-attachment":"scroll","background-type":"","background-media":"","overlay-type":"","overlay-color":"","overlay-opacity":"","overlay-gradient":""}},"footnotes":""},"categories":[1,4],"tags":[],"class_list":["post-4281","post","type-post","status-publish","format-standard","has-post-thumbnail","hentry","category-general","category-portada"],"post_mailing_queue_ids":[],"_links":{"self":[{"href":"https:\/\/agora.xtec.cat\/ceipmontserrat-castellbisbal\/wp-json\/wp\/v2\/posts\/4281","targetHints":{"allow":["GET"]}}],"collection":[{"href":"https:\/\/agora.xtec.cat\/ceipmontserrat-castellbisbal\/wp-json\/wp\/v2\/posts"}],"about":[{"href":"https:\/\/agora.xtec.cat\/ceipmontserrat-castellbisbal\/wp-json\/wp\/v2\/types\/post"}],"author":[{"embeddable":true,"href":"https:\/\/agora.xtec.cat\/ceipmontserrat-castellbisbal\/wp-json\/wp\/v2\/users\/1"}],"replies":[{"embeddable":true,"href":"https:\/\/agora.xtec.cat\/ceipmontserrat-castellbisbal\/wp-json\/wp\/v2\/comments?post=4281"}],"version-history":[{"count":3,"href":"https:\/\/agora.xtec.cat\/ceipmontserrat-castellbisbal\/wp-json\/wp\/v2\/posts\/4281\/revisions"}],"predecessor-version":[{"id":4285,"href":"https:\/\/agora.xtec.cat\/ceipmontserrat-castellbisbal\/wp-json\/wp\/v2\/posts\/4281\/revisions\/4285"}],"wp:featuredmedia":[{"embeddable":true,"href":"https:\/\/agora.xtec.cat\/ceipmontserrat-castellbisbal\/wp-json\/wp\/v2\/media\/4286"}],"wp:attachment":[{"href":"https:\/\/agora.xtec.cat\/ceipmontserrat-castellbisbal\/wp-json\/wp\/v2\/media?parent=4281"}],"wp:term":[{"taxonomy":"category","embeddable":true,"href":"https:\/\/agora.xtec.cat\/ceipmontserrat-castellbisbal\/wp-json\/wp\/v2\/categories?post=4281"},{"taxonomy":"post_tag","embeddable":true,"href":"https:\/\/agora.xtec.cat\/ceipmontserrat-castellbisbal\/wp-json\/wp\/v2\/tags?post=4281"}],"curies":[{"name":"wp","href":"https:\/\/api.w.org\/{rel}","templated":true}]}}