{"id":4012,"date":"2023-01-23T09:38:36","date_gmt":"2023-01-23T08:38:36","guid":{"rendered":"https:\/\/agora.xtec.cat\/ceipmontserrat-castellbisbal\/?p=4012"},"modified":"2023-03-03T12:26:37","modified_gmt":"2023-03-03T11:26:37","slug":"preinscripcio-2023-2024","status":"publish","type":"post","link":"https:\/\/agora.xtec.cat\/ceipmontserrat-castellbisbal\/general\/preinscripcio-2023-2024\/","title":{"rendered":"Preinscripci\u00f3 2023\/2024"},"content":{"rendered":"<p><img loading=\"lazy\" decoding=\"async\" class=\"size-full wp-image-4018\" src=\"https:\/\/agora.xtec.cat\/ceipmontserrat-castellbisbal\/wp-content\/uploads\/usu270\/2023\/01\/Preinscripcio-2023-24-2.png\" alt=\"\" width=\"936\" height=\"272\" \/><\/p>\n<div class=\"text_bloc\">\n<p>La\u00a0<a href=\"http:\/\/educacio.gencat.cat\/ca\/tramits\/tramits-temes\/20483-obligatoris?moda=1\">sol\u00b7licitud de preinscripci\u00f3 d&#8217;educaci\u00f3 infantil (3-6 anys)<\/a>, l&#8217;has de presentar\u00a0<strong>del 6 al 20 de mar\u00e7 de 2023<\/strong> i has d&#8217;adjuntar la documentaci\u00f3 d&#8217;identificaci\u00f3 o de criteris que correspongui. La documentaci\u00f3 que no hagis pogut adjuntar durant el per\u00edode de presentaci\u00f3 de sol\u00b7licituds, la pots afegir\u00a0<strong>del 21 al<\/strong><strong>\u00a0<\/strong><strong>22 de mar<\/strong><strong>\u00e7<\/strong><strong> de 2023<\/strong>.<\/p>\n<p>Si no l&#8217;has pogut presentar en les dates indicades, pots fer el tr\u00e0mit a partir del 27 de mar\u00e7 i fins el 27 d&#8217;abril de 2023. En aquest cas seran\u00a0<strong>sol\u00b7licituds fora de termini<\/strong>\u00a0i s&#8217;assignaran posteriorment a les presentades en termini.<\/p>\n<p><a href=\"https:\/\/agora.xtec.cat\/ceipmontserrat-castellbisbal\/wp-content\/uploads\/usu270\/2023\/03\/OFERTA-23-24.pdf\">OFERTA DE PLACES<\/a><\/p>\n<p><a href=\"https:\/\/agora.xtec.cat\/ceipmontserrat-castellbisbal\/wp-content\/uploads\/usu270\/2023\/03\/Criteris-de-puntuaciopdf.pdf\">CRITERIS DE PUNTUACI\u00d3<\/a><\/p>\n<p>Si et cal m\u00e9s informaci\u00f3 et deixem l&#8217;enlla\u00e7 al web del Departament d&#8217;Ensenyament de la Generalitat de Catalunya<\/p>\n<p><a href=\"https:\/\/preinscripcio.gencat.cat\/ca\/detalls\/noticia\/dates-preinscripcio-2023-2024\">https:\/\/preinscripcio.gencat.cat\/ca\/detalls\/noticia\/dates-preinscripcio-2023-2024<\/a><\/p>\n<\/div>\n","protected":false},"excerpt":{"rendered":"<p>Ja s\u2019han publicat les dates de la preinscripci\u00f3 del curs vinent, que ser\u00e0 del 6 al 20 de mar\u00e7.<\/p>\n","protected":false},"author":1,"featured_media":4079,"comment_status":"open","ping_status":"closed","sticky":false,"template":"","format":"standard","meta":{"_bbp_topic_count":0,"_bbp_reply_count":0,"_bbp_total_topic_count":0,"_bbp_total_reply_count":0,"_bbp_voice_count":0,"_bbp_anonymous_reply_count":0,"_bbp_topic_count_hidden":0,"_bbp_reply_count_hidden":0,"_bbp_forum_subforum_count":0,"site-sidebar-layout":"default","site-content-layout":"","ast-site-content-layout":"","site-content-style":"default","site-sidebar-style":"default","ast-global-header-display":"","ast-banner-title-visibility":"","ast-main-header-display":"","ast-hfb-above-header-display":"","ast-hfb-below-header-display":"","ast-hfb-mobile-header-display":"","site-post-title":"","ast-breadcrumbs-content":"","ast-featured-img":"","footer-sml-layout":"","theme-transparent-header-meta":"","adv-header-id-meta":"","stick-header-meta":"","header-above-stick-meta":"","header-main-stick-meta":"","header-below-stick-meta":"","astra-migrate-meta-layouts":"default","ast-page-background-enabled":"default","ast-page-background-meta":{"desktop":{"background-color":"var(--ast-global-color-4)","background-image":"","background-repeat":"repeat","background-position":"center center","background-size":"auto","background-attachment":"scroll","background-type":"","background-media":"","overlay-type":"","overlay-color":"","overlay-opacity":"","overlay-gradient":""},"tablet":{"background-color":"","background-image":"","background-repeat":"repeat","background-position":"center center","background-size":"auto","background-attachment":"scroll","background-type":"","background-media":"","overlay-type":"","overlay-color":"","overlay-opacity":"","overlay-gradient":""},"mobile":{"background-color":"","background-image":"","background-repeat":"repeat","background-position":"center center","background-size":"auto","background-attachment":"scroll","background-type":"","background-media":"","overlay-type":"","overlay-color":"","overlay-opacity":"","overlay-gradient":""}},"ast-content-background-meta":{"desktop":{"background-color":"var(--ast-global-color-5)","background-image":"","background-repeat":"repeat","background-position":"center center","background-size":"auto","background-attachment":"scroll","background-type":"","background-media":"","overlay-type":"","overlay-color":"","overlay-opacity":"","overlay-gradient":""},"tablet":{"background-color":"var(--ast-global-color-5)","background-image":"","background-repeat":"repeat","background-position":"center center","background-size":"auto","background-attachment":"scroll","background-type":"","background-media":"","overlay-type":"","overlay-color":"","overlay-opacity":"","overlay-gradient":""},"mobile":{"background-color":"var(--ast-global-color-5)","background-image":"","background-repeat":"repeat","background-position":"center center","background-size":"auto","background-attachment":"scroll","background-type":"","background-media":"","overlay-type":"","overlay-color":"","overlay-opacity":"","overlay-gradient":""}},"footnotes":""},"categories":[1,4],"tags":[],"class_list":["post-4012","post","type-post","status-publish","format-standard","has-post-thumbnail","hentry","category-general","category-portada"],"post_mailing_queue_ids":[],"_links":{"self":[{"href":"https:\/\/agora.xtec.cat\/ceipmontserrat-castellbisbal\/wp-json\/wp\/v2\/posts\/4012","targetHints":{"allow":["GET"]}}],"collection":[{"href":"https:\/\/agora.xtec.cat\/ceipmontserrat-castellbisbal\/wp-json\/wp\/v2\/posts"}],"about":[{"href":"https:\/\/agora.xtec.cat\/ceipmontserrat-castellbisbal\/wp-json\/wp\/v2\/types\/post"}],"author":[{"embeddable":true,"href":"https:\/\/agora.xtec.cat\/ceipmontserrat-castellbisbal\/wp-json\/wp\/v2\/users\/1"}],"replies":[{"embeddable":true,"href":"https:\/\/agora.xtec.cat\/ceipmontserrat-castellbisbal\/wp-json\/wp\/v2\/comments?post=4012"}],"version-history":[{"count":3,"href":"https:\/\/agora.xtec.cat\/ceipmontserrat-castellbisbal\/wp-json\/wp\/v2\/posts\/4012\/revisions"}],"predecessor-version":[{"id":4081,"href":"https:\/\/agora.xtec.cat\/ceipmontserrat-castellbisbal\/wp-json\/wp\/v2\/posts\/4012\/revisions\/4081"}],"wp:featuredmedia":[{"embeddable":true,"href":"https:\/\/agora.xtec.cat\/ceipmontserrat-castellbisbal\/wp-json\/wp\/v2\/media\/4079"}],"wp:attachment":[{"href":"https:\/\/agora.xtec.cat\/ceipmontserrat-castellbisbal\/wp-json\/wp\/v2\/media?parent=4012"}],"wp:term":[{"taxonomy":"category","embeddable":true,"href":"https:\/\/agora.xtec.cat\/ceipmontserrat-castellbisbal\/wp-json\/wp\/v2\/categories?post=4012"},{"taxonomy":"post_tag","embeddable":true,"href":"https:\/\/agora.xtec.cat\/ceipmontserrat-castellbisbal\/wp-json\/wp\/v2\/tags?post=4012"}],"curies":[{"name":"wp","href":"https:\/\/api.w.org\/{rel}","templated":true}]}}