{"id":3672,"date":"2022-02-07T11:26:04","date_gmt":"2022-02-07T10:26:04","guid":{"rendered":"https:\/\/agora.xtec.cat\/ceipmontserrat-castellbisbal\/?p=3672"},"modified":"2022-02-07T13:01:29","modified_gmt":"2022-02-07T12:01:29","slug":"informacio-per-fer-la-preinscripcio-del-curs-22-23","status":"publish","type":"post","link":"https:\/\/agora.xtec.cat\/ceipmontserrat-castellbisbal\/general\/informacio-per-fer-la-preinscripcio-del-curs-22-23\/","title":{"rendered":"Informaci\u00f3 per fer la preinscripci\u00f3 del curs 22-23"},"content":{"rendered":"<h4>PREINSCRIPCI\u00d3 Educaci\u00f3 Infantil de segon cicle i Educaci\u00f3 Prim\u00e0ria <strong>del 7 al 21 de mar\u00e7 de 2022.<\/strong><\/h4>\n<p>Cliqueu a sobre de la imatge per accedir a l&#8217;enlla\u00e7.<\/p>\n<p><a href=\"https:\/\/preinscripcio.gencat.cat\/ca\/inici\"><img loading=\"lazy\" decoding=\"async\" class=\"alignleft size-full wp-image-3677\" src=\"https:\/\/agora.xtec.cat\/ceipmontserrat-castellbisbal\/wp-content\/uploads\/usu270\/2022\/02\/Copia-de-Cartell-portes-obertes-22-23-1.jpg\" alt=\"\" width=\"1920\" height=\"1080\" srcset=\"https:\/\/agora.xtec.cat\/ceipmontserrat-castellbisbal\/wp-content\/uploads\/usu270\/2022\/02\/Copia-de-Cartell-portes-obertes-22-23-1.jpg 1920w, https:\/\/agora.xtec.cat\/ceipmontserrat-castellbisbal\/wp-content\/uploads\/usu270\/2022\/02\/Copia-de-Cartell-portes-obertes-22-23-1-300x169.jpg 300w, https:\/\/agora.xtec.cat\/ceipmontserrat-castellbisbal\/wp-content\/uploads\/usu270\/2022\/02\/Copia-de-Cartell-portes-obertes-22-23-1-1024x576.jpg 1024w, https:\/\/agora.xtec.cat\/ceipmontserrat-castellbisbal\/wp-content\/uploads\/usu270\/2022\/02\/Copia-de-Cartell-portes-obertes-22-23-1-768x432.jpg 768w, https:\/\/agora.xtec.cat\/ceipmontserrat-castellbisbal\/wp-content\/uploads\/usu270\/2022\/02\/Copia-de-Cartell-portes-obertes-22-23-1-1536x864.jpg 1536w\" sizes=\"auto, (max-width: 1920px) 100vw, 1920px\" \/><\/a><\/p>\n","protected":false},"excerpt":{"rendered":"<p>PREINSCRIPCI\u00d3 Educaci\u00f3 Infantil de segon cicle i Educaci\u00f3 Prim\u00e0ria del 7 al 21 de mar\u00e7 de 2022. Cliqueu a sobre de la imatge per accedir a l&#8217;enlla\u00e7.<\/p>\n","protected":false},"author":1,"featured_media":3677,"comment_status":"open","ping_status":"closed","sticky":false,"template":"","format":"standard","meta":{"_bbp_topic_count":0,"_bbp_reply_count":0,"_bbp_total_topic_count":0,"_bbp_total_reply_count":0,"_bbp_voice_count":0,"_bbp_anonymous_reply_count":0,"_bbp_topic_count_hidden":0,"_bbp_reply_count_hidden":0,"_bbp_forum_subforum_count":0,"site-sidebar-layout":"default","site-content-layout":"","ast-site-content-layout":"","site-content-style":"default","site-sidebar-style":"default","ast-global-header-display":"","ast-banner-title-visibility":"","ast-main-header-display":"","ast-hfb-above-header-display":"","ast-hfb-below-header-display":"","ast-hfb-mobile-header-display":"","site-post-title":"","ast-breadcrumbs-content":"","ast-featured-img":"","footer-sml-layout":"","theme-transparent-header-meta":"","adv-header-id-meta":"","stick-header-meta":"","header-above-stick-meta":"","header-main-stick-meta":"","header-below-stick-meta":"","astra-migrate-meta-layouts":"default","ast-page-background-enabled":"default","ast-page-background-meta":{"desktop":{"background-color":"var(--ast-global-color-4)","background-image":"","background-repeat":"repeat","background-position":"center center","background-size":"auto","background-attachment":"scroll","background-type":"","background-media":"","overlay-type":"","overlay-color":"","overlay-opacity":"","overlay-gradient":""},"tablet":{"background-color":"","background-image":"","background-repeat":"repeat","background-position":"center center","background-size":"auto","background-attachment":"scroll","background-type":"","background-media":"","overlay-type":"","overlay-color":"","overlay-opacity":"","overlay-gradient":""},"mobile":{"background-color":"","background-image":"","background-repeat":"repeat","background-position":"center center","background-size":"auto","background-attachment":"scroll","background-type":"","background-media":"","overlay-type":"","overlay-color":"","overlay-opacity":"","overlay-gradient":""}},"ast-content-background-meta":{"desktop":{"background-color":"var(--ast-global-color-5)","background-image":"","background-repeat":"repeat","background-position":"center center","background-size":"auto","background-attachment":"scroll","background-type":"","background-media":"","overlay-type":"","overlay-color":"","overlay-opacity":"","overlay-gradient":""},"tablet":{"background-color":"var(--ast-global-color-5)","background-image":"","background-repeat":"repeat","background-position":"center center","background-size":"auto","background-attachment":"scroll","background-type":"","background-media":"","overlay-type":"","overlay-color":"","overlay-opacity":"","overlay-gradient":""},"mobile":{"background-color":"var(--ast-global-color-5)","background-image":"","background-repeat":"repeat","background-position":"center center","background-size":"auto","background-attachment":"scroll","background-type":"","background-media":"","overlay-type":"","overlay-color":"","overlay-opacity":"","overlay-gradient":""}},"footnotes":""},"categories":[1,4],"tags":[],"class_list":["post-3672","post","type-post","status-publish","format-standard","has-post-thumbnail","hentry","category-general","category-portada"],"post_mailing_queue_ids":[],"_links":{"self":[{"href":"https:\/\/agora.xtec.cat\/ceipmontserrat-castellbisbal\/wp-json\/wp\/v2\/posts\/3672","targetHints":{"allow":["GET"]}}],"collection":[{"href":"https:\/\/agora.xtec.cat\/ceipmontserrat-castellbisbal\/wp-json\/wp\/v2\/posts"}],"about":[{"href":"https:\/\/agora.xtec.cat\/ceipmontserrat-castellbisbal\/wp-json\/wp\/v2\/types\/post"}],"author":[{"embeddable":true,"href":"https:\/\/agora.xtec.cat\/ceipmontserrat-castellbisbal\/wp-json\/wp\/v2\/users\/1"}],"replies":[{"embeddable":true,"href":"https:\/\/agora.xtec.cat\/ceipmontserrat-castellbisbal\/wp-json\/wp\/v2\/comments?post=3672"}],"version-history":[{"count":3,"href":"https:\/\/agora.xtec.cat\/ceipmontserrat-castellbisbal\/wp-json\/wp\/v2\/posts\/3672\/revisions"}],"predecessor-version":[{"id":3689,"href":"https:\/\/agora.xtec.cat\/ceipmontserrat-castellbisbal\/wp-json\/wp\/v2\/posts\/3672\/revisions\/3689"}],"wp:featuredmedia":[{"embeddable":true,"href":"https:\/\/agora.xtec.cat\/ceipmontserrat-castellbisbal\/wp-json\/wp\/v2\/media\/3677"}],"wp:attachment":[{"href":"https:\/\/agora.xtec.cat\/ceipmontserrat-castellbisbal\/wp-json\/wp\/v2\/media?parent=3672"}],"wp:term":[{"taxonomy":"category","embeddable":true,"href":"https:\/\/agora.xtec.cat\/ceipmontserrat-castellbisbal\/wp-json\/wp\/v2\/categories?post=3672"},{"taxonomy":"post_tag","embeddable":true,"href":"https:\/\/agora.xtec.cat\/ceipmontserrat-castellbisbal\/wp-json\/wp\/v2\/tags?post=3672"}],"curies":[{"name":"wp","href":"https:\/\/api.w.org\/{rel}","templated":true}]}}