{"id":3650,"date":"2022-01-14T11:45:27","date_gmt":"2022-01-14T10:45:27","guid":{"rendered":"https:\/\/agora.xtec.cat\/ceipmontserrat-castellbisbal\/?p=3650"},"modified":"2022-01-14T11:47:00","modified_gmt":"2022-01-14T10:47:00","slug":"informacio-sanitaria-%f0%9f%98%b7","status":"publish","type":"post","link":"https:\/\/agora.xtec.cat\/ceipmontserrat-castellbisbal\/general\/informacio-sanitaria-%f0%9f%98%b7\/","title":{"rendered":"INFORMACI\u00d3 SANIT\u00c0RIA \ud83d\ude37"},"content":{"rendered":"<p><a href=\"https:\/\/agora.xtec.cat\/ceipmontserrat-castellbisbal\/wp-content\/uploads\/usu270\/2022\/01\/comunicacio-positiu-test-antigens.pdf\">Qu\u00e8 has de fer si dones positiu en un test d&#8217;ant\u00edgens?<\/a><\/p>\n<p><a href=\"https:\/\/agora.xtec.cat\/ceipmontserrat-castellbisbal\/wp-content\/uploads\/usu270\/2022\/01\/gestio-quarantenes-tar-entorn-escolar.pdf\">Gesti\u00f3 de quarantenes i test antig\u00e8nic r\u00e0pid (TAR) en l&#8217;entorn escolar<\/a><\/p>\n<p><a href=\"https:\/\/agora.xtec.cat\/ceipmontserrat-castellbisbal\/wp-content\/uploads\/usu270\/2022\/01\/Instruccions-gestio-casos-centres-educatius.pdf\">Gesti\u00f3 de casos de covid-19 als centres educatius<\/a><\/p>\n<p><a href=\"https:\/\/agora.xtec.cat\/ceipmontserrat-castellbisbal\/wp-content\/uploads\/usu270\/2022\/01\/Normativa_-acces-centres-educatius-.pdf\">Requisits d&#8217;acc\u00e9s als centres educatius<\/a><\/p>\n<p><img loading=\"lazy\" decoding=\"async\" class=\"wp-image-3651 aligncenter\" src=\"https:\/\/agora.xtec.cat\/ceipmontserrat-castellbisbal\/wp-content\/uploads\/usu270\/2022\/01\/file-20200929-16-1jro0uj.jpg\" alt=\"\" width=\"262\" height=\"157\" srcset=\"https:\/\/agora.xtec.cat\/ceipmontserrat-castellbisbal\/wp-content\/uploads\/usu270\/2022\/01\/file-20200929-16-1jro0uj.jpg 640w, https:\/\/agora.xtec.cat\/ceipmontserrat-castellbisbal\/wp-content\/uploads\/usu270\/2022\/01\/file-20200929-16-1jro0uj-300x180.jpg 300w\" sizes=\"auto, (max-width: 262px) 100vw, 262px\" \/><\/p>\n","protected":false},"excerpt":{"rendered":"<p>Qu\u00e8 has de fer si dones positiu en un test d&#8217;ant\u00edgens? Gesti\u00f3 de quarantenes i test antig\u00e8nic r\u00e0pid (TAR) en l&#8217;entorn escolar Gesti\u00f3 de casos de covid-19 als centres educatius Requisits d&#8217;acc\u00e9s als centres educatius<\/p>\n","protected":false},"author":1,"featured_media":3651,"comment_status":"open","ping_status":"closed","sticky":false,"template":"","format":"standard","meta":{"_bbp_topic_count":0,"_bbp_reply_count":0,"_bbp_total_topic_count":0,"_bbp_total_reply_count":0,"_bbp_voice_count":0,"_bbp_anonymous_reply_count":0,"_bbp_topic_count_hidden":0,"_bbp_reply_count_hidden":0,"_bbp_forum_subforum_count":0,"site-sidebar-layout":"default","site-content-layout":"","ast-site-content-layout":"","site-content-style":"default","site-sidebar-style":"default","ast-global-header-display":"","ast-banner-title-visibility":"","ast-main-header-display":"","ast-hfb-above-header-display":"","ast-hfb-below-header-display":"","ast-hfb-mobile-header-display":"","site-post-title":"","ast-breadcrumbs-content":"","ast-featured-img":"","footer-sml-layout":"","theme-transparent-header-meta":"","adv-header-id-meta":"","stick-header-meta":"","header-above-stick-meta":"","header-main-stick-meta":"","header-below-stick-meta":"","astra-migrate-meta-layouts":"default","ast-page-background-enabled":"default","ast-page-background-meta":{"desktop":{"background-color":"var(--ast-global-color-4)","background-image":"","background-repeat":"repeat","background-position":"center center","background-size":"auto","background-attachment":"scroll","background-type":"","background-media":"","overlay-type":"","overlay-color":"","overlay-opacity":"","overlay-gradient":""},"tablet":{"background-color":"","background-image":"","background-repeat":"repeat","background-position":"center center","background-size":"auto","background-attachment":"scroll","background-type":"","background-media":"","overlay-type":"","overlay-color":"","overlay-opacity":"","overlay-gradient":""},"mobile":{"background-color":"","background-image":"","background-repeat":"repeat","background-position":"center center","background-size":"auto","background-attachment":"scroll","background-type":"","background-media":"","overlay-type":"","overlay-color":"","overlay-opacity":"","overlay-gradient":""}},"ast-content-background-meta":{"desktop":{"background-color":"var(--ast-global-color-5)","background-image":"","background-repeat":"repeat","background-position":"center center","background-size":"auto","background-attachment":"scroll","background-type":"","background-media":"","overlay-type":"","overlay-color":"","overlay-opacity":"","overlay-gradient":""},"tablet":{"background-color":"var(--ast-global-color-5)","background-image":"","background-repeat":"repeat","background-position":"center center","background-size":"auto","background-attachment":"scroll","background-type":"","background-media":"","overlay-type":"","overlay-color":"","overlay-opacity":"","overlay-gradient":""},"mobile":{"background-color":"var(--ast-global-color-5)","background-image":"","background-repeat":"repeat","background-position":"center center","background-size":"auto","background-attachment":"scroll","background-type":"","background-media":"","overlay-type":"","overlay-color":"","overlay-opacity":"","overlay-gradient":""}},"footnotes":""},"categories":[1,4],"tags":[],"class_list":["post-3650","post","type-post","status-publish","format-standard","has-post-thumbnail","hentry","category-general","category-portada"],"post_mailing_queue_ids":[],"_links":{"self":[{"href":"https:\/\/agora.xtec.cat\/ceipmontserrat-castellbisbal\/wp-json\/wp\/v2\/posts\/3650","targetHints":{"allow":["GET"]}}],"collection":[{"href":"https:\/\/agora.xtec.cat\/ceipmontserrat-castellbisbal\/wp-json\/wp\/v2\/posts"}],"about":[{"href":"https:\/\/agora.xtec.cat\/ceipmontserrat-castellbisbal\/wp-json\/wp\/v2\/types\/post"}],"author":[{"embeddable":true,"href":"https:\/\/agora.xtec.cat\/ceipmontserrat-castellbisbal\/wp-json\/wp\/v2\/users\/1"}],"replies":[{"embeddable":true,"href":"https:\/\/agora.xtec.cat\/ceipmontserrat-castellbisbal\/wp-json\/wp\/v2\/comments?post=3650"}],"version-history":[{"count":3,"href":"https:\/\/agora.xtec.cat\/ceipmontserrat-castellbisbal\/wp-json\/wp\/v2\/posts\/3650\/revisions"}],"predecessor-version":[{"id":3661,"href":"https:\/\/agora.xtec.cat\/ceipmontserrat-castellbisbal\/wp-json\/wp\/v2\/posts\/3650\/revisions\/3661"}],"wp:featuredmedia":[{"embeddable":true,"href":"https:\/\/agora.xtec.cat\/ceipmontserrat-castellbisbal\/wp-json\/wp\/v2\/media\/3651"}],"wp:attachment":[{"href":"https:\/\/agora.xtec.cat\/ceipmontserrat-castellbisbal\/wp-json\/wp\/v2\/media?parent=3650"}],"wp:term":[{"taxonomy":"category","embeddable":true,"href":"https:\/\/agora.xtec.cat\/ceipmontserrat-castellbisbal\/wp-json\/wp\/v2\/categories?post=3650"},{"taxonomy":"post_tag","embeddable":true,"href":"https:\/\/agora.xtec.cat\/ceipmontserrat-castellbisbal\/wp-json\/wp\/v2\/tags?post=3650"}],"curies":[{"name":"wp","href":"https:\/\/api.w.org\/{rel}","templated":true}]}}