{"id":761,"date":"2020-01-30T10:42:57","date_gmt":"2020-01-30T09:42:57","guid":{"rendered":"https:\/\/agora.xtec.cat\/ceipmontsenysantjustdesvern\/?p=761"},"modified":"2020-01-30T10:44:48","modified_gmt":"2020-01-30T09:44:48","slug":"visita-al-cram","status":"publish","type":"post","link":"https:\/\/agora.xtec.cat\/ceipmontsenysantjustdesvern\/primaria\/1r\/visita-al-cram\/","title":{"rendered":"Visita al CRAM"},"content":{"rendered":"<p>Els nens i nenes de cilcle inicial hem anat a visitar el\u00a0<a href=\"https:\/\/cram.org\/\">CRAM.<\/a><\/p>\n<p>Hem fet uns tallers molt interessants sobre les tortugues i els dofins. Hem apr\u00e8s que hem de fer si ens trobem un animal mar\u00ed a la platja. El primer que hem de fer \u00e9s trucar al <strong>112<\/strong>.<\/p>\n<p>Molts d&#8217;aquests animals es posen malalts degut a que mengen pl\u00e0stics que troben pel mar. \u00c9s molt important que entre tots reduim el consum de pl\u00e0stics i en el cas de fer-ne servir, els llencem al contenidor groc.<\/p>\n<p>&nbsp;<\/p>\n<p>Entre tots podem fer un monsieur millor!<\/p>\n","protected":false},"excerpt":{"rendered":"<p>Els nens i nenes de cilcle inicial hem anat a visitar el\u00a0<a href=\"https:\/\/cram.org\/\">CRAM.<\/a><br \/>\nHem fet uns tallers molt interessants sobre les tortugues i els dofins. Hem apr\u00e8s que hem de fer si ens trobem un animal mar\u00ed a la platja. El primer que hem de fer&hellip;  <a href=\"https:\/\/agora.xtec.cat\/ceipmontsenysantjustdesvern\/primaria\/1r\/visita-al-cram\/\" title=\"Read Visita al CRAM\">Llegeix m\u00e9s\u00bb<\/a><\/p>\n","protected":false},"author":1,"featured_media":0,"comment_status":"open","ping_status":"closed","sticky":false,"template":"","format":"standard","meta":{"_bbp_topic_count":0,"_bbp_reply_count":0,"_bbp_total_topic_count":0,"_bbp_total_reply_count":0,"_bbp_voice_count":0,"_bbp_anonymous_reply_count":0,"_bbp_topic_count_hidden":0,"_bbp_reply_count_hidden":0,"_bbp_forum_subforum_count":0,"footnotes":""},"categories":[10,11],"tags":[16],"class_list":["post-761","post","type-post","status-publish","format-standard","hentry","category-1r","category-2n","tag-sortides"],"post_mailing_queue_ids":[],"_links":{"self":[{"href":"https:\/\/agora.xtec.cat\/ceipmontsenysantjustdesvern\/wp-json\/wp\/v2\/posts\/761","targetHints":{"allow":["GET"]}}],"collection":[{"href":"https:\/\/agora.xtec.cat\/ceipmontsenysantjustdesvern\/wp-json\/wp\/v2\/posts"}],"about":[{"href":"https:\/\/agora.xtec.cat\/ceipmontsenysantjustdesvern\/wp-json\/wp\/v2\/types\/post"}],"author":[{"embeddable":true,"href":"https:\/\/agora.xtec.cat\/ceipmontsenysantjustdesvern\/wp-json\/wp\/v2\/users\/1"}],"replies":[{"embeddable":true,"href":"https:\/\/agora.xtec.cat\/ceipmontsenysantjustdesvern\/wp-json\/wp\/v2\/comments?post=761"}],"version-history":[{"count":1,"href":"https:\/\/agora.xtec.cat\/ceipmontsenysantjustdesvern\/wp-json\/wp\/v2\/posts\/761\/revisions"}],"predecessor-version":[{"id":762,"href":"https:\/\/agora.xtec.cat\/ceipmontsenysantjustdesvern\/wp-json\/wp\/v2\/posts\/761\/revisions\/762"}],"wp:attachment":[{"href":"https:\/\/agora.xtec.cat\/ceipmontsenysantjustdesvern\/wp-json\/wp\/v2\/media?parent=761"}],"wp:term":[{"taxonomy":"category","embeddable":true,"href":"https:\/\/agora.xtec.cat\/ceipmontsenysantjustdesvern\/wp-json\/wp\/v2\/categories?post=761"},{"taxonomy":"post_tag","embeddable":true,"href":"https:\/\/agora.xtec.cat\/ceipmontsenysantjustdesvern\/wp-json\/wp\/v2\/tags?post=761"}],"curies":[{"name":"wp","href":"https:\/\/api.w.org\/{rel}","templated":true}]}}