{"id":2093,"date":"2022-02-27T20:13:12","date_gmt":"2022-02-27T19:13:12","guid":{"rendered":"https:\/\/agora.xtec.cat\/ceipmontsenysantjustdesvern\/?p=2093"},"modified":"2022-02-27T20:18:09","modified_gmt":"2022-02-27T19:18:09","slug":"sortida-a-laquarium-taller-la-petjada-dels-pinguins","status":"publish","type":"post","link":"https:\/\/agora.xtec.cat\/ceipmontsenysantjustdesvern\/general\/sortida-a-laquarium-taller-la-petjada-dels-pinguins\/","title":{"rendered":"Sortida a l&#8217;Aqu\u00e0rium. Taller &#8220;La petjada dels ping\u00fcins&#8221;"},"content":{"rendered":"<p style=\"text-align: left;\">Els nens i nenes d&#8217;Educaci\u00f3 Infantil estem molt engrescats amb el projecte de l&#8217;\u00c0rtic i l&#8217;Ant\u00e0rtic.<br \/>\nEls Eri\u00e7ons, els Esquirols, les Llebres i els Mussols vam anar a l&#8217;Aqu\u00e0rium per poder veure de ben a prop els ping\u00fcins. Vam aprendre moltes coses d&#8217;aquestes aus tan divertides tot fent d&#8217;investigadors i d&#8217;investigadores en el taller &#8220;La petjada dels ping\u00fcins&#8221;.<br \/>\nHem apr\u00e8s que hi ha 18 esp\u00e8cies de ping\u00fcins i que totes viuen en col\u00f2nies al Pol Sud. Hem descobert com \u00e9s el seu h\u00e0bitat, qu\u00e8 mengen i les seves caracter\u00edstiques. Tamb\u00e9 vam observar com neden i com caminen!<br \/>\nA m\u00e9s a m\u00e9s, vam tenir l&#8217;oportunitat de visitar lliurement l&#8217;Aqu\u00e0rium i veure altres animals que viuen al mar: peixos de colors, taurons, pops&#8230; Ens ho vam passar molt b\u00e9!!<\/p>\n<p>Si cliqueu en aquesta fotografia podreu veure les altres:<\/p>\n<p><a href=\"https:\/\/photos.app.goo.gl\/KSB2HzRXrNkBmMQT8\"><img loading=\"lazy\" decoding=\"async\" class=\"alignnone size-full wp-image-2094\" src=\"https:\/\/agora.xtec.cat\/ceipmontsenysantjustdesvern\/wp-content\/uploads\/usu848\/2022\/02\/portada.jpg\" alt=\"\" width=\"600\" height=\"450\" srcset=\"https:\/\/agora.xtec.cat\/ceipmontsenysantjustdesvern\/wp-content\/uploads\/usu848\/2022\/02\/portada.jpg 600w, https:\/\/agora.xtec.cat\/ceipmontsenysantjustdesvern\/wp-content\/uploads\/usu848\/2022\/02\/portada-300x225.jpg 300w, https:\/\/agora.xtec.cat\/ceipmontsenysantjustdesvern\/wp-content\/uploads\/usu848\/2022\/02\/portada-200x150.jpg 200w\" sizes=\"auto, (max-width: 600px) 100vw, 600px\" \/><\/a><\/p>\n<p>&nbsp;<\/p>\n","protected":false},"excerpt":{"rendered":"<p>Els nens i nenes d&#8217;Educaci\u00f3 Infantil estem molt engrescats amb el projecte de l&#8217;\u00c0rtic i l&#8217;Ant\u00e0rtic.<br \/>\nEls Eri\u00e7ons, els Esquirols, les Llebres i els Mussols vam anar a l&#8217;Aqu\u00e0rium per poder veure de ben a prop els ping\u00fcins. Vam aprendre moltes coses d&#8217;aquestes aus tan divertides&hellip;  <a href=\"https:\/\/agora.xtec.cat\/ceipmontsenysantjustdesvern\/general\/sortida-a-laquarium-taller-la-petjada-dels-pinguins\/\" title=\"Read Sortida a l&#8217;Aqu\u00e0rium. Taller &#8220;La petjada dels ping\u00fcins&#8221;\">Llegeix m\u00e9s\u00bb<\/a><\/p>\n","protected":false},"author":7,"featured_media":0,"comment_status":"open","ping_status":"closed","sticky":false,"template":"","format":"standard","meta":{"_bbp_topic_count":0,"_bbp_reply_count":0,"_bbp_total_topic_count":0,"_bbp_total_reply_count":0,"_bbp_voice_count":0,"_bbp_anonymous_reply_count":0,"_bbp_topic_count_hidden":0,"_bbp_reply_count_hidden":0,"_bbp_forum_subforum_count":0,"footnotes":""},"categories":[1,2,3,8,9,4],"tags":[],"class_list":["post-2093","post","type-post","status-publish","format-standard","hentry","category-general","category-infantil","category-p3","category-p4","category-p5","category-portada"],"post_mailing_queue_ids":[],"_links":{"self":[{"href":"https:\/\/agora.xtec.cat\/ceipmontsenysantjustdesvern\/wp-json\/wp\/v2\/posts\/2093","targetHints":{"allow":["GET"]}}],"collection":[{"href":"https:\/\/agora.xtec.cat\/ceipmontsenysantjustdesvern\/wp-json\/wp\/v2\/posts"}],"about":[{"href":"https:\/\/agora.xtec.cat\/ceipmontsenysantjustdesvern\/wp-json\/wp\/v2\/types\/post"}],"author":[{"embeddable":true,"href":"https:\/\/agora.xtec.cat\/ceipmontsenysantjustdesvern\/wp-json\/wp\/v2\/users\/7"}],"replies":[{"embeddable":true,"href":"https:\/\/agora.xtec.cat\/ceipmontsenysantjustdesvern\/wp-json\/wp\/v2\/comments?post=2093"}],"version-history":[{"count":4,"href":"https:\/\/agora.xtec.cat\/ceipmontsenysantjustdesvern\/wp-json\/wp\/v2\/posts\/2093\/revisions"}],"predecessor-version":[{"id":2099,"href":"https:\/\/agora.xtec.cat\/ceipmontsenysantjustdesvern\/wp-json\/wp\/v2\/posts\/2093\/revisions\/2099"}],"wp:attachment":[{"href":"https:\/\/agora.xtec.cat\/ceipmontsenysantjustdesvern\/wp-json\/wp\/v2\/media?parent=2093"}],"wp:term":[{"taxonomy":"category","embeddable":true,"href":"https:\/\/agora.xtec.cat\/ceipmontsenysantjustdesvern\/wp-json\/wp\/v2\/categories?post=2093"},{"taxonomy":"post_tag","embeddable":true,"href":"https:\/\/agora.xtec.cat\/ceipmontsenysantjustdesvern\/wp-json\/wp\/v2\/tags?post=2093"}],"curies":[{"name":"wp","href":"https:\/\/api.w.org\/{rel}","templated":true}]}}