{"id":1810,"date":"2021-05-14T12:02:51","date_gmt":"2021-05-14T10:02:51","guid":{"rendered":"https:\/\/agora.xtec.cat\/ceipmontsenysantjustdesvern\/?p=1810"},"modified":"2021-05-14T12:02:51","modified_gmt":"2021-05-14T10:02:51","slug":"taller-de-percussio-cicle-inicial","status":"publish","type":"post","link":"https:\/\/agora.xtec.cat\/ceipmontsenysantjustdesvern\/primaria\/taller-de-percussio-cicle-inicial\/","title":{"rendered":"Taller de Percussi\u00f3 Cicle Inicial"},"content":{"rendered":"<p style=\"font-family: 'Open Sans', Arial, Helvetica, sans-serif; font-size: 16px; color: #444444;\">El divendres 7 de maig vam fer a l\u2019escola un taller de percussi\u00f3. Vam con\u00e8ixer diferents instruments de percussi\u00f3 i vam poder tocar-los.<\/p>\n<p style=\"font-family: 'Open Sans', Arial, Helvetica, sans-serif; font-size: 16px; color: #444444;\">Va ser molt divertit, ens ho vam passar molt b\u00e9.<\/p>\n<p style=\"font-family: 'Open Sans', Arial, Helvetica, sans-serif; font-size: 16px; color: #444444;\">Si cliqueu a la foto en veureu m\u00e9s.<\/p>\n<p style=\"font-family: 'Open Sans', Arial, Helvetica, sans-serif; font-size: 16px; color: #444444;\"><a href=\"https:\/\/photos.app.goo.gl\/nEsQgxCytkoUdS4W7\"><img loading=\"lazy\" decoding=\"async\" class=\"wp-image-1811 size-medium aligncenter\" src=\"https:\/\/agora.xtec.cat\/ceipmontsenysantjustdesvern\/wp-content\/uploads\/usu848\/2021\/05\/IMG_0298-300x225.jpg\" alt=\"\" width=\"300\" height=\"225\" srcset=\"https:\/\/agora.xtec.cat\/ceipmontsenysantjustdesvern\/wp-content\/uploads\/usu848\/2021\/05\/IMG_0298-300x225.jpg 300w, https:\/\/agora.xtec.cat\/ceipmontsenysantjustdesvern\/wp-content\/uploads\/usu848\/2021\/05\/IMG_0298-200x150.jpg 200w, https:\/\/agora.xtec.cat\/ceipmontsenysantjustdesvern\/wp-content\/uploads\/usu848\/2021\/05\/IMG_0298.jpg 640w\" sizes=\"auto, (max-width: 300px) 100vw, 300px\" \/><\/a><\/p>\n","protected":false},"excerpt":{"rendered":"<p>El divendres 7 de maig vam fer a l\u2019escola un taller de percussi\u00f3. Vam con\u00e8ixer diferents instruments de percussi\u00f3 i vam poder tocar-los.<br \/>\nVa ser molt divertit, ens ho vam passar molt b\u00e9.<br \/>\nSi cliqueu a la foto en veureu m\u00e9s.<br \/>\n<a href=\"https:\/\/photos.app.goo.gl\/nEsQgxCytkoUdS4W7\"><\/a><\/p>\n","protected":false},"author":1,"featured_media":1811,"comment_status":"open","ping_status":"closed","sticky":false,"template":"","format":"standard","meta":{"_bbp_topic_count":0,"_bbp_reply_count":0,"_bbp_total_topic_count":0,"_bbp_total_reply_count":0,"_bbp_voice_count":0,"_bbp_anonymous_reply_count":0,"_bbp_topic_count_hidden":0,"_bbp_reply_count_hidden":0,"_bbp_forum_subforum_count":0,"footnotes":""},"categories":[10,11,5],"tags":[101,94],"class_list":["post-1810","post","type-post","status-publish","format-standard","has-post-thumbnail","hentry","category-1r","category-2n","category-primaria","tag-cicle-inicial","tag-curs-20-21"],"post_mailing_queue_ids":[],"_links":{"self":[{"href":"https:\/\/agora.xtec.cat\/ceipmontsenysantjustdesvern\/wp-json\/wp\/v2\/posts\/1810","targetHints":{"allow":["GET"]}}],"collection":[{"href":"https:\/\/agora.xtec.cat\/ceipmontsenysantjustdesvern\/wp-json\/wp\/v2\/posts"}],"about":[{"href":"https:\/\/agora.xtec.cat\/ceipmontsenysantjustdesvern\/wp-json\/wp\/v2\/types\/post"}],"author":[{"embeddable":true,"href":"https:\/\/agora.xtec.cat\/ceipmontsenysantjustdesvern\/wp-json\/wp\/v2\/users\/1"}],"replies":[{"embeddable":true,"href":"https:\/\/agora.xtec.cat\/ceipmontsenysantjustdesvern\/wp-json\/wp\/v2\/comments?post=1810"}],"version-history":[{"count":2,"href":"https:\/\/agora.xtec.cat\/ceipmontsenysantjustdesvern\/wp-json\/wp\/v2\/posts\/1810\/revisions"}],"predecessor-version":[{"id":1813,"href":"https:\/\/agora.xtec.cat\/ceipmontsenysantjustdesvern\/wp-json\/wp\/v2\/posts\/1810\/revisions\/1813"}],"wp:featuredmedia":[{"embeddable":true,"href":"https:\/\/agora.xtec.cat\/ceipmontsenysantjustdesvern\/wp-json\/wp\/v2\/media\/1811"}],"wp:attachment":[{"href":"https:\/\/agora.xtec.cat\/ceipmontsenysantjustdesvern\/wp-json\/wp\/v2\/media?parent=1810"}],"wp:term":[{"taxonomy":"category","embeddable":true,"href":"https:\/\/agora.xtec.cat\/ceipmontsenysantjustdesvern\/wp-json\/wp\/v2\/categories?post=1810"},{"taxonomy":"post_tag","embeddable":true,"href":"https:\/\/agora.xtec.cat\/ceipmontsenysantjustdesvern\/wp-json\/wp\/v2\/tags?post=1810"}],"curies":[{"name":"wp","href":"https:\/\/api.w.org\/{rel}","templated":true}]}}