{"id":1222,"date":"2020-05-25T08:20:57","date_gmt":"2020-05-25T06:20:57","guid":{"rendered":"https:\/\/agora.xtec.cat\/ceipmontsenysantjustdesvern\/?p=1222"},"modified":"2020-05-25T09:06:44","modified_gmt":"2020-05-25T07:06:44","slug":"preparacio-per-celebrar-la-diada-del-5-de-juny","status":"publish","type":"post","link":"https:\/\/agora.xtec.cat\/ceipmontsenysantjustdesvern\/general\/preparacio-per-celebrar-la-diada-del-5-de-juny\/","title":{"rendered":"L&#8217;ESCOLA MONTSENY ES PREPARA PER A CELEBRAR LA DIADA DEL 5 DE JUNY: Dia Mundial del Medi Ambient"},"content":{"rendered":"<p><span style=\"font-weight: 400;\">Com sabeu, i com a Escola Verda que som, cada curs escollim un tema per tractar a totes les classes sobre el Medi Ambient. Aquest curs hem pensat aprofitar els moments tan especials que vivim per reflexionar sobre <\/span><b>com i perqu\u00e8 ha millorat el planeta coincidint amb la situaci\u00f3 d&#8217;emerg\u00e8ncia de\u00a0 la covid-19 i per fer propostes per seguir millorant el nostre medi ambient.\u00a0<\/b><\/p>\n<h5><span style=\"font-weight: 400; color: #000000;\">Per\u00f2 tot aix\u00f2 us ho explicaran millor les titelles verdes de la nostra escola:<\/span><b><span style=\"color: #000000;\"> LA CAPITANA MADUIXA I EL SENYOR POMA !!!<\/span> <\/b><\/h5>\n<h5><b><span style=\"font-weight: 400;\">Mireu el CONTE que us ha gravat la Comissi\u00f3 Verda de l&#8217;escola&#8230; <\/span><\/b><span style=\"color: #800080;\"><strong>\u2193<\/strong><\/span><\/h5>\n<p><img loading=\"lazy\" decoding=\"async\" class=\"wp-image-1224 alignnone\" src=\"https:\/\/agora.xtec.cat\/ceipmontsenysantjustdesvern\/wp-content\/uploads\/usu848\/2020\/05\/IMG_6897.jpg\" alt=\"\" width=\"310\" height=\"232\" \/>\u00a0<a href=\"https:\/\/youtu.be\/L5eStBfAC9s\" target=\"_blank\" rel=\"noopener noreferrer\"><img loading=\"lazy\" decoding=\"async\" class=\"alignnone wp-image-1239\" src=\"https:\/\/agora.xtec.cat\/ceipmontsenysantjustdesvern\/wp-content\/uploads\/usu848\/2020\/05\/IMG_4813.jpg\" alt=\"\" width=\"437\" height=\"237\" srcset=\"https:\/\/agora.xtec.cat\/ceipmontsenysantjustdesvern\/wp-content\/uploads\/usu848\/2020\/05\/IMG_4813.jpg 828w, https:\/\/agora.xtec.cat\/ceipmontsenysantjustdesvern\/wp-content\/uploads\/usu848\/2020\/05\/IMG_4813-300x163.jpg 300w, https:\/\/agora.xtec.cat\/ceipmontsenysantjustdesvern\/wp-content\/uploads\/usu848\/2020\/05\/IMG_4813-768x416.jpg 768w\" sizes=\"auto, (max-width: 437px) 100vw, 437px\" \/><\/a><\/p>\n<p><span style=\"font-weight: 400;\">D&#8217;altra banda, la nostra escola s&#8217;ha sumat a la campanya impulsada pel Camp d&#8217;Aprenentatge Pau \u00a0Casals i recolzada pel Departament d&#8217;Educaci\u00f3: <\/span><span style=\"font-weight: 400;\">\u00a0<\/span><b>DONA LA NOTA, encara hi som a temps.<\/b><\/p>\n<p><span style=\"font-weight: 400;\">L&#8217;objectiu \u00e9s: <\/span><b>prendre consci\u00e8ncia sobre el moment que vivim d\u2019emerg\u00e8ncia clim\u00e0tica i ambiental, i participar de forma activa en la millora de l&#8217;entorn m\u00e9s proper<\/b><span style=\"font-weight: 400;\">.\u00a0Com a cloenda al projecte, hi ha la proposta que,\u00a0<\/span><b>el 5 de juny de 2020 a les 11h del mat\u00ed<\/b><span style=\"font-weight: 400;\">, coincidint amb la celebraci\u00f3 del\u00a0<\/span><b>Dia Mundial del Medi Ambient<\/b><span style=\"font-weight: 400;\">,\u00a0 tots els centres de Catalunya puguin cantar\u00a0<\/span><a href=\"https:\/\/youtu.be\/z5csyfS5B_o\"><b>la can\u00e7\u00f3 \u201cNo ens desdibuixeu<\/b><\/a><b>\u201d. <\/b><span style=\"font-weight: 400;\">Un tema creat pel Petit Taller de Can\u00e7ons, del\u00a0 Camp d\u2019Aprenentatge Pau Casals (El Vendrell). Aqu\u00ed la teniu per aprendre-la i gaudir-ne en fam\u00edlia.<\/span><\/p>\n<p><iframe loading=\"lazy\" title=\"No Ens Desdibuixeu Petit Taller de Can\u00e7ons [Video Oficial][PeTaCa]\" width=\"500\" height=\"281\" src=\"https:\/\/www.youtube.com\/embed\/z5csyfS5B_o?feature=oembed\" frameborder=\"0\" allow=\"accelerometer; autoplay; clipboard-write; encrypted-media; gyroscope; picture-in-picture; web-share\" referrerpolicy=\"strict-origin-when-cross-origin\" allowfullscreen><\/iframe><\/p>\n<p>&nbsp;<\/p>\n","protected":false},"excerpt":{"rendered":"<p>Com sabeu, i com a Escola Verda que som, cada curs escollim un tema per tractar a totes les classes sobre el Medi Ambient. Aquest curs hem pensat aprofitar els moments tan especials que vivim per reflexionar sobre com i perqu\u00e8 ha millorat el planeta&hellip;  <a href=\"https:\/\/agora.xtec.cat\/ceipmontsenysantjustdesvern\/general\/preparacio-per-celebrar-la-diada-del-5-de-juny\/\" title=\"Read L&#8217;ESCOLA MONTSENY ES PREPARA PER A CELEBRAR LA DIADA DEL 5 DE JUNY: Dia Mundial del Medi Ambient\">Llegeix m\u00e9s\u00bb<\/a><\/p>\n","protected":false},"author":1,"featured_media":1251,"comment_status":"open","ping_status":"closed","sticky":false,"template":"","format":"standard","meta":{"_bbp_topic_count":0,"_bbp_reply_count":0,"_bbp_total_topic_count":0,"_bbp_total_reply_count":0,"_bbp_voice_count":0,"_bbp_anonymous_reply_count":0,"_bbp_topic_count_hidden":0,"_bbp_reply_count_hidden":0,"_bbp_forum_subforum_count":0,"footnotes":""},"categories":[67,1,4],"tags":[81,92,82],"class_list":["post-1222","post","type-post","status-publish","format-standard","has-post-thumbnail","hentry","category-escola-verda","category-general","category-portada","tag-curs-19-20","tag-diada","tag-escola-verda"],"post_mailing_queue_ids":[],"_links":{"self":[{"href":"https:\/\/agora.xtec.cat\/ceipmontsenysantjustdesvern\/wp-json\/wp\/v2\/posts\/1222","targetHints":{"allow":["GET"]}}],"collection":[{"href":"https:\/\/agora.xtec.cat\/ceipmontsenysantjustdesvern\/wp-json\/wp\/v2\/posts"}],"about":[{"href":"https:\/\/agora.xtec.cat\/ceipmontsenysantjustdesvern\/wp-json\/wp\/v2\/types\/post"}],"author":[{"embeddable":true,"href":"https:\/\/agora.xtec.cat\/ceipmontsenysantjustdesvern\/wp-json\/wp\/v2\/users\/1"}],"replies":[{"embeddable":true,"href":"https:\/\/agora.xtec.cat\/ceipmontsenysantjustdesvern\/wp-json\/wp\/v2\/comments?post=1222"}],"version-history":[{"count":3,"href":"https:\/\/agora.xtec.cat\/ceipmontsenysantjustdesvern\/wp-json\/wp\/v2\/posts\/1222\/revisions"}],"predecessor-version":[{"id":1254,"href":"https:\/\/agora.xtec.cat\/ceipmontsenysantjustdesvern\/wp-json\/wp\/v2\/posts\/1222\/revisions\/1254"}],"wp:featuredmedia":[{"embeddable":true,"href":"https:\/\/agora.xtec.cat\/ceipmontsenysantjustdesvern\/wp-json\/wp\/v2\/media\/1251"}],"wp:attachment":[{"href":"https:\/\/agora.xtec.cat\/ceipmontsenysantjustdesvern\/wp-json\/wp\/v2\/media?parent=1222"}],"wp:term":[{"taxonomy":"category","embeddable":true,"href":"https:\/\/agora.xtec.cat\/ceipmontsenysantjustdesvern\/wp-json\/wp\/v2\/categories?post=1222"},{"taxonomy":"post_tag","embeddable":true,"href":"https:\/\/agora.xtec.cat\/ceipmontsenysantjustdesvern\/wp-json\/wp\/v2\/tags?post=1222"}],"curies":[{"name":"wp","href":"https:\/\/api.w.org\/{rel}","templated":true}]}}