{"id":822,"date":"2020-01-30T18:37:19","date_gmt":"2020-01-30T17:37:19","guid":{"rendered":"http:\/\/agora.xtec.cat\/ceipmontoliu\/?p=822"},"modified":"2020-01-30T18:38:44","modified_gmt":"2020-01-30T17:38:44","slug":"dia-de-la-pau-i-la-no-violencia","status":"publish","type":"post","link":"https:\/\/agora.xtec.cat\/ceipmontoliu\/general\/dia-de-la-pau-i-la-no-violencia\/","title":{"rendered":"Dia de la pau i la no-viol\u00e8ncia"},"content":{"rendered":"<p>Avui hem celebrat el Dia Escolar de la No-viol\u00e8ncia i la Pau per recordar el llegat de Mahatma Gandhi el dia que es commemora l\u2019aniversari de la seva mort.<\/p>\n<p>Durant el dia, a l&#8217;aula s&#8217;han fet activitats relacionades amb la pau i la no-viol\u00e8ncia. A la tarda, al gimn\u00e0s de l&#8217;escola, els alumnes de Cicle Mitj\u00e0 han recitat poemes, hem cantat la can\u00e7\u00f3 &#8220;Mirall de pau&#8221;, i finalment hem fet el s\u00edmbol de la pau al pati de l&#8217;escola.<\/p>\n<p><a href=\"https:\/\/agora.xtec.cat\/ceipmontoliu\/wp-content\/uploads\/usu1868\/2020\/01\/20200130_155348.jpg\"><img loading=\"lazy\" decoding=\"async\" class=\"aligncenter wp-image-823 size-large\" src=\"https:\/\/agora.xtec.cat\/ceipmontoliu\/wp-content\/uploads\/usu1868\/2020\/01\/20200130_155348-1024x768.jpg\" alt=\"\" width=\"1024\" height=\"768\" srcset=\"https:\/\/agora.xtec.cat\/ceipmontoliu\/wp-content\/uploads\/usu1868\/2020\/01\/20200130_155348-1024x768.jpg 1024w, https:\/\/agora.xtec.cat\/ceipmontoliu\/wp-content\/uploads\/usu1868\/2020\/01\/20200130_155348-300x225.jpg 300w, https:\/\/agora.xtec.cat\/ceipmontoliu\/wp-content\/uploads\/usu1868\/2020\/01\/20200130_155348-768x576.jpg 768w, https:\/\/agora.xtec.cat\/ceipmontoliu\/wp-content\/uploads\/usu1868\/2020\/01\/20200130_155348-200x150.jpg 200w\" sizes=\"auto, (max-width: 1024px) 100vw, 1024px\" \/><\/a><\/p>\n<p><a href=\"https:\/\/agora.xtec.cat\/ceipmontoliu\/wp-content\/uploads\/usu1868\/2020\/01\/20200130_153409.jpg\"><img loading=\"lazy\" decoding=\"async\" class=\"aligncenter wp-image-824 size-large\" src=\"https:\/\/agora.xtec.cat\/ceipmontoliu\/wp-content\/uploads\/usu1868\/2020\/01\/20200130_153409-1024x768.jpg\" alt=\"\" width=\"1024\" height=\"768\" srcset=\"https:\/\/agora.xtec.cat\/ceipmontoliu\/wp-content\/uploads\/usu1868\/2020\/01\/20200130_153409-1024x768.jpg 1024w, https:\/\/agora.xtec.cat\/ceipmontoliu\/wp-content\/uploads\/usu1868\/2020\/01\/20200130_153409-300x225.jpg 300w, https:\/\/agora.xtec.cat\/ceipmontoliu\/wp-content\/uploads\/usu1868\/2020\/01\/20200130_153409-768x576.jpg 768w, https:\/\/agora.xtec.cat\/ceipmontoliu\/wp-content\/uploads\/usu1868\/2020\/01\/20200130_153409-200x150.jpg 200w\" sizes=\"auto, (max-width: 1024px) 100vw, 1024px\" \/><\/a><\/p>\n<p>&nbsp;<\/p>\n","protected":false},"excerpt":{"rendered":"<p>Avui hem celebrat el Dia Escolar de la No-viol\u00e8ncia i la Pau per recordar el llegat de Mahatma Gandhi el dia que es commemora l\u2019aniversari de la seva mort.<\/p>\n","protected":false},"author":1,"featured_media":823,"comment_status":"open","ping_status":"closed","sticky":false,"template":"","format":"standard","meta":{"_bbp_topic_count":0,"_bbp_reply_count":0,"_bbp_total_topic_count":0,"_bbp_total_reply_count":0,"_bbp_voice_count":0,"_bbp_anonymous_reply_count":0,"_bbp_topic_count_hidden":0,"_bbp_reply_count_hidden":0,"_bbp_forum_subforum_count":0,"site-sidebar-layout":"default","site-content-layout":"","ast-site-content-layout":"","site-content-style":"default","site-sidebar-style":"default","ast-global-header-display":"","ast-banner-title-visibility":"","ast-main-header-display":"","ast-hfb-above-header-display":"","ast-hfb-below-header-display":"","ast-hfb-mobile-header-display":"","site-post-title":"","ast-breadcrumbs-content":"","ast-featured-img":"","footer-sml-layout":"","theme-transparent-header-meta":"","adv-header-id-meta":"","stick-header-meta":"","header-above-stick-meta":"","header-main-stick-meta":"","header-below-stick-meta":"","astra-migrate-meta-layouts":"default","ast-page-background-enabled":"default","ast-page-background-meta":{"desktop":{"background-color":"var(--ast-global-color-4)","background-image":"","background-repeat":"repeat","background-position":"center center","background-size":"auto","background-attachment":"scroll","background-type":"","background-media":"","overlay-type":"","overlay-color":"","overlay-opacity":"","overlay-gradient":""},"tablet":{"background-color":"","background-image":"","background-repeat":"repeat","background-position":"center center","background-size":"auto","background-attachment":"scroll","background-type":"","background-media":"","overlay-type":"","overlay-color":"","overlay-opacity":"","overlay-gradient":""},"mobile":{"background-color":"","background-image":"","background-repeat":"repeat","background-position":"center center","background-size":"auto","background-attachment":"scroll","background-type":"","background-media":"","overlay-type":"","overlay-color":"","overlay-opacity":"","overlay-gradient":""}},"ast-content-background-meta":{"desktop":{"background-color":"var(--ast-global-color-5)","background-image":"","background-repeat":"repeat","background-position":"center center","background-size":"auto","background-attachment":"scroll","background-type":"","background-media":"","overlay-type":"","overlay-color":"","overlay-opacity":"","overlay-gradient":""},"tablet":{"background-color":"var(--ast-global-color-5)","background-image":"","background-repeat":"repeat","background-position":"center center","background-size":"auto","background-attachment":"scroll","background-type":"","background-media":"","overlay-type":"","overlay-color":"","overlay-opacity":"","overlay-gradient":""},"mobile":{"background-color":"var(--ast-global-color-5)","background-image":"","background-repeat":"repeat","background-position":"center center","background-size":"auto","background-attachment":"scroll","background-type":"","background-media":"","overlay-type":"","overlay-color":"","overlay-opacity":"","overlay-gradient":""}},"footnotes":""},"categories":[1,4],"tags":[76,72,62,78,66],"class_list":["post-822","post","type-post","status-publish","format-standard","has-post-thumbnail","hentry","category-general","category-portada","tag-cicleinicial","tag-ciclemitja","tag-ciclesuperior","tag-educacioinfantil","tag-festes"],"post_mailing_queue_ids":[],"_links":{"self":[{"href":"https:\/\/agora.xtec.cat\/ceipmontoliu\/wp-json\/wp\/v2\/posts\/822","targetHints":{"allow":["GET"]}}],"collection":[{"href":"https:\/\/agora.xtec.cat\/ceipmontoliu\/wp-json\/wp\/v2\/posts"}],"about":[{"href":"https:\/\/agora.xtec.cat\/ceipmontoliu\/wp-json\/wp\/v2\/types\/post"}],"author":[{"embeddable":true,"href":"https:\/\/agora.xtec.cat\/ceipmontoliu\/wp-json\/wp\/v2\/users\/1"}],"replies":[{"embeddable":true,"href":"https:\/\/agora.xtec.cat\/ceipmontoliu\/wp-json\/wp\/v2\/comments?post=822"}],"version-history":[{"count":3,"href":"https:\/\/agora.xtec.cat\/ceipmontoliu\/wp-json\/wp\/v2\/posts\/822\/revisions"}],"predecessor-version":[{"id":827,"href":"https:\/\/agora.xtec.cat\/ceipmontoliu\/wp-json\/wp\/v2\/posts\/822\/revisions\/827"}],"wp:featuredmedia":[{"embeddable":true,"href":"https:\/\/agora.xtec.cat\/ceipmontoliu\/wp-json\/wp\/v2\/media\/823"}],"wp:attachment":[{"href":"https:\/\/agora.xtec.cat\/ceipmontoliu\/wp-json\/wp\/v2\/media?parent=822"}],"wp:term":[{"taxonomy":"category","embeddable":true,"href":"https:\/\/agora.xtec.cat\/ceipmontoliu\/wp-json\/wp\/v2\/categories?post=822"},{"taxonomy":"post_tag","embeddable":true,"href":"https:\/\/agora.xtec.cat\/ceipmontoliu\/wp-json\/wp\/v2\/tags?post=822"}],"curies":[{"name":"wp","href":"https:\/\/api.w.org\/{rel}","templated":true}]}}