{"id":2861,"date":"2026-02-24T14:20:41","date_gmt":"2026-02-24T13:20:41","guid":{"rendered":"https:\/\/agora.xtec.cat\/ceipmontoliu\/?p=2861"},"modified":"2026-03-12T19:20:52","modified_gmt":"2026-03-12T18:20:52","slug":"enterro-de-la-sardina","status":"publish","type":"post","link":"https:\/\/agora.xtec.cat\/ceipmontoliu\/infantil\/enterro-de-la-sardina\/","title":{"rendered":"Enterro de la Sardina"},"content":{"rendered":"\n<p><span style=\"font-weight: 400;\">El passat dimecres 18 de febrer l\u2019alumnat de l\u2019escola va recuperar la tradicional excursi\u00f3 a Ardenya que no havia pogut fer el dia de dijous gras degut al clima negatiu pel fort vent. Aquesta vegada s\u00ed que es va poder fer i els nens i nenes de l\u2019escola s\u2019ho van passar d\u2019all\u00f2 m\u00e9s b\u00e9 compartint un mat\u00ed junts jugant a diversos jocs tradicionals com el Figa te Fai o les cordes, pintant-se les cares i esmorzant a l\u2019aire lliure. Ja a la tarda vam concloure el carnaval amb el tradicional acte de l\u2019enterrament de la sardina.<\/span><\/p>\n\n\n\n<p><span style=\"font-weight: 400;\"> <\/span><\/p>\n\n\n\n<div class=\"wp-block-getwid-images-stack aligncenter\"><div class=\"wp-block-getwid-images-stack__wrapper\"><div class=\"wp-block-getwid-images-stack__chunk\"><div class=\"wp-block-getwid-images-stack__media-wrapper\"><div class=\"wp-block-getwid-images-stack__media-inner-wrapper\"><img loading=\"lazy\" decoding=\"async\" width=\"1500\" height=\"2000\" class=\"wp-block-getwid-images-stack__media wp-image-2862\" src=\"https:\/\/agora.xtec.cat\/ceipmontoliu\/wp-content\/uploads\/usu1868\/2026\/02\/IMG-20260218-WA0010.jpg\" data-id=\"2862\" data-link=\"https:\/\/agora.xtec.cat\/ceipmontoliu\/infantil\/enterro-de-la-sardina\/attachment\/img-20260218-wa0010\/\" srcset=\"https:\/\/agora.xtec.cat\/ceipmontoliu\/wp-content\/uploads\/usu1868\/2026\/02\/IMG-20260218-WA0010.jpg 1500w, https:\/\/agora.xtec.cat\/ceipmontoliu\/wp-content\/uploads\/usu1868\/2026\/02\/IMG-20260218-WA0010-225x300.jpg 225w, https:\/\/agora.xtec.cat\/ceipmontoliu\/wp-content\/uploads\/usu1868\/2026\/02\/IMG-20260218-WA0010-768x1024.jpg 768w, https:\/\/agora.xtec.cat\/ceipmontoliu\/wp-content\/uploads\/usu1868\/2026\/02\/IMG-20260218-WA0010-1152x1536.jpg 1152w\" sizes=\"auto, (max-width: 1500px) 100vw, 1500px\" \/><\/div><\/div><div class=\"wp-block-getwid-images-stack__media-wrapper\"><div class=\"wp-block-getwid-images-stack__media-inner-wrapper\"><img loading=\"lazy\" decoding=\"async\" width=\"1500\" height=\"2000\" class=\"wp-block-getwid-images-stack__media wp-image-2863\" src=\"https:\/\/agora.xtec.cat\/ceipmontoliu\/wp-content\/uploads\/usu1868\/2026\/02\/IMG-20260218-WA0011.jpg\" data-id=\"2863\" data-link=\"https:\/\/agora.xtec.cat\/ceipmontoliu\/infantil\/enterro-de-la-sardina\/attachment\/img-20260218-wa0011\/\" srcset=\"https:\/\/agora.xtec.cat\/ceipmontoliu\/wp-content\/uploads\/usu1868\/2026\/02\/IMG-20260218-WA0011.jpg 1500w, https:\/\/agora.xtec.cat\/ceipmontoliu\/wp-content\/uploads\/usu1868\/2026\/02\/IMG-20260218-WA0011-225x300.jpg 225w, https:\/\/agora.xtec.cat\/ceipmontoliu\/wp-content\/uploads\/usu1868\/2026\/02\/IMG-20260218-WA0011-768x1024.jpg 768w, https:\/\/agora.xtec.cat\/ceipmontoliu\/wp-content\/uploads\/usu1868\/2026\/02\/IMG-20260218-WA0011-1152x1536.jpg 1152w\" sizes=\"auto, (max-width: 1500px) 100vw, 1500px\" \/><\/div><\/div><div class=\"wp-block-getwid-images-stack__media-wrapper\"><div class=\"wp-block-getwid-images-stack__media-inner-wrapper\"><img loading=\"lazy\" decoding=\"async\" width=\"1500\" height=\"2000\" class=\"wp-block-getwid-images-stack__media wp-image-2864\" src=\"https:\/\/agora.xtec.cat\/ceipmontoliu\/wp-content\/uploads\/usu1868\/2026\/02\/IMG-20260218-WA0013.jpg\" data-id=\"2864\" data-link=\"https:\/\/agora.xtec.cat\/ceipmontoliu\/infantil\/enterro-de-la-sardina\/attachment\/img-20260218-wa0013\/\" srcset=\"https:\/\/agora.xtec.cat\/ceipmontoliu\/wp-content\/uploads\/usu1868\/2026\/02\/IMG-20260218-WA0013.jpg 1500w, https:\/\/agora.xtec.cat\/ceipmontoliu\/wp-content\/uploads\/usu1868\/2026\/02\/IMG-20260218-WA0013-225x300.jpg 225w, https:\/\/agora.xtec.cat\/ceipmontoliu\/wp-content\/uploads\/usu1868\/2026\/02\/IMG-20260218-WA0013-768x1024.jpg 768w, https:\/\/agora.xtec.cat\/ceipmontoliu\/wp-content\/uploads\/usu1868\/2026\/02\/IMG-20260218-WA0013-1152x1536.jpg 1152w\" sizes=\"auto, (max-width: 1500px) 100vw, 1500px\" \/><\/div><\/div><\/div><div class=\"wp-block-getwid-images-stack__chunk\"><div class=\"wp-block-getwid-images-stack__media-wrapper\"><div class=\"wp-block-getwid-images-stack__media-inner-wrapper\"><img loading=\"lazy\" decoding=\"async\" width=\"1200\" height=\"1600\" class=\"wp-block-getwid-images-stack__media wp-image-2865\" src=\"https:\/\/agora.xtec.cat\/ceipmontoliu\/wp-content\/uploads\/usu1868\/2026\/02\/IMG-20260218-WA0005.jpg\" data-id=\"2865\" data-link=\"https:\/\/agora.xtec.cat\/ceipmontoliu\/infantil\/enterro-de-la-sardina\/attachment\/img-20260218-wa0005\/\" srcset=\"https:\/\/agora.xtec.cat\/ceipmontoliu\/wp-content\/uploads\/usu1868\/2026\/02\/IMG-20260218-WA0005.jpg 1200w, https:\/\/agora.xtec.cat\/ceipmontoliu\/wp-content\/uploads\/usu1868\/2026\/02\/IMG-20260218-WA0005-225x300.jpg 225w, https:\/\/agora.xtec.cat\/ceipmontoliu\/wp-content\/uploads\/usu1868\/2026\/02\/IMG-20260218-WA0005-768x1024.jpg 768w, https:\/\/agora.xtec.cat\/ceipmontoliu\/wp-content\/uploads\/usu1868\/2026\/02\/IMG-20260218-WA0005-1152x1536.jpg 1152w\" sizes=\"auto, (max-width: 1200px) 100vw, 1200px\" \/><\/div><\/div><div class=\"wp-block-getwid-images-stack__media-wrapper\"><div class=\"wp-block-getwid-images-stack__media-inner-wrapper\"><img loading=\"lazy\" decoding=\"async\" width=\"2560\" height=\"1973\" class=\"wp-block-getwid-images-stack__media wp-image-2866\" src=\"https:\/\/agora.xtec.cat\/ceipmontoliu\/wp-content\/uploads\/usu1868\/2026\/02\/aIMG_20260218_0931331-scaled.jpg\" data-id=\"2866\" data-link=\"https:\/\/agora.xtec.cat\/ceipmontoliu\/infantil\/enterro-de-la-sardina\/attachment\/aimg_20260218_0931331\/\" srcset=\"https:\/\/agora.xtec.cat\/ceipmontoliu\/wp-content\/uploads\/usu1868\/2026\/02\/aIMG_20260218_0931331-scaled.jpg 2560w, https:\/\/agora.xtec.cat\/ceipmontoliu\/wp-content\/uploads\/usu1868\/2026\/02\/aIMG_20260218_0931331-300x231.jpg 300w, https:\/\/agora.xtec.cat\/ceipmontoliu\/wp-content\/uploads\/usu1868\/2026\/02\/aIMG_20260218_0931331-1024x789.jpg 1024w, https:\/\/agora.xtec.cat\/ceipmontoliu\/wp-content\/uploads\/usu1868\/2026\/02\/aIMG_20260218_0931331-768x592.jpg 768w, https:\/\/agora.xtec.cat\/ceipmontoliu\/wp-content\/uploads\/usu1868\/2026\/02\/aIMG_20260218_0931331-1536x1184.jpg 1536w, https:\/\/agora.xtec.cat\/ceipmontoliu\/wp-content\/uploads\/usu1868\/2026\/02\/aIMG_20260218_0931331-2048x1579.jpg 2048w\" sizes=\"auto, (max-width: 2560px) 100vw, 2560px\" \/><\/div><\/div><div class=\"wp-block-getwid-images-stack__media-wrapper\"><div class=\"wp-block-getwid-images-stack__media-inner-wrapper\"><img loading=\"lazy\" decoding=\"async\" width=\"2560\" height=\"2459\" class=\"wp-block-getwid-images-stack__media wp-image-2867\" src=\"https:\/\/agora.xtec.cat\/ceipmontoliu\/wp-content\/uploads\/usu1868\/2026\/02\/bIMG_20260218_093151-scaled.jpg\" data-id=\"2867\" data-link=\"https:\/\/agora.xtec.cat\/ceipmontoliu\/infantil\/enterro-de-la-sardina\/attachment\/bimg_20260218_093151\/\" srcset=\"https:\/\/agora.xtec.cat\/ceipmontoliu\/wp-content\/uploads\/usu1868\/2026\/02\/bIMG_20260218_093151-scaled.jpg 2560w, https:\/\/agora.xtec.cat\/ceipmontoliu\/wp-content\/uploads\/usu1868\/2026\/02\/bIMG_20260218_093151-300x288.jpg 300w, https:\/\/agora.xtec.cat\/ceipmontoliu\/wp-content\/uploads\/usu1868\/2026\/02\/bIMG_20260218_093151-1024x984.jpg 1024w, https:\/\/agora.xtec.cat\/ceipmontoliu\/wp-content\/uploads\/usu1868\/2026\/02\/bIMG_20260218_093151-768x738.jpg 768w, https:\/\/agora.xtec.cat\/ceipmontoliu\/wp-content\/uploads\/usu1868\/2026\/02\/bIMG_20260218_093151-1536x1476.jpg 1536w, https:\/\/agora.xtec.cat\/ceipmontoliu\/wp-content\/uploads\/usu1868\/2026\/02\/bIMG_20260218_093151-2048x1967.jpg 2048w\" sizes=\"auto, (max-width: 2560px) 100vw, 2560px\" \/><\/div><\/div><\/div><div class=\"wp-block-getwid-images-stack__chunk\"><div class=\"wp-block-getwid-images-stack__media-wrapper\"><div class=\"wp-block-getwid-images-stack__media-inner-wrapper\"><img loading=\"lazy\" decoding=\"async\" width=\"2062\" height=\"2560\" class=\"wp-block-getwid-images-stack__media wp-image-2868\" src=\"https:\/\/agora.xtec.cat\/ceipmontoliu\/wp-content\/uploads\/usu1868\/2026\/02\/qIMG_20260218_154126-scaled.jpg\" data-id=\"2868\" data-link=\"https:\/\/agora.xtec.cat\/ceipmontoliu\/infantil\/enterro-de-la-sardina\/attachment\/qimg_20260218_154126\/\" srcset=\"https:\/\/agora.xtec.cat\/ceipmontoliu\/wp-content\/uploads\/usu1868\/2026\/02\/qIMG_20260218_154126-scaled.jpg 2062w, https:\/\/agora.xtec.cat\/ceipmontoliu\/wp-content\/uploads\/usu1868\/2026\/02\/qIMG_20260218_154126-242x300.jpg 242w, https:\/\/agora.xtec.cat\/ceipmontoliu\/wp-content\/uploads\/usu1868\/2026\/02\/qIMG_20260218_154126-825x1024.jpg 825w, https:\/\/agora.xtec.cat\/ceipmontoliu\/wp-content\/uploads\/usu1868\/2026\/02\/qIMG_20260218_154126-768x953.jpg 768w, https:\/\/agora.xtec.cat\/ceipmontoliu\/wp-content\/uploads\/usu1868\/2026\/02\/qIMG_20260218_154126-1237x1536.jpg 1237w, https:\/\/agora.xtec.cat\/ceipmontoliu\/wp-content\/uploads\/usu1868\/2026\/02\/qIMG_20260218_154126-1650x2048.jpg 1650w\" sizes=\"auto, (max-width: 2062px) 100vw, 2062px\" \/><\/div><\/div><div class=\"wp-block-getwid-images-stack__media-wrapper\"><div class=\"wp-block-getwid-images-stack__media-inner-wrapper\"><img loading=\"lazy\" decoding=\"async\" width=\"2560\" height=\"1750\" class=\"wp-block-getwid-images-stack__media wp-image-2869\" src=\"https:\/\/agora.xtec.cat\/ceipmontoliu\/wp-content\/uploads\/usu1868\/2026\/02\/wIMG_20260218_152517-scaled.jpg\" data-id=\"2869\" data-link=\"https:\/\/agora.xtec.cat\/ceipmontoliu\/infantil\/enterro-de-la-sardina\/attachment\/wimg_20260218_152517\/\" srcset=\"https:\/\/agora.xtec.cat\/ceipmontoliu\/wp-content\/uploads\/usu1868\/2026\/02\/wIMG_20260218_152517-scaled.jpg 2560w, https:\/\/agora.xtec.cat\/ceipmontoliu\/wp-content\/uploads\/usu1868\/2026\/02\/wIMG_20260218_152517-300x205.jpg 300w, https:\/\/agora.xtec.cat\/ceipmontoliu\/wp-content\/uploads\/usu1868\/2026\/02\/wIMG_20260218_152517-1024x700.jpg 1024w, https:\/\/agora.xtec.cat\/ceipmontoliu\/wp-content\/uploads\/usu1868\/2026\/02\/wIMG_20260218_152517-768x525.jpg 768w, https:\/\/agora.xtec.cat\/ceipmontoliu\/wp-content\/uploads\/usu1868\/2026\/02\/wIMG_20260218_152517-1536x1050.jpg 1536w, https:\/\/agora.xtec.cat\/ceipmontoliu\/wp-content\/uploads\/usu1868\/2026\/02\/wIMG_20260218_152517-2048x1400.jpg 2048w\" sizes=\"auto, (max-width: 2560px) 100vw, 2560px\" \/><\/div><\/div><\/div><\/div><\/div>\n\n\n\n<p><span style=\"font-weight: 400;\"> <\/span><\/p>\n\n\n\n<p><span style=\"font-weight: 400;\"> <\/span><\/p>\n\n\n\n<p>&nbsp;<\/p>\n\n\n\n<p><\/p>\n\n\n\n<p><\/p>\n\n\n\n<p><\/p>\n","protected":false},"excerpt":{"rendered":"<p>El passat dimecres 18 de febrer l\u2019alumnat de l\u2019escola va recuperar la tradicional excursi\u00f3 a Ardenya que no havia pogut fer el dia de dijous gras degut al clima negatiu pel fort vent. Aquesta vegada s\u00ed que es va poder fer i els nens i nenes de l\u2019escola s\u2019ho van passar d\u2019all\u00f2 m\u00e9s b\u00e9 compartint [&hellip;]<\/p>\n","protected":false},"author":1,"featured_media":2868,"comment_status":"open","ping_status":"open","sticky":false,"template":"","format":"standard","meta":{"_bbp_topic_count":0,"_bbp_reply_count":0,"_bbp_total_topic_count":0,"_bbp_total_reply_count":0,"_bbp_voice_count":0,"_bbp_anonymous_reply_count":0,"_bbp_topic_count_hidden":0,"_bbp_reply_count_hidden":0,"_bbp_forum_subforum_count":0,"site-sidebar-layout":"default","site-content-layout":"","ast-site-content-layout":"default","site-content-style":"default","site-sidebar-style":"default","ast-global-header-display":"","ast-banner-title-visibility":"","ast-main-header-display":"","ast-hfb-above-header-display":"","ast-hfb-below-header-display":"","ast-hfb-mobile-header-display":"","site-post-title":"","ast-breadcrumbs-content":"","ast-featured-img":"","footer-sml-layout":"","theme-transparent-header-meta":"default","adv-header-id-meta":"","stick-header-meta":"","header-above-stick-meta":"","header-main-stick-meta":"","header-below-stick-meta":"","astra-migrate-meta-layouts":"set","ast-page-background-enabled":"default","ast-page-background-meta":{"desktop":{"background-color":"var(--ast-global-color-4)","background-image":"","background-repeat":"repeat","background-position":"center center","background-size":"auto","background-attachment":"scroll","background-type":"","background-media":"","overlay-type":"","overlay-color":"","overlay-opacity":"","overlay-gradient":""},"tablet":{"background-color":"","background-image":"","background-repeat":"repeat","background-position":"center center","background-size":"auto","background-attachment":"scroll","background-type":"","background-media":"","overlay-type":"","overlay-color":"","overlay-opacity":"","overlay-gradient":""},"mobile":{"background-color":"","background-image":"","background-repeat":"repeat","background-position":"center center","background-size":"auto","background-attachment":"scroll","background-type":"","background-media":"","overlay-type":"","overlay-color":"","overlay-opacity":"","overlay-gradient":""}},"ast-content-background-meta":{"desktop":{"background-color":"var(--ast-global-color-5)","background-image":"","background-repeat":"repeat","background-position":"center center","background-size":"auto","background-attachment":"scroll","background-type":"","background-media":"","overlay-type":"","overlay-color":"","overlay-opacity":"","overlay-gradient":""},"tablet":{"background-color":"var(--ast-global-color-5)","background-image":"","background-repeat":"repeat","background-position":"center center","background-size":"auto","background-attachment":"scroll","background-type":"","background-media":"","overlay-type":"","overlay-color":"","overlay-opacity":"","overlay-gradient":""},"mobile":{"background-color":"var(--ast-global-color-5)","background-image":"","background-repeat":"repeat","background-position":"center center","background-size":"auto","background-attachment":"scroll","background-type":"","background-media":"","overlay-type":"","overlay-color":"","overlay-opacity":"","overlay-gradient":""}},"footnotes":""},"categories":[2,4,5],"tags":[],"class_list":["post-2861","post","type-post","status-publish","format-standard","has-post-thumbnail","hentry","category-infantil","category-portada","category-primaria"],"post_mailing_queue_ids":[],"_links":{"self":[{"href":"https:\/\/agora.xtec.cat\/ceipmontoliu\/wp-json\/wp\/v2\/posts\/2861","targetHints":{"allow":["GET"]}}],"collection":[{"href":"https:\/\/agora.xtec.cat\/ceipmontoliu\/wp-json\/wp\/v2\/posts"}],"about":[{"href":"https:\/\/agora.xtec.cat\/ceipmontoliu\/wp-json\/wp\/v2\/types\/post"}],"author":[{"embeddable":true,"href":"https:\/\/agora.xtec.cat\/ceipmontoliu\/wp-json\/wp\/v2\/users\/1"}],"replies":[{"embeddable":true,"href":"https:\/\/agora.xtec.cat\/ceipmontoliu\/wp-json\/wp\/v2\/comments?post=2861"}],"version-history":[{"count":2,"href":"https:\/\/agora.xtec.cat\/ceipmontoliu\/wp-json\/wp\/v2\/posts\/2861\/revisions"}],"predecessor-version":[{"id":3091,"href":"https:\/\/agora.xtec.cat\/ceipmontoliu\/wp-json\/wp\/v2\/posts\/2861\/revisions\/3091"}],"wp:featuredmedia":[{"embeddable":true,"href":"https:\/\/agora.xtec.cat\/ceipmontoliu\/wp-json\/wp\/v2\/media\/2868"}],"wp:attachment":[{"href":"https:\/\/agora.xtec.cat\/ceipmontoliu\/wp-json\/wp\/v2\/media?parent=2861"}],"wp:term":[{"taxonomy":"category","embeddable":true,"href":"https:\/\/agora.xtec.cat\/ceipmontoliu\/wp-json\/wp\/v2\/categories?post=2861"},{"taxonomy":"post_tag","embeddable":true,"href":"https:\/\/agora.xtec.cat\/ceipmontoliu\/wp-json\/wp\/v2\/tags?post=2861"}],"curies":[{"name":"wp","href":"https:\/\/api.w.org\/{rel}","templated":true}]}}